{"id":42323,"date":"2025-04-07T10:20:31","date_gmt":"2025-04-07T10:20:31","guid":{"rendered":"https:\/\/ohme-ev.com\/pt\/?p=42323"},"modified":"2025-04-07T12:14:36","modified_gmt":"2025-04-07T12:14:36","slug":"incentivo-a-compra-de-veiculos-eletricos-2025","status":"publish","type":"post","link":"https:\/\/ohme-ev.com\/pt\/blog\/incentivo-a-compra-de-veiculos-eletricos-2025\/","title":{"rendered":"Incentivo \u00e0 Compra de Ve\u00edculos El\u00e9tricos 2025"},"content":{"rendered":"\n<p>In\u00edcio do Fundo Ambiental: O Fundo Ambiental, criado pelo Decreto-Lei n.\u00ba 42-A\/2016, de 12 de agosto, tem como objetivo apoiar pol\u00edticas ambientais e promover o desenvolvimento sustent\u00e1vel. Em 2025, o Fundo Ambiental inicia um novo ciclo de incentivos \u00e0 compra de ve\u00edculos el\u00e9tricos, refor\u00e7ando o compromisso com a mobilidade sustent\u00e1vel e a redu\u00e7\u00e3o de emiss\u00f5es de gases com efeito de estufa.<\/p>\n\n\n\n<h2 class=\"wp-block-heading\">Valor Dispon\u00edvel<\/h2>\n\n\n\n<p>Para 2025, o Fundo Ambiental disponibiliza uma verba total de 13,5 milh\u00f5es de euros para a aquisi\u00e7\u00e3o de ve\u00edculos ligeiros el\u00e9tricos de passageiros. Este montante \u00e9 dividido em v\u00e1rias tipologias de apoio, incluindo incentivos espec\u00edficos para pessoas singulares, institui\u00e7\u00f5es particulares de solidariedade social (IPSS), autarquias locais e autoridades de transporte.<\/p>\n\n\n\n<ul class=\"wp-block-list\">\n<li><strong>Validade:<\/strong> As candidaturas para os incentivos \u00e0 compra de ve\u00edculos el\u00e9tricos est\u00e3o abertas a partir do dia 31 de mar\u00e7o de 2025 e permanecem v\u00e1lidas por 45 dias corridos ou at\u00e9 que se esgote o n\u00famero de incentivos dispon\u00edveis. \u00c9 importante submeter a candidatura dentro deste per\u00edodo para garantir o acesso ao apoio.<\/li>\n\n\n\n<li><strong>Condi\u00e7\u00f5es de Acesso:<\/strong> Para beneficiar do incentivo, os interessados devem cumprir os seguintes requisitos.<\/li>\n\n\n\n<li><strong>Ve\u00edculos eleg\u00edveis:<\/strong> Apenas ve\u00edculos ligeiros de passageiros 100% el\u00e9tricos novos, adquiridos e matriculados a partir de 1 de janeiro de 2025.<\/li>\n<\/ul>\n\n\n\n<p><strong>Valor do ve\u00edculo:<\/strong> O pre\u00e7o do ve\u00edculo n\u00e3o pode exceder 38.500 euros (incluindo IVA) para ve\u00edculos at\u00e9 cinco lugares, ou 55.000 euros para ve\u00edculos com mais de cinco lugares.<\/p>\n\n\n\n<p><strong>Abate de ve\u00edculo antigo:<\/strong> \u00c9 obrigat\u00f3rio o abate de um ve\u00edculo a combust\u00edveis f\u00f3sseis com mais de 10 anos.<\/p>\n\n\n\n<p><strong>Documenta\u00e7\u00e3o necess\u00e1ria: <\/strong>Fatura e recibo de aquisi\u00e7\u00e3o, comprovativo de matr\u00edcula, comprovativo de abate do ve\u00edculo antigo, identifica\u00e7\u00e3o pessoal e comprovativos de situa\u00e7\u00e3o tribut\u00e1ria e contributiva regularizada.<\/p>\n\n\n\n<p>Aproveite esta oportunidade para contribuir para um futuro mais verde e sustent\u00e1vel, adquirindo um ve\u00edculo el\u00e9trico com o apoio do Fundo Ambiental. Juntos, podemos fazer a diferen\u00e7a!<\/p>\n\n\n<div id=\"\" class=\"blockWrapper top-default bottom-default   \">\n\n<div class=\"standalone-cta blockWrapper\">\n    <div class=\"contentWrapper\">\n        \n            <a href=\"https:\/\/ohme-ev.com\/pt\/carregamento-carros-electricos-ohme\/\" target=\"_self\" >\n            <button class=\"ohme-btn primary button\" title=\"\">Aproveite os incentivos com Ohme<\/button>\n        <\/a>\n        <\/div>\n<\/div>\n\n<\/div>","protected":false},"excerpt":{"rendered":"<p>In\u00edcio do Fundo Ambiental: O Fundo Ambiental, criado pelo Decreto-Lei n.\u00ba 42-A\/2016, de 12 de agosto, tem como objetivo apoiar pol\u00edticas ambientais e promover o desenvolvimento sustent\u00e1vel. Em 2025, o Fundo Ambiental inicia um novo ciclo de incentivos \u00e0 compra de ve\u00edculos el\u00e9tricos, refor\u00e7ando o compromisso com a mobilidade sustent\u00e1vel e a redu\u00e7\u00e3o de emiss\u00f5es [&hellip;]<\/p>\n","protected":false},"author":27,"featured_media":42324,"comment_status":"open","ping_status":"open","sticky":false,"template":"","format":"standard","meta":{"_acf_changed":true,"_helpful_status":1,"footnotes":""},"categories":[1],"tags":[],"class_list":["post-42323","post","type-post","status-publish","format-standard","has-post-thumbnail","hentry","category-uncategorized"],"acf":[],"yoast_head":"<!-- This site is optimized with the Yoast SEO Premium plugin v27.5 (Yoast SEO v27.5) - https:\/\/yoast.com\/product\/yoast-seo-premium-wordpress\/ -->\n<title>Incentivo \u00e0 Compra de Ve\u00edculos El\u00e9tricos 2025 - Ohme EV Portugal<\/title>\n<meta name=\"description\" content=\"Descubra como beneficiar do incentivo \u00e0 compra de ve\u00edculos el\u00e9tricos em 2025. Saiba como combinar estas vantagens.\" \/>\n<meta name=\"robots\" content=\"index, follow, max-snippet:-1, max-image-preview:large, max-video-preview:-1\" \/>\n<link rel=\"canonical\" href=\"https:\/\/ohme-ev.com\/pt\/blog\/incentivo-a-compra-de-veiculos-eletricos-2025\/\" \/>\n<meta property=\"og:locale\" content=\"pt_PT\" \/>\n<meta property=\"og:type\" content=\"article\" \/>\n<meta property=\"og:title\" content=\"Incentivo \u00e0 Compra de Ve\u00edculos El\u00e9tricos 2025\" \/>\n<meta property=\"og:description\" content=\"Descubra como beneficiar do incentivo \u00e0 compra de ve\u00edculos el\u00e9tricos em 2025. Saiba como combinar estas vantagens.\" \/>\n<meta property=\"og:url\" content=\"https:\/\/ohme-ev.com\/pt\/blog\/incentivo-a-compra-de-veiculos-eletricos-2025\/\" \/>\n<meta property=\"og:site_name\" content=\"Ohme EV Portugal\" \/>\n<meta property=\"article:publisher\" content=\"https:\/\/www.facebook.com\/OhmeEV\/\" \/>\n<meta property=\"article:published_time\" content=\"2025-04-07T10:20:31+00:00\" \/>\n<meta property=\"article:modified_time\" content=\"2025-04-07T12:14:36+00:00\" \/>\n<meta property=\"og:image\" content=\"https:\/\/ohme-ev.com\/pt\/wp-content\/uploads\/sites\/21\/2025\/04\/14OHME-2.webp\" \/>\n\t<meta property=\"og:image:width\" content=\"1537\" \/>\n\t<meta property=\"og:image:height\" content=\"1025\" \/>\n\t<meta property=\"og:image:type\" content=\"image\/webp\" \/>\n<meta name=\"author\" content=\"nicolopiazzalungaohme\" \/>\n<meta name=\"twitter:card\" content=\"summary_large_image\" \/>\n<meta name=\"twitter:creator\" content=\"@ohmeev\" \/>\n<meta name=\"twitter:site\" content=\"@ohmeev\" \/>\n<meta name=\"twitter:label1\" content=\"Written by\" \/>\n\t<meta name=\"twitter:data1\" content=\"nicolopiazzalungaohme\" \/>\n\t<meta name=\"twitter:label2\" content=\"Est. reading time\" \/>\n\t<meta name=\"twitter:data2\" content=\"2 minutes\" \/>\n<script type=\"application\/ld+json\" class=\"yoast-schema-graph\">{\"@context\":\"https:\\\/\\\/schema.org\",\"@graph\":[{\"@type\":\"Article\",\"@id\":\"https:\\\/\\\/ohme-ev.com\\\/pt\\\/blog\\\/incentivo-a-compra-de-veiculos-eletricos-2025\\\/#article\",\"isPartOf\":{\"@id\":\"https:\\\/\\\/ohme-ev.com\\\/pt\\\/blog\\\/incentivo-a-compra-de-veiculos-eletricos-2025\\\/\"},\"author\":{\"name\":\"nicolopiazzalungaohme\",\"@id\":\"https:\\\/\\\/ohme-ev.com\\\/pt\\\/#\\\/schema\\\/person\\\/9b2eb848bfd7d330a0a868c7b76b9c4b\"},\"headline\":\"Incentivo \u00e0 Compra de Ve\u00edculos El\u00e9tricos 2025\",\"datePublished\":\"2025-04-07T10:20:31+00:00\",\"dateModified\":\"2025-04-07T12:14:36+00:00\",\"mainEntityOfPage\":{\"@id\":\"https:\\\/\\\/ohme-ev.com\\\/pt\\\/blog\\\/incentivo-a-compra-de-veiculos-eletricos-2025\\\/\"},\"wordCount\":344,\"commentCount\":0,\"image\":{\"@id\":\"https:\\\/\\\/ohme-ev.com\\\/pt\\\/blog\\\/incentivo-a-compra-de-veiculos-eletricos-2025\\\/#primaryimage\"},\"thumbnailUrl\":\"https:\\\/\\\/ohme-ev.com\\\/pt\\\/wp-content\\\/uploads\\\/sites\\\/21\\\/2025\\\/04\\\/14OHME-2.webp\",\"inLanguage\":\"pt-pt\",\"potentialAction\":[{\"@type\":\"CommentAction\",\"name\":\"Comment\",\"target\":[\"https:\\\/\\\/ohme-ev.com\\\/pt\\\/blog\\\/incentivo-a-compra-de-veiculos-eletricos-2025\\\/#respond\"]}]},{\"@type\":\"WebPage\",\"@id\":\"https:\\\/\\\/ohme-ev.com\\\/pt\\\/blog\\\/incentivo-a-compra-de-veiculos-eletricos-2025\\\/\",\"url\":\"https:\\\/\\\/ohme-ev.com\\\/pt\\\/blog\\\/incentivo-a-compra-de-veiculos-eletricos-2025\\\/\",\"name\":\"Incentivo \u00e0 Compra de Ve\u00edculos El\u00e9tricos 2025 - Ohme EV Portugal\",\"isPartOf\":{\"@id\":\"https:\\\/\\\/ohme-ev.com\\\/pt\\\/#website\"},\"primaryImageOfPage\":{\"@id\":\"https:\\\/\\\/ohme-ev.com\\\/pt\\\/blog\\\/incentivo-a-compra-de-veiculos-eletricos-2025\\\/#primaryimage\"},\"image\":{\"@id\":\"https:\\\/\\\/ohme-ev.com\\\/pt\\\/blog\\\/incentivo-a-compra-de-veiculos-eletricos-2025\\\/#primaryimage\"},\"thumbnailUrl\":\"https:\\\/\\\/ohme-ev.com\\\/pt\\\/wp-content\\\/uploads\\\/sites\\\/21\\\/2025\\\/04\\\/14OHME-2.webp\",\"datePublished\":\"2025-04-07T10:20:31+00:00\",\"dateModified\":\"2025-04-07T12:14:36+00:00\",\"author\":{\"@id\":\"https:\\\/\\\/ohme-ev.com\\\/pt\\\/#\\\/schema\\\/person\\\/9b2eb848bfd7d330a0a868c7b76b9c4b\"},\"description\":\"Descubra como beneficiar do incentivo \u00e0 compra de ve\u00edculos el\u00e9tricos em 2025. Saiba como combinar estas vantagens.\",\"breadcrumb\":{\"@id\":\"https:\\\/\\\/ohme-ev.com\\\/pt\\\/blog\\\/incentivo-a-compra-de-veiculos-eletricos-2025\\\/#breadcrumb\"},\"inLanguage\":\"pt-pt\",\"potentialAction\":[{\"@type\":\"ReadAction\",\"target\":[\"https:\\\/\\\/ohme-ev.com\\\/pt\\\/blog\\\/incentivo-a-compra-de-veiculos-eletricos-2025\\\/\"]}]},{\"@type\":\"ImageObject\",\"inLanguage\":\"pt-pt\",\"@id\":\"https:\\\/\\\/ohme-ev.com\\\/pt\\\/blog\\\/incentivo-a-compra-de-veiculos-eletricos-2025\\\/#primaryimage\",\"url\":\"https:\\\/\\\/ohme-ev.com\\\/pt\\\/wp-content\\\/uploads\\\/sites\\\/21\\\/2025\\\/04\\\/14OHME-2.webp\",\"contentUrl\":\"https:\\\/\\\/ohme-ev.com\\\/pt\\\/wp-content\\\/uploads\\\/sites\\\/21\\\/2025\\\/04\\\/14OHME-2.webp\",\"width\":1537,\"height\":1025},{\"@type\":\"BreadcrumbList\",\"@id\":\"https:\\\/\\\/ohme-ev.com\\\/pt\\\/blog\\\/incentivo-a-compra-de-veiculos-eletricos-2025\\\/#breadcrumb\",\"itemListElement\":[{\"@type\":\"ListItem\",\"position\":1,\"name\":\"Home\",\"item\":\"https:\\\/\\\/ohme-ev.com\\\/pt\\\/\"},{\"@type\":\"ListItem\",\"position\":2,\"name\":\"Incentivo \u00e0 Compra de Ve\u00edculos El\u00e9tricos 2025\"}]},{\"@type\":\"WebSite\",\"@id\":\"https:\\\/\\\/ohme-ev.com\\\/pt\\\/#website\",\"url\":\"https:\\\/\\\/ohme-ev.com\\\/pt\\\/\",\"name\":\"Ohme EV Portugal\",\"description\":\"Ohme - EV Smart Charging Solutions\",\"potentialAction\":[{\"@type\":\"SearchAction\",\"target\":{\"@type\":\"EntryPoint\",\"urlTemplate\":\"https:\\\/\\\/ohme-ev.com\\\/pt\\\/?s={search_term_string}\"},\"query-input\":{\"@type\":\"PropertyValueSpecification\",\"valueRequired\":true,\"valueName\":\"search_term_string\"}}],\"inLanguage\":\"pt-pt\"},{\"@type\":\"Person\",\"@id\":\"https:\\\/\\\/ohme-ev.com\\\/pt\\\/#\\\/schema\\\/person\\\/9b2eb848bfd7d330a0a868c7b76b9c4b\",\"name\":\"nicolopiazzalungaohme\",\"image\":{\"@type\":\"ImageObject\",\"inLanguage\":\"pt-pt\",\"@id\":\"https:\\\/\\\/secure.gravatar.com\\\/avatar\\\/aca14cb23035af6f6af3f85045fa78e1b866966e6215b656bb8f5c6d5e7e730a?s=96&d=mm&r=g\",\"url\":\"https:\\\/\\\/secure.gravatar.com\\\/avatar\\\/aca14cb23035af6f6af3f85045fa78e1b866966e6215b656bb8f5c6d5e7e730a?s=96&d=mm&r=g\",\"contentUrl\":\"https:\\\/\\\/secure.gravatar.com\\\/avatar\\\/aca14cb23035af6f6af3f85045fa78e1b866966e6215b656bb8f5c6d5e7e730a?s=96&d=mm&r=g\",\"caption\":\"nicolopiazzalungaohme\"}}]}<\/script>\n<!-- \/ Yoast SEO Premium plugin. -->","yoast_head_json":{"title":"Incentivo \u00e0 Compra de Ve\u00edculos El\u00e9tricos 2025 - Ohme EV Portugal","description":"Descubra como beneficiar do incentivo \u00e0 compra de ve\u00edculos el\u00e9tricos em 2025. Saiba como combinar estas vantagens.","robots":{"index":"index","follow":"follow","max-snippet":"max-snippet:-1","max-image-preview":"max-image-preview:large","max-video-preview":"max-video-preview:-1"},"canonical":"https:\/\/ohme-ev.com\/pt\/blog\/incentivo-a-compra-de-veiculos-eletricos-2025\/","og_locale":"pt_PT","og_type":"article","og_title":"Incentivo \u00e0 Compra de Ve\u00edculos El\u00e9tricos 2025","og_description":"Descubra como beneficiar do incentivo \u00e0 compra de ve\u00edculos el\u00e9tricos em 2025. Saiba como combinar estas vantagens.","og_url":"https:\/\/ohme-ev.com\/pt\/blog\/incentivo-a-compra-de-veiculos-eletricos-2025\/","og_site_name":"Ohme EV Portugal","article_publisher":"https:\/\/www.facebook.com\/OhmeEV\/","article_published_time":"2025-04-07T10:20:31+00:00","article_modified_time":"2025-04-07T12:14:36+00:00","og_image":[{"width":1537,"height":1025,"url":"https:\/\/ohme-ev.com\/pt\/wp-content\/uploads\/sites\/21\/2025\/04\/14OHME-2.webp","type":"image\/webp"}],"author":"nicolopiazzalungaohme","twitter_card":"summary_large_image","twitter_creator":"@ohmeev","twitter_site":"@ohmeev","twitter_misc":{"Written by":"nicolopiazzalungaohme","Est. reading time":"2 minutes"},"schema":{"@context":"https:\/\/schema.org","@graph":[{"@type":"Article","@id":"https:\/\/ohme-ev.com\/pt\/blog\/incentivo-a-compra-de-veiculos-eletricos-2025\/#article","isPartOf":{"@id":"https:\/\/ohme-ev.com\/pt\/blog\/incentivo-a-compra-de-veiculos-eletricos-2025\/"},"author":{"name":"nicolopiazzalungaohme","@id":"https:\/\/ohme-ev.com\/pt\/#\/schema\/person\/9b2eb848bfd7d330a0a868c7b76b9c4b"},"headline":"Incentivo \u00e0 Compra de Ve\u00edculos El\u00e9tricos 2025","datePublished":"2025-04-07T10:20:31+00:00","dateModified":"2025-04-07T12:14:36+00:00","mainEntityOfPage":{"@id":"https:\/\/ohme-ev.com\/pt\/blog\/incentivo-a-compra-de-veiculos-eletricos-2025\/"},"wordCount":344,"commentCount":0,"image":{"@id":"https:\/\/ohme-ev.com\/pt\/blog\/incentivo-a-compra-de-veiculos-eletricos-2025\/#primaryimage"},"thumbnailUrl":"https:\/\/ohme-ev.com\/pt\/wp-content\/uploads\/sites\/21\/2025\/04\/14OHME-2.webp","inLanguage":"pt-pt","potentialAction":[{"@type":"CommentAction","name":"Comment","target":["https:\/\/ohme-ev.com\/pt\/blog\/incentivo-a-compra-de-veiculos-eletricos-2025\/#respond"]}]},{"@type":"WebPage","@id":"https:\/\/ohme-ev.com\/pt\/blog\/incentivo-a-compra-de-veiculos-eletricos-2025\/","url":"https:\/\/ohme-ev.com\/pt\/blog\/incentivo-a-compra-de-veiculos-eletricos-2025\/","name":"Incentivo \u00e0 Compra de Ve\u00edculos El\u00e9tricos 2025 - Ohme EV Portugal","isPartOf":{"@id":"https:\/\/ohme-ev.com\/pt\/#website"},"primaryImageOfPage":{"@id":"https:\/\/ohme-ev.com\/pt\/blog\/incentivo-a-compra-de-veiculos-eletricos-2025\/#primaryimage"},"image":{"@id":"https:\/\/ohme-ev.com\/pt\/blog\/incentivo-a-compra-de-veiculos-eletricos-2025\/#primaryimage"},"thumbnailUrl":"https:\/\/ohme-ev.com\/pt\/wp-content\/uploads\/sites\/21\/2025\/04\/14OHME-2.webp","datePublished":"2025-04-07T10:20:31+00:00","dateModified":"2025-04-07T12:14:36+00:00","author":{"@id":"https:\/\/ohme-ev.com\/pt\/#\/schema\/person\/9b2eb848bfd7d330a0a868c7b76b9c4b"},"description":"Descubra como beneficiar do incentivo \u00e0 compra de ve\u00edculos el\u00e9tricos em 2025. Saiba como combinar estas vantagens.","breadcrumb":{"@id":"https:\/\/ohme-ev.com\/pt\/blog\/incentivo-a-compra-de-veiculos-eletricos-2025\/#breadcrumb"},"inLanguage":"pt-pt","potentialAction":[{"@type":"ReadAction","target":["https:\/\/ohme-ev.com\/pt\/blog\/incentivo-a-compra-de-veiculos-eletricos-2025\/"]}]},{"@type":"ImageObject","inLanguage":"pt-pt","@id":"https:\/\/ohme-ev.com\/pt\/blog\/incentivo-a-compra-de-veiculos-eletricos-2025\/#primaryimage","url":"https:\/\/ohme-ev.com\/pt\/wp-content\/uploads\/sites\/21\/2025\/04\/14OHME-2.webp","contentUrl":"https:\/\/ohme-ev.com\/pt\/wp-content\/uploads\/sites\/21\/2025\/04\/14OHME-2.webp","width":1537,"height":1025},{"@type":"BreadcrumbList","@id":"https:\/\/ohme-ev.com\/pt\/blog\/incentivo-a-compra-de-veiculos-eletricos-2025\/#breadcrumb","itemListElement":[{"@type":"ListItem","position":1,"name":"Home","item":"https:\/\/ohme-ev.com\/pt\/"},{"@type":"ListItem","position":2,"name":"Incentivo \u00e0 Compra de Ve\u00edculos El\u00e9tricos 2025"}]},{"@type":"WebSite","@id":"https:\/\/ohme-ev.com\/pt\/#website","url":"https:\/\/ohme-ev.com\/pt\/","name":"Ohme EV Portugal","description":"Ohme - EV Smart Charging Solutions","potentialAction":[{"@type":"SearchAction","target":{"@type":"EntryPoint","urlTemplate":"https:\/\/ohme-ev.com\/pt\/?s={search_term_string}"},"query-input":{"@type":"PropertyValueSpecification","valueRequired":true,"valueName":"search_term_string"}}],"inLanguage":"pt-pt"},{"@type":"Person","@id":"https:\/\/ohme-ev.com\/pt\/#\/schema\/person\/9b2eb848bfd7d330a0a868c7b76b9c4b","name":"nicolopiazzalungaohme","image":{"@type":"ImageObject","inLanguage":"pt-pt","@id":"https:\/\/secure.gravatar.com\/avatar\/aca14cb23035af6f6af3f85045fa78e1b866966e6215b656bb8f5c6d5e7e730a?s=96&d=mm&r=g","url":"https:\/\/secure.gravatar.com\/avatar\/aca14cb23035af6f6af3f85045fa78e1b866966e6215b656bb8f5c6d5e7e730a?s=96&d=mm&r=g","contentUrl":"https:\/\/secure.gravatar.com\/avatar\/aca14cb23035af6f6af3f85045fa78e1b866966e6215b656bb8f5c6d5e7e730a?s=96&d=mm&r=g","caption":"nicolopiazzalungaohme"}}]}},"_links":{"self":[{"href":"https:\/\/ohme-ev.com\/pt\/wp-json\/wp\/v2\/posts\/42323","targetHints":{"allow":["GET"]}}],"collection":[{"href":"https:\/\/ohme-ev.com\/pt\/wp-json\/wp\/v2\/posts"}],"about":[{"href":"https:\/\/ohme-ev.com\/pt\/wp-json\/wp\/v2\/types\/post"}],"author":[{"embeddable":true,"href":"https:\/\/ohme-ev.com\/pt\/wp-json\/wp\/v2\/users\/27"}],"replies":[{"embeddable":true,"href":"https:\/\/ohme-ev.com\/pt\/wp-json\/wp\/v2\/comments?post=42323"}],"version-history":[{"count":0,"href":"https:\/\/ohme-ev.com\/pt\/wp-json\/wp\/v2\/posts\/42323\/revisions"}],"wp:featuredmedia":[{"embeddable":true,"href":"https:\/\/ohme-ev.com\/pt\/wp-json\/wp\/v2\/media\/42324"}],"wp:attachment":[{"href":"https:\/\/ohme-ev.com\/pt\/wp-json\/wp\/v2\/media?parent=42323"}],"wp:term":[{"taxonomy":"category","embeddable":true,"href":"https:\/\/ohme-ev.com\/pt\/wp-json\/wp\/v2\/categories?post=42323"},{"taxonomy":"post_tag","embeddable":true,"href":"https:\/\/ohme-ev.com\/pt\/wp-json\/wp\/v2\/tags?post=42323"}],"curies":[{"name":"wp","href":"https:\/\/api.w.org\/{rel}","templated":true}]}}