{"id":44745,"date":"2026-02-20T09:05:01","date_gmt":"2026-02-20T09:05:01","guid":{"rendered":"https:\/\/ohme-ev.com\/it\/?p=44745"},"modified":"2026-02-20T09:21:19","modified_gmt":"2026-02-20T09:21:19","slug":"un-intervista-con-c2system-sulla-mobilita-elettrica-in-italia","status":"publish","type":"post","link":"https:\/\/ohme-ev.com\/it\/blog\/un-intervista-con-c2system-sulla-mobilita-elettrica-in-italia\/","title":{"rendered":"Intervista con C2 System sulla mobilit\u00e0 elettrica in Italia"},"content":{"rendered":"\n<p>La transizione verso la mobilit\u00e0 elettrica in Italia passa anche e soprattutto dalle competenze delle persone che operano ogni giorno sul campo.<br>In questa intervista abbiamo parlato con Giorgio Zaupa, Chief Strategy Officer di <a href=\"https:\/\/www.c2system.it\/\">C2 System<\/a>, per approfondire il suo percorso professionale, la sua visione sul mercato della ricarica e il ruolo strategico dell\u2019integrazione tra fotovoltaico e mobilit\u00e0 elettrica.<\/p>\n\n\n\n<h2 class=\"wp-block-heading\" id=\"h-un-percorso-iniziato-in-anticipo-sui-tempi\"><strong>Un percorso iniziato in anticipo sui tempi<\/strong><\/h2>\n\n\n\n<p>Il percorso professionale di Giorgio Zaupa affonda le radici molto prima dell\u2019attuale diffusione della mobilit\u00e0 elettrica.<br>Dopo una formazione in elettronica e un indirizzo gestionale svolto in Svizzera, Giorgio avvia la sua carriera nei primi anni 2000 nel settore automotive, partecipando allo sviluppo di progetti legati alle prime auto elettriche.<\/p>\n\n\n\n<p>Da quel momento, il suo cammino resta strettamente legato al mondo delle rinnovabili, maturando un\u2019esperienza che lo porta oggi a ricoprire un ruolo strategico all\u2019interno di C2 System. Un settore che, se inizialmente era considerato di nicchia, oggi sta vivendo una nuova accelerazione grazie a fattori macroeconomici, direttive europee e politiche di decarbonizzazione.<\/p>\n\n\n\n<h2 class=\"wp-block-heading\" id=\"h-il-mercato-italiano-della-mobilita-elettrica\"><strong>Il mercato italiano della mobilit\u00e0 elettrica<\/strong><\/h2>\n\n\n\n<p>Il mercato dell\u2019auto elettrica in Italia \u00e8 ancora in una fase di consolidamento. La crescita procede spesso \u201ca singhiozzo\u201d, fortemente influenzata dalla presenza o meno di incentivi statali. Tuttavia, secondo C2 System, il vero punto di svolta arriver\u00e0 con l\u2019aumento delle installazioni aziendali e con una maggiore integrazione dei principi ESG, che molte imprese dovranno necessariamente adottare nei prossimi anni.<\/p>\n\n\n\n<p>Attualmente, l\u2019azienda installa in media circa cinque wallbox al mese, prevalentemente in abbinamento a impianti fotovoltaici, oltre ai dispositivi distribuiti tramite canali indiretti.<\/p>\n\n\n\n<h2 class=\"wp-block-heading\" id=\"h-fotovoltaico-e-ricarica-una-sinergia-strategica\"><strong><strong><strong>Fotovoltaico e ricarica: una sinergia strategica<\/strong><\/strong><\/strong><\/h2>\n\n\n\n<p>Uno dei temi centrali emersi dall\u2019intervista \u00e8 la perfetta sinergia tra impianti fotovoltaici e infrastrutture di ricarica. Integrare le due soluzioni consente di ottimizzare l\u2019autoconsumo energetico e, in alcuni casi, di ridurre la necessit\u00e0 di sistemi di accumulo pi\u00f9 potenti, ottenendo il massimo rendimento con un investimento pi\u00f9 contenuto.<\/p>\n\n\n\n<p>Una logica che guarda non solo all\u2019efficienza energetica, ma anche alla sostenibilit\u00e0 economica dell\u2019impianto nel lungo periodo.<\/p>\n\n\n\n<h2 class=\"wp-block-heading\" id=\"h-perche-ohme-competenza-affidabilita-e-visione\"><strong><strong><strong><strong>Perch\u00e8 Ohme: competenza, affidabilit\u00e0 e visione<\/strong><\/strong><\/strong><\/strong><\/h2>\n\n\n\n<p>La scelta di proporre le soluzioni Ohme nasce da un rapporto di fiducia costruito nel tempo. La conoscenza diretta del team e delle competenze tecniche ha portato C2 System a scegliere Ohme come partner esclusivo, riconoscendone l\u2019approccio strutturato e orientato alla qualit\u00e0.<\/p>\n\n\n\n<p>Tra le caratteristiche pi\u00f9 apprezzate dei caricabatterie Ohme emergono:<\/p>\n\n\n\n<ul class=\"wp-block-list\">\n<li>la ricarica intelligente, fondamentale soprattutto negli impianti monofase;<\/li>\n\n\n\n<li>le funzionalit\u00e0 avanzate dell\u2019app, come l\u2019inserimento del modello dell\u2019auto e le impostazioni di carica<\/li>\n\n\n\n<li>la semplicit\u00e0 di installazione e commissioning<\/li>\n\n\n\n<li>un servizio di assistenza rapido e affidabile a livello internazionale.<\/li>\n<\/ul>\n\n\n\n<p>Un aspetto particolarmente significativo riguarda l\u2019affidabilit\u00e0: ad oggi, C2 System non ha riscontrato la necessit\u00e0 di interventi post-installazione, a conferma della solidit\u00e0 della soluzione.<\/p>\n\n\n\n<h2 class=\"wp-block-heading\" id=\"h-uno-sguardo-al-futuro\"><strong>Uno sguardo al futuro <\/strong><\/h2>\n\n\n\n<p>Secondo C2 System, il mercato italiano deve ancora completare un processo di maturazione culturale. Sar\u00e0 la combinazione di maggiore consapevolezza, incentivi mirati e politiche di decarbonizzazione a determinare la vera accelerazione del settore.<\/p>\n\n\n\n<p>Per gli installatori che stanno valutando di entrare nel mondo della mobilit\u00e0 elettrica, il consiglio \u00e8 chiaro: scegliere partner capaci di crescere mantenendo una struttura verticale e un controllo completo dei processi, dalla consulenza al post-vendita.<\/p>\n\n\n\n<p>Per <a href=\"https:\/\/www.c2system.it\/\">C2 System<\/a> Ohme \u00e8 una soluzione che non ha bisogno di essere \u201cspinta\u201d: \u00e8 un prodotto che si lascia scegliere, grazie al lavoro svolto e al valore concreto che offre a installatori e clienti finali.<\/p>\n\n\n<div id=\"\" class=\"blockWrapper top-default bottom-default   \">\n\n<div class=\"standalone-cta blockWrapper\">\n    <div class=\"contentWrapper\">\n        \n            <a href=\"https:\/\/ohme-ev.com\/it\/colonnine-ricarica-auto-casa\/\" target=\"_self\" >\n            <button class=\"ohme-btn primary button\" title=\"\">Scopri le nostre soluzioni<\/button>\n        <\/a>\n        <\/div>\n<\/div>\n\n<\/div>\n\n<div id=\"\" class=\"blockWrapper top-default bottom-default   \">\n\n<div class=\"standalone-cta blockWrapper\">\n    <div class=\"contentWrapper\">\n        \n    <\/div>\n<\/div>\n\n<\/div>","protected":false},"excerpt":{"rendered":"<p>La transizione verso la mobilit\u00e0 elettrica in Italia passa anche e soprattutto dalle competenze delle persone che operano ogni giorno sul campo.In questa intervista abbiamo parlato con Giorgio Zaupa, Chief Strategy Officer di C2 System, per approfondire il suo percorso professionale, la sua visione sul mercato della ricarica e il ruolo strategico dell\u2019integrazione tra fotovoltaico [&hellip;]<\/p>\n","protected":false},"author":27,"featured_media":44750,"comment_status":"open","ping_status":"open","sticky":false,"template":"","format":"standard","meta":{"_acf_changed":true,"_helpful_status":1,"footnotes":""},"categories":[1],"tags":[],"class_list":["post-44745","post","type-post","status-publish","format-standard","has-post-thumbnail","hentry","category-uncategorized"],"acf":[],"yoast_head":"<!-- This site is optimized with the Yoast SEO Premium plugin v27.4 (Yoast SEO v27.4) - https:\/\/yoast.com\/product\/yoast-seo-premium-wordpress\/ -->\n<title>Intervista con C2 System sulla mobilit\u00e0 elettrica in Italia | Ohme Italia<\/title>\n<meta name=\"description\" content=\"Mobilit\u00e0 elettrica in Italia: visione, competenze e integrazione energetica nell\u2019intervista a Giorgio Zaupa di C2 System.\" \/>\n<meta name=\"robots\" content=\"index, follow, max-snippet:-1, max-image-preview:large, max-video-preview:-1\" \/>\n<link rel=\"canonical\" href=\"https:\/\/ohme-ev.com\/it\/blog\/un-intervista-con-c2system-sulla-mobilita-elettrica-in-italia\/\" \/>\n<meta property=\"og:locale\" content=\"it_IT\" \/>\n<meta property=\"og:type\" content=\"article\" \/>\n<meta property=\"og:title\" content=\"Intervista con C2 System sulla mobilit\u00e0 elettrica in Italia\" \/>\n<meta property=\"og:description\" content=\"Mobilit\u00e0 elettrica in Italia: visione, competenze e integrazione energetica nell\u2019intervista a Giorgio Zaupa di C2 System.\" \/>\n<meta property=\"og:url\" content=\"https:\/\/ohme-ev.com\/it\/blog\/un-intervista-con-c2system-sulla-mobilita-elettrica-in-italia\/\" \/>\n<meta property=\"og:site_name\" content=\"Ohme EV Italia\" \/>\n<meta property=\"article:publisher\" content=\"https:\/\/www.facebook.com\/OhmeEV\/\" \/>\n<meta property=\"article:published_time\" content=\"2026-02-20T09:05:01+00:00\" \/>\n<meta property=\"article:modified_time\" content=\"2026-02-20T09:21:19+00:00\" \/>\n<meta property=\"og:image\" content=\"https:\/\/ohme-ev.com\/it\/wp-content\/uploads\/sites\/18\/2026\/02\/Untitled-87.webp\" \/>\n\t<meta property=\"og:image:width\" content=\"1200\" \/>\n\t<meta property=\"og:image:height\" content=\"628\" \/>\n\t<meta property=\"og:image:type\" content=\"image\/webp\" \/>\n<meta name=\"author\" content=\"nicolopiazzalungaohme\" \/>\n<meta name=\"twitter:card\" content=\"summary_large_image\" \/>\n<meta name=\"twitter:creator\" content=\"@ohmeev\" \/>\n<meta name=\"twitter:site\" content=\"@ohmeev\" \/>\n<meta name=\"twitter:label1\" content=\"Written by\" \/>\n\t<meta name=\"twitter:data1\" content=\"nicolopiazzalungaohme\" \/>\n\t<meta name=\"twitter:label2\" content=\"Est. reading time\" \/>\n\t<meta name=\"twitter:data2\" content=\"3 minutes\" \/>\n<script type=\"application\/ld+json\" class=\"yoast-schema-graph\">{\"@context\":\"https:\\\/\\\/schema.org\",\"@graph\":[{\"@type\":\"Article\",\"@id\":\"https:\\\/\\\/ohme-ev.com\\\/it\\\/blog\\\/un-intervista-con-c2system-sulla-mobilita-elettrica-in-italia\\\/#article\",\"isPartOf\":{\"@id\":\"https:\\\/\\\/ohme-ev.com\\\/it\\\/blog\\\/un-intervista-con-c2system-sulla-mobilita-elettrica-in-italia\\\/\"},\"author\":{\"name\":\"nicolopiazzalungaohme\",\"@id\":\"https:\\\/\\\/ohme-ev.com\\\/it\\\/#\\\/schema\\\/person\\\/9b2eb848bfd7d330a0a868c7b76b9c4b\"},\"headline\":\"Intervista con C2 System sulla mobilit\u00e0 elettrica in Italia\",\"datePublished\":\"2026-02-20T09:05:01+00:00\",\"dateModified\":\"2026-02-20T09:21:19+00:00\",\"mainEntityOfPage\":{\"@id\":\"https:\\\/\\\/ohme-ev.com\\\/it\\\/blog\\\/un-intervista-con-c2system-sulla-mobilita-elettrica-in-italia\\\/\"},\"wordCount\":577,\"commentCount\":0,\"publisher\":{\"@id\":\"https:\\\/\\\/ohme-ev.com\\\/it\\\/#organization\"},\"image\":{\"@id\":\"https:\\\/\\\/ohme-ev.com\\\/it\\\/blog\\\/un-intervista-con-c2system-sulla-mobilita-elettrica-in-italia\\\/#primaryimage\"},\"thumbnailUrl\":\"https:\\\/\\\/ohme-ev.com\\\/it\\\/wp-content\\\/uploads\\\/sites\\\/18\\\/2026\\\/02\\\/Untitled-87.webp\",\"inLanguage\":\"it-it\",\"potentialAction\":[{\"@type\":\"CommentAction\",\"name\":\"Comment\",\"target\":[\"https:\\\/\\\/ohme-ev.com\\\/it\\\/blog\\\/un-intervista-con-c2system-sulla-mobilita-elettrica-in-italia\\\/#respond\"]}]},{\"@type\":\"WebPage\",\"@id\":\"https:\\\/\\\/ohme-ev.com\\\/it\\\/blog\\\/un-intervista-con-c2system-sulla-mobilita-elettrica-in-italia\\\/\",\"url\":\"https:\\\/\\\/ohme-ev.com\\\/it\\\/blog\\\/un-intervista-con-c2system-sulla-mobilita-elettrica-in-italia\\\/\",\"name\":\"Intervista con C2 System sulla mobilit\u00e0 elettrica in Italia | Ohme Italia\",\"isPartOf\":{\"@id\":\"https:\\\/\\\/ohme-ev.com\\\/it\\\/#website\"},\"primaryImageOfPage\":{\"@id\":\"https:\\\/\\\/ohme-ev.com\\\/it\\\/blog\\\/un-intervista-con-c2system-sulla-mobilita-elettrica-in-italia\\\/#primaryimage\"},\"image\":{\"@id\":\"https:\\\/\\\/ohme-ev.com\\\/it\\\/blog\\\/un-intervista-con-c2system-sulla-mobilita-elettrica-in-italia\\\/#primaryimage\"},\"thumbnailUrl\":\"https:\\\/\\\/ohme-ev.com\\\/it\\\/wp-content\\\/uploads\\\/sites\\\/18\\\/2026\\\/02\\\/Untitled-87.webp\",\"datePublished\":\"2026-02-20T09:05:01+00:00\",\"dateModified\":\"2026-02-20T09:21:19+00:00\",\"description\":\"Mobilit\u00e0 elettrica in Italia: visione, competenze e integrazione energetica nell\u2019intervista a Giorgio Zaupa di C2 System.\",\"breadcrumb\":{\"@id\":\"https:\\\/\\\/ohme-ev.com\\\/it\\\/blog\\\/un-intervista-con-c2system-sulla-mobilita-elettrica-in-italia\\\/#breadcrumb\"},\"inLanguage\":\"it-it\",\"potentialAction\":[{\"@type\":\"ReadAction\",\"target\":[\"https:\\\/\\\/ohme-ev.com\\\/it\\\/blog\\\/un-intervista-con-c2system-sulla-mobilita-elettrica-in-italia\\\/\"]}]},{\"@type\":\"ImageObject\",\"inLanguage\":\"it-it\",\"@id\":\"https:\\\/\\\/ohme-ev.com\\\/it\\\/blog\\\/un-intervista-con-c2system-sulla-mobilita-elettrica-in-italia\\\/#primaryimage\",\"url\":\"https:\\\/\\\/ohme-ev.com\\\/it\\\/wp-content\\\/uploads\\\/sites\\\/18\\\/2026\\\/02\\\/Untitled-87.webp\",\"contentUrl\":\"https:\\\/\\\/ohme-ev.com\\\/it\\\/wp-content\\\/uploads\\\/sites\\\/18\\\/2026\\\/02\\\/Untitled-87.webp\",\"width\":1200,\"height\":628},{\"@type\":\"BreadcrumbList\",\"@id\":\"https:\\\/\\\/ohme-ev.com\\\/it\\\/blog\\\/un-intervista-con-c2system-sulla-mobilita-elettrica-in-italia\\\/#breadcrumb\",\"itemListElement\":[{\"@type\":\"ListItem\",\"position\":1,\"name\":\"Home\",\"item\":\"https:\\\/\\\/ohme-ev.com\\\/it\\\/\"},{\"@type\":\"ListItem\",\"position\":2,\"name\":\"Intervista con C2 System sulla mobilit\u00e0 elettrica in Italia\"}]},{\"@type\":\"WebSite\",\"@id\":\"https:\\\/\\\/ohme-ev.com\\\/it\\\/#website\",\"url\":\"https:\\\/\\\/ohme-ev.com\\\/it\\\/\",\"name\":\"Ohme Italia\",\"description\":\"Ohme - EV Smart Charging Solutions\",\"publisher\":{\"@id\":\"https:\\\/\\\/ohme-ev.com\\\/it\\\/#organization\"},\"potentialAction\":[{\"@type\":\"SearchAction\",\"target\":{\"@type\":\"EntryPoint\",\"urlTemplate\":\"https:\\\/\\\/ohme-ev.com\\\/it\\\/?s={search_term_string}\"},\"query-input\":{\"@type\":\"PropertyValueSpecification\",\"valueRequired\":true,\"valueName\":\"search_term_string\"}}],\"inLanguage\":\"it-it\"},{\"@type\":\"Organization\",\"@id\":\"https:\\\/\\\/ohme-ev.com\\\/it\\\/#organization\",\"name\":\"Ohme Italia\",\"url\":\"https:\\\/\\\/ohme-ev.com\\\/it\\\/\",\"logo\":{\"@type\":\"ImageObject\",\"inLanguage\":\"it-it\",\"@id\":\"https:\\\/\\\/ohme-ev.com\\\/it\\\/#\\\/schema\\\/logo\\\/image\\\/\",\"url\":\"https:\\\/\\\/ohme-ev.com\\\/it\\\/wp-content\\\/uploads\\\/sites\\\/18\\\/2024\\\/01\\\/cropped-New-favicon.png\",\"contentUrl\":\"https:\\\/\\\/ohme-ev.com\\\/it\\\/wp-content\\\/uploads\\\/sites\\\/18\\\/2024\\\/01\\\/cropped-New-favicon.png\",\"width\":512,\"height\":512,\"caption\":\"Ohme Italia\"},\"image\":{\"@id\":\"https:\\\/\\\/ohme-ev.com\\\/it\\\/#\\\/schema\\\/logo\\\/image\\\/\"},\"sameAs\":[\"https:\\\/\\\/www.facebook.com\\\/OhmeEV\\\/\",\"https:\\\/\\\/x.com\\\/ohmeev\"]},{\"@type\":\"Person\",\"@id\":\"https:\\\/\\\/ohme-ev.com\\\/it\\\/#\\\/schema\\\/person\\\/9b2eb848bfd7d330a0a868c7b76b9c4b\",\"name\":\"nicolopiazzalungaohme\",\"image\":{\"@type\":\"ImageObject\",\"inLanguage\":\"it-it\",\"@id\":\"https:\\\/\\\/secure.gravatar.com\\\/avatar\\\/aca14cb23035af6f6af3f85045fa78e1b866966e6215b656bb8f5c6d5e7e730a?s=96&d=mm&r=g\",\"url\":\"https:\\\/\\\/secure.gravatar.com\\\/avatar\\\/aca14cb23035af6f6af3f85045fa78e1b866966e6215b656bb8f5c6d5e7e730a?s=96&d=mm&r=g\",\"contentUrl\":\"https:\\\/\\\/secure.gravatar.com\\\/avatar\\\/aca14cb23035af6f6af3f85045fa78e1b866966e6215b656bb8f5c6d5e7e730a?s=96&d=mm&r=g\",\"caption\":\"nicolopiazzalungaohme\"}}]}<\/script>\n<!-- \/ Yoast SEO Premium plugin. -->","yoast_head_json":{"title":"Intervista con C2 System sulla mobilit\u00e0 elettrica in Italia | Ohme Italia","description":"Mobilit\u00e0 elettrica in Italia: visione, competenze e integrazione energetica nell\u2019intervista a Giorgio Zaupa di C2 System.","robots":{"index":"index","follow":"follow","max-snippet":"max-snippet:-1","max-image-preview":"max-image-preview:large","max-video-preview":"max-video-preview:-1"},"canonical":"https:\/\/ohme-ev.com\/it\/blog\/un-intervista-con-c2system-sulla-mobilita-elettrica-in-italia\/","og_locale":"it_IT","og_type":"article","og_title":"Intervista con C2 System sulla mobilit\u00e0 elettrica in Italia","og_description":"Mobilit\u00e0 elettrica in Italia: visione, competenze e integrazione energetica nell\u2019intervista a Giorgio Zaupa di C2 System.","og_url":"https:\/\/ohme-ev.com\/it\/blog\/un-intervista-con-c2system-sulla-mobilita-elettrica-in-italia\/","og_site_name":"Ohme EV Italia","article_publisher":"https:\/\/www.facebook.com\/OhmeEV\/","article_published_time":"2026-02-20T09:05:01+00:00","article_modified_time":"2026-02-20T09:21:19+00:00","og_image":[{"width":1200,"height":628,"url":"https:\/\/ohme-ev.com\/it\/wp-content\/uploads\/sites\/18\/2026\/02\/Untitled-87.webp","type":"image\/webp"}],"author":"nicolopiazzalungaohme","twitter_card":"summary_large_image","twitter_creator":"@ohmeev","twitter_site":"@ohmeev","twitter_misc":{"Written by":"nicolopiazzalungaohme","Est. reading time":"3 minutes"},"schema":{"@context":"https:\/\/schema.org","@graph":[{"@type":"Article","@id":"https:\/\/ohme-ev.com\/it\/blog\/un-intervista-con-c2system-sulla-mobilita-elettrica-in-italia\/#article","isPartOf":{"@id":"https:\/\/ohme-ev.com\/it\/blog\/un-intervista-con-c2system-sulla-mobilita-elettrica-in-italia\/"},"author":{"name":"nicolopiazzalungaohme","@id":"https:\/\/ohme-ev.com\/it\/#\/schema\/person\/9b2eb848bfd7d330a0a868c7b76b9c4b"},"headline":"Intervista con C2 System sulla mobilit\u00e0 elettrica in Italia","datePublished":"2026-02-20T09:05:01+00:00","dateModified":"2026-02-20T09:21:19+00:00","mainEntityOfPage":{"@id":"https:\/\/ohme-ev.com\/it\/blog\/un-intervista-con-c2system-sulla-mobilita-elettrica-in-italia\/"},"wordCount":577,"commentCount":0,"publisher":{"@id":"https:\/\/ohme-ev.com\/it\/#organization"},"image":{"@id":"https:\/\/ohme-ev.com\/it\/blog\/un-intervista-con-c2system-sulla-mobilita-elettrica-in-italia\/#primaryimage"},"thumbnailUrl":"https:\/\/ohme-ev.com\/it\/wp-content\/uploads\/sites\/18\/2026\/02\/Untitled-87.webp","inLanguage":"it-it","potentialAction":[{"@type":"CommentAction","name":"Comment","target":["https:\/\/ohme-ev.com\/it\/blog\/un-intervista-con-c2system-sulla-mobilita-elettrica-in-italia\/#respond"]}]},{"@type":"WebPage","@id":"https:\/\/ohme-ev.com\/it\/blog\/un-intervista-con-c2system-sulla-mobilita-elettrica-in-italia\/","url":"https:\/\/ohme-ev.com\/it\/blog\/un-intervista-con-c2system-sulla-mobilita-elettrica-in-italia\/","name":"Intervista con C2 System sulla mobilit\u00e0 elettrica in Italia | Ohme Italia","isPartOf":{"@id":"https:\/\/ohme-ev.com\/it\/#website"},"primaryImageOfPage":{"@id":"https:\/\/ohme-ev.com\/it\/blog\/un-intervista-con-c2system-sulla-mobilita-elettrica-in-italia\/#primaryimage"},"image":{"@id":"https:\/\/ohme-ev.com\/it\/blog\/un-intervista-con-c2system-sulla-mobilita-elettrica-in-italia\/#primaryimage"},"thumbnailUrl":"https:\/\/ohme-ev.com\/it\/wp-content\/uploads\/sites\/18\/2026\/02\/Untitled-87.webp","datePublished":"2026-02-20T09:05:01+00:00","dateModified":"2026-02-20T09:21:19+00:00","description":"Mobilit\u00e0 elettrica in Italia: visione, competenze e integrazione energetica nell\u2019intervista a Giorgio Zaupa di C2 System.","breadcrumb":{"@id":"https:\/\/ohme-ev.com\/it\/blog\/un-intervista-con-c2system-sulla-mobilita-elettrica-in-italia\/#breadcrumb"},"inLanguage":"it-it","potentialAction":[{"@type":"ReadAction","target":["https:\/\/ohme-ev.com\/it\/blog\/un-intervista-con-c2system-sulla-mobilita-elettrica-in-italia\/"]}]},{"@type":"ImageObject","inLanguage":"it-it","@id":"https:\/\/ohme-ev.com\/it\/blog\/un-intervista-con-c2system-sulla-mobilita-elettrica-in-italia\/#primaryimage","url":"https:\/\/ohme-ev.com\/it\/wp-content\/uploads\/sites\/18\/2026\/02\/Untitled-87.webp","contentUrl":"https:\/\/ohme-ev.com\/it\/wp-content\/uploads\/sites\/18\/2026\/02\/Untitled-87.webp","width":1200,"height":628},{"@type":"BreadcrumbList","@id":"https:\/\/ohme-ev.com\/it\/blog\/un-intervista-con-c2system-sulla-mobilita-elettrica-in-italia\/#breadcrumb","itemListElement":[{"@type":"ListItem","position":1,"name":"Home","item":"https:\/\/ohme-ev.com\/it\/"},{"@type":"ListItem","position":2,"name":"Intervista con C2 System sulla mobilit\u00e0 elettrica in Italia"}]},{"@type":"WebSite","@id":"https:\/\/ohme-ev.com\/it\/#website","url":"https:\/\/ohme-ev.com\/it\/","name":"Ohme Italia","description":"Ohme - EV Smart Charging Solutions","publisher":{"@id":"https:\/\/ohme-ev.com\/it\/#organization"},"potentialAction":[{"@type":"SearchAction","target":{"@type":"EntryPoint","urlTemplate":"https:\/\/ohme-ev.com\/it\/?s={search_term_string}"},"query-input":{"@type":"PropertyValueSpecification","valueRequired":true,"valueName":"search_term_string"}}],"inLanguage":"it-it"},{"@type":"Organization","@id":"https:\/\/ohme-ev.com\/it\/#organization","name":"Ohme Italia","url":"https:\/\/ohme-ev.com\/it\/","logo":{"@type":"ImageObject","inLanguage":"it-it","@id":"https:\/\/ohme-ev.com\/it\/#\/schema\/logo\/image\/","url":"https:\/\/ohme-ev.com\/it\/wp-content\/uploads\/sites\/18\/2024\/01\/cropped-New-favicon.png","contentUrl":"https:\/\/ohme-ev.com\/it\/wp-content\/uploads\/sites\/18\/2024\/01\/cropped-New-favicon.png","width":512,"height":512,"caption":"Ohme Italia"},"image":{"@id":"https:\/\/ohme-ev.com\/it\/#\/schema\/logo\/image\/"},"sameAs":["https:\/\/www.facebook.com\/OhmeEV\/","https:\/\/x.com\/ohmeev"]},{"@type":"Person","@id":"https:\/\/ohme-ev.com\/it\/#\/schema\/person\/9b2eb848bfd7d330a0a868c7b76b9c4b","name":"nicolopiazzalungaohme","image":{"@type":"ImageObject","inLanguage":"it-it","@id":"https:\/\/secure.gravatar.com\/avatar\/aca14cb23035af6f6af3f85045fa78e1b866966e6215b656bb8f5c6d5e7e730a?s=96&d=mm&r=g","url":"https:\/\/secure.gravatar.com\/avatar\/aca14cb23035af6f6af3f85045fa78e1b866966e6215b656bb8f5c6d5e7e730a?s=96&d=mm&r=g","contentUrl":"https:\/\/secure.gravatar.com\/avatar\/aca14cb23035af6f6af3f85045fa78e1b866966e6215b656bb8f5c6d5e7e730a?s=96&d=mm&r=g","caption":"nicolopiazzalungaohme"}}]}},"_links":{"self":[{"href":"https:\/\/ohme-ev.com\/it\/wp-json\/wp\/v2\/posts\/44745","targetHints":{"allow":["GET"]}}],"collection":[{"href":"https:\/\/ohme-ev.com\/it\/wp-json\/wp\/v2\/posts"}],"about":[{"href":"https:\/\/ohme-ev.com\/it\/wp-json\/wp\/v2\/types\/post"}],"author":[{"embeddable":true,"href":"https:\/\/ohme-ev.com\/it\/wp-json\/wp\/v2\/users\/27"}],"replies":[{"embeddable":true,"href":"https:\/\/ohme-ev.com\/it\/wp-json\/wp\/v2\/comments?post=44745"}],"version-history":[{"count":0,"href":"https:\/\/ohme-ev.com\/it\/wp-json\/wp\/v2\/posts\/44745\/revisions"}],"wp:featuredmedia":[{"embeddable":true,"href":"https:\/\/ohme-ev.com\/it\/wp-json\/wp\/v2\/media\/44750"}],"wp:attachment":[{"href":"https:\/\/ohme-ev.com\/it\/wp-json\/wp\/v2\/media?parent=44745"}],"wp:term":[{"taxonomy":"category","embeddable":true,"href":"https:\/\/ohme-ev.com\/it\/wp-json\/wp\/v2\/categories?post=44745"},{"taxonomy":"post_tag","embeddable":true,"href":"https:\/\/ohme-ev.com\/it\/wp-json\/wp\/v2\/tags?post=44745"}],"curies":[{"name":"wp","href":"https:\/\/api.w.org\/{rel}","templated":true}]}}