{"id":45708,"date":"2026-03-26T15:19:21","date_gmt":"2026-03-26T15:19:21","guid":{"rendered":"https:\/\/ohme-ev.com\/fr\/?p=45708"},"modified":"2026-03-26T15:19:22","modified_gmt":"2026-03-26T15:19:22","slug":"decouvrez-le-service-client","status":"publish","type":"post","link":"https:\/\/ohme-ev.com\/fr\/blog\/decouvrez-le-service-client\/","title":{"rendered":"D\u00e9couvrez le service client !"},"content":{"rendered":"\n<p>Pour cette 2\u00e8me interview de l&#8217;\u00e9quipe Ohme France, c&#8217;est Ang\u00e9lique qui prend la parole. Premi\u00e8re \u00e0 avoir \u00e9t\u00e9 recrut\u00e9e au service client, elle a structur\u00e9 ce qu&#8217;il est aujourd&#8217;hui et elle accompagne nos utilisateurs sur l&#8217;usage de leurs bornes et nos installateurs sur le terrain . Dans cet \u00e9change, elle revient sur son attrait pour la mobilit\u00e9 \u00e9lectrique, partage une anecdote de relation client hors du commun et nous livre ce qui la passionne, dans le travail comme en dehors.<\/p>\n\n\n\n<h2 class=\"wp-block-heading\" id=\"h-qu-est-ce-qui-t-a-amene-a-travailler-dans-la-mobilite-electrique-nbsp\">Qu\u2019est-ce qui t&#8217;a amen\u00e9 \u00e0 travailler dans la mobilit\u00e9 \u00e9lectrique&nbsp;?<\/h2>\n\n\n\n<p>Ce qui m\u2019a attir\u00e9, c\u2019est avant tout l\u2019id\u00e9e de participer \u00e0 une transformation majeure de nos usages. La mobilit\u00e9 \u00e9lectrique est un vrai tournant, \u00e0 la fois technologique et soci\u00e9tal. J\u2019aimais aussi le c\u00f4t\u00e9 \u201capprentissage continu\u201d : comme d\u00e9couvrir une nouvelle culture, il faut comprendre de nouveaux codes, un nouveau langage et c\u2019est ce qui rend le domaine passionnant.<\/p>\n\n\n\n<h2 class=\"wp-block-heading\" id=\"h-ton-anecdote-la-plus-insolite-chez-ohme-nbsp\">Ton anecdote la plus insolite chez Ohme&nbsp;?<\/h2>\n\n\n\n<p>Une anecdote qui m\u2019a marqu\u00e9e : apr\u00e8s avoir accompagn\u00e9 un client du SAV sur un sujet de recharge, l\u2019\u00e9change s\u2019est tellement bien pass\u00e9 qu\u2019il m\u2019a propos\u00e9\u2026 un poste dans son entreprise.<br>C\u2019est assez r\u00e9v\u00e9lateur de l\u2019impact qu\u2019on peut avoir dans la relation client, et de la confiance qui peut se cr\u00e9er, m\u00eame \u00e0 distance.<\/p>\n\n\n\n<h2 class=\"wp-block-heading\" id=\"h-ton-meilleur-argument-pour-passer-a-la-mobilite-durable\">Ton meilleur argument pour passer \u00e0 la mobilit\u00e9 durable ?<\/h2>\n\n\n\n<blockquote class=\"wp-block-quote is-layout-flow wp-block-quote-is-layout-flow\">\n<p>Au-del\u00e0 de l\u2019impact environnemental, c\u2019est aussi une exp\u00e9rience utilisateur diff\u00e9rente : une conduite plus fluide, moins de bruit, et surtout une recharge qui s\u2019int\u00e8gre naturellement au quotidien. Le fait de pouvoir recharger chez soi, de nuit, change vraiment la mani\u00e8re de penser ses d\u00e9placements.<\/p>\n\n\n\n<h2 class=\"wp-block-heading\" id=\"h-ton-appli-preferee-en-dehors-de-l-appli-ohme\">Ton appli pr\u00e9f\u00e9r\u00e9e (en dehors de l&#8217;appli Ohme) ?<\/h2>\n\n\n\n<p>HelloTalk, sans h\u00e9siter. J\u2019aime beaucoup l\u2019id\u00e9e de pouvoir \u00e9changer avec des personnes d\u2019horizons diff\u00e9rents, d\u00e9couvrir de nouvelles cultures et surtout am\u00e9liorer mes comp\u00e9tences linguistiques de mani\u00e8re spontan\u00e9e. C\u2019est \u00e0 la fois enrichissant et tr\u00e8s humain.<\/p>\n<\/blockquote>\n\n\n\n<h2 class=\"wp-block-heading\" id=\"h-et-toi-comment-tu-recharges-tes-batteries-nbsp\">Et toi, comment tu recharges&#8230; tes batteries&nbsp;?<\/h2>\n\n\n\n<p>Principalement gr\u00e2ce au sport, qui me permet de me recentrer et au cin\u00e9ma, qui est pour moi une vraie source d\u2019inspiration et d\u2019\u00e9vasion. C\u2019est cet \u00e9quilibre qui me permet de rester motiv\u00e9e au quotidien.<\/p>\n","protected":false},"excerpt":{"rendered":"<p>Pour cette 2\u00e8me interview de l&#8217;\u00e9quipe Ohme France, c&#8217;est Ang\u00e9lique qui prend la parole. Premi\u00e8re \u00e0 avoir \u00e9t\u00e9 recrut\u00e9e au service client, elle a structur\u00e9 ce qu&#8217;il est aujourd&#8217;hui et elle accompagne nos utilisateurs sur l&#8217;usage de leurs bornes et nos installateurs sur le terrain . Dans cet \u00e9change, elle revient sur son attrait pour [&hellip;]<\/p>\n","protected":false},"author":34,"featured_media":45711,"comment_status":"open","ping_status":"open","sticky":false,"template":"","format":"standard","meta":{"_acf_changed":false,"_helpful_status":1,"footnotes":""},"categories":[1],"tags":[],"class_list":["post-45708","post","type-post","status-publish","format-standard","has-post-thumbnail","hentry","category-uncategorized"],"acf":[],"yoast_head":"<!-- This site is optimized with the Yoast SEO Premium plugin v27.5 (Yoast SEO v27.5) - https:\/\/yoast.com\/product\/yoast-seo-premium-wordpress\/ -->\n<title>D\u00e9couvrez le service client ! - Ohme EV France<\/title>\n<meta name=\"description\" content=\"Pour cette 2\u00e8me interview de l&#039;\u00e9quipe Ohme France, c&#039;est Ang\u00e9lique qui prend la parole, Premi\u00e8re \u00e0 avoir \u00e9t\u00e9 recrut\u00e9e au service client.\" \/>\n<meta name=\"robots\" content=\"index, follow, max-snippet:-1, max-image-preview:large, max-video-preview:-1\" \/>\n<link rel=\"canonical\" href=\"https:\/\/ohme-ev.com\/fr\/blog\/decouvrez-le-service-client\/\" \/>\n<meta property=\"og:locale\" content=\"fr_FR\" \/>\n<meta property=\"og:type\" content=\"article\" \/>\n<meta property=\"og:title\" content=\"D\u00e9couvrez le service client !\" \/>\n<meta property=\"og:description\" content=\"Pour cette 2\u00e8me interview de l&#039;\u00e9quipe Ohme France, c&#039;est Ang\u00e9lique qui prend la parole, Premi\u00e8re \u00e0 avoir \u00e9t\u00e9 recrut\u00e9e au service client.\" \/>\n<meta property=\"og:url\" content=\"https:\/\/ohme-ev.com\/fr\/blog\/decouvrez-le-service-client\/\" \/>\n<meta property=\"og:site_name\" content=\"Ohme EV France\" \/>\n<meta property=\"article:publisher\" content=\"https:\/\/www.facebook.com\/OhmeEV\/\" \/>\n<meta property=\"article:published_time\" content=\"2026-03-26T15:19:21+00:00\" \/>\n<meta property=\"article:modified_time\" content=\"2026-03-26T15:19:22+00:00\" \/>\n<meta property=\"og:image\" content=\"https:\/\/ohme-ev.com\/fr\/wp-content\/uploads\/sites\/9\/2026\/03\/Wordpress-_-Banniere-_-rencontrez-lequipe-1-1.webp\" \/>\n\t<meta property=\"og:image:width\" content=\"1200\" \/>\n\t<meta property=\"og:image:height\" content=\"628\" \/>\n\t<meta property=\"og:image:type\" content=\"image\/webp\" \/>\n<meta name=\"author\" content=\"victortrillotohme\" \/>\n<meta name=\"twitter:card\" content=\"summary_large_image\" \/>\n<meta name=\"twitter:creator\" content=\"@ohmeev\" \/>\n<meta name=\"twitter:site\" content=\"@ohmeev\" \/>\n<meta name=\"twitter:label1\" content=\"Written by\" \/>\n\t<meta name=\"twitter:data1\" content=\"victortrillotohme\" \/>\n\t<meta name=\"twitter:label2\" content=\"Est. reading time\" \/>\n\t<meta name=\"twitter:data2\" content=\"2 minutes\" \/>\n<script type=\"application\/ld+json\" class=\"yoast-schema-graph\">{\"@context\":\"https:\\\/\\\/schema.org\",\"@graph\":[{\"@type\":\"Article\",\"@id\":\"https:\\\/\\\/ohme-ev.com\\\/fr\\\/blog\\\/decouvrez-le-service-client\\\/#article\",\"isPartOf\":{\"@id\":\"https:\\\/\\\/ohme-ev.com\\\/fr\\\/blog\\\/decouvrez-le-service-client\\\/\"},\"author\":{\"name\":\"victortrillotohme\",\"@id\":\"https:\\\/\\\/ohme-ev.com\\\/fr\\\/#\\\/schema\\\/person\\\/956a7df7a38ccc45e824a27e559c870a\"},\"headline\":\"D\u00e9couvrez le service client !\",\"datePublished\":\"2026-03-26T15:19:21+00:00\",\"dateModified\":\"2026-03-26T15:19:22+00:00\",\"mainEntityOfPage\":{\"@id\":\"https:\\\/\\\/ohme-ev.com\\\/fr\\\/blog\\\/decouvrez-le-service-client\\\/\"},\"wordCount\":408,\"commentCount\":0,\"image\":{\"@id\":\"https:\\\/\\\/ohme-ev.com\\\/fr\\\/blog\\\/decouvrez-le-service-client\\\/#primaryimage\"},\"thumbnailUrl\":\"https:\\\/\\\/ohme-ev.com\\\/fr\\\/wp-content\\\/uploads\\\/sites\\\/9\\\/2026\\\/03\\\/Wordpress-_-Banniere-_-rencontrez-lequipe-1-1.webp\",\"inLanguage\":\"fr-fr\",\"potentialAction\":[{\"@type\":\"CommentAction\",\"name\":\"Comment\",\"target\":[\"https:\\\/\\\/ohme-ev.com\\\/fr\\\/blog\\\/decouvrez-le-service-client\\\/#respond\"]}]},{\"@type\":\"WebPage\",\"@id\":\"https:\\\/\\\/ohme-ev.com\\\/fr\\\/blog\\\/decouvrez-le-service-client\\\/\",\"url\":\"https:\\\/\\\/ohme-ev.com\\\/fr\\\/blog\\\/decouvrez-le-service-client\\\/\",\"name\":\"D\u00e9couvrez le service client ! - Ohme EV France\",\"isPartOf\":{\"@id\":\"https:\\\/\\\/ohme-ev.com\\\/fr\\\/#website\"},\"primaryImageOfPage\":{\"@id\":\"https:\\\/\\\/ohme-ev.com\\\/fr\\\/blog\\\/decouvrez-le-service-client\\\/#primaryimage\"},\"image\":{\"@id\":\"https:\\\/\\\/ohme-ev.com\\\/fr\\\/blog\\\/decouvrez-le-service-client\\\/#primaryimage\"},\"thumbnailUrl\":\"https:\\\/\\\/ohme-ev.com\\\/fr\\\/wp-content\\\/uploads\\\/sites\\\/9\\\/2026\\\/03\\\/Wordpress-_-Banniere-_-rencontrez-lequipe-1-1.webp\",\"datePublished\":\"2026-03-26T15:19:21+00:00\",\"dateModified\":\"2026-03-26T15:19:22+00:00\",\"author\":{\"@id\":\"https:\\\/\\\/ohme-ev.com\\\/fr\\\/#\\\/schema\\\/person\\\/956a7df7a38ccc45e824a27e559c870a\"},\"description\":\"Pour cette 2\u00e8me interview de l'\u00e9quipe Ohme France, c'est Ang\u00e9lique qui prend la parole, Premi\u00e8re \u00e0 avoir \u00e9t\u00e9 recrut\u00e9e au service client.\",\"breadcrumb\":{\"@id\":\"https:\\\/\\\/ohme-ev.com\\\/fr\\\/blog\\\/decouvrez-le-service-client\\\/#breadcrumb\"},\"inLanguage\":\"fr-fr\",\"potentialAction\":[{\"@type\":\"ReadAction\",\"target\":[\"https:\\\/\\\/ohme-ev.com\\\/fr\\\/blog\\\/decouvrez-le-service-client\\\/\"]}]},{\"@type\":\"ImageObject\",\"inLanguage\":\"fr-fr\",\"@id\":\"https:\\\/\\\/ohme-ev.com\\\/fr\\\/blog\\\/decouvrez-le-service-client\\\/#primaryimage\",\"url\":\"https:\\\/\\\/ohme-ev.com\\\/fr\\\/wp-content\\\/uploads\\\/sites\\\/9\\\/2026\\\/03\\\/Wordpress-_-Banniere-_-rencontrez-lequipe-1-1.webp\",\"contentUrl\":\"https:\\\/\\\/ohme-ev.com\\\/fr\\\/wp-content\\\/uploads\\\/sites\\\/9\\\/2026\\\/03\\\/Wordpress-_-Banniere-_-rencontrez-lequipe-1-1.webp\",\"width\":1200,\"height\":628},{\"@type\":\"BreadcrumbList\",\"@id\":\"https:\\\/\\\/ohme-ev.com\\\/fr\\\/blog\\\/decouvrez-le-service-client\\\/#breadcrumb\",\"itemListElement\":[{\"@type\":\"ListItem\",\"position\":1,\"name\":\"Home\",\"item\":\"https:\\\/\\\/ohme-ev.com\\\/fr\\\/\"},{\"@type\":\"ListItem\",\"position\":2,\"name\":\"D\u00e9couvrez le service client !\"}]},{\"@type\":\"WebSite\",\"@id\":\"https:\\\/\\\/ohme-ev.com\\\/fr\\\/#website\",\"url\":\"https:\\\/\\\/ohme-ev.com\\\/fr\\\/\",\"name\":\"Ohme EV France\",\"description\":\"Ohme - EV Smart Charging Solutions\",\"potentialAction\":[{\"@type\":\"SearchAction\",\"target\":{\"@type\":\"EntryPoint\",\"urlTemplate\":\"https:\\\/\\\/ohme-ev.com\\\/fr\\\/?s={search_term_string}\"},\"query-input\":{\"@type\":\"PropertyValueSpecification\",\"valueRequired\":true,\"valueName\":\"search_term_string\"}}],\"inLanguage\":\"fr-fr\"},{\"@type\":\"Person\",\"@id\":\"https:\\\/\\\/ohme-ev.com\\\/fr\\\/#\\\/schema\\\/person\\\/956a7df7a38ccc45e824a27e559c870a\",\"name\":\"victortrillotohme\",\"image\":{\"@type\":\"ImageObject\",\"inLanguage\":\"fr-fr\",\"@id\":\"https:\\\/\\\/secure.gravatar.com\\\/avatar\\\/c86270352ac03ef5d129b7fb77c77f46257083fc71ba65e67180e1778096ebb8?s=96&d=mm&r=g\",\"url\":\"https:\\\/\\\/secure.gravatar.com\\\/avatar\\\/c86270352ac03ef5d129b7fb77c77f46257083fc71ba65e67180e1778096ebb8?s=96&d=mm&r=g\",\"contentUrl\":\"https:\\\/\\\/secure.gravatar.com\\\/avatar\\\/c86270352ac03ef5d129b7fb77c77f46257083fc71ba65e67180e1778096ebb8?s=96&d=mm&r=g\",\"caption\":\"victortrillotohme\"}}]}<\/script>\n<!-- \/ Yoast SEO Premium plugin. -->","yoast_head_json":{"title":"D\u00e9couvrez le service client ! - Ohme EV France","description":"Pour cette 2\u00e8me interview de l'\u00e9quipe Ohme France, c'est Ang\u00e9lique qui prend la parole, Premi\u00e8re \u00e0 avoir \u00e9t\u00e9 recrut\u00e9e au service client.","robots":{"index":"index","follow":"follow","max-snippet":"max-snippet:-1","max-image-preview":"max-image-preview:large","max-video-preview":"max-video-preview:-1"},"canonical":"https:\/\/ohme-ev.com\/fr\/blog\/decouvrez-le-service-client\/","og_locale":"fr_FR","og_type":"article","og_title":"D\u00e9couvrez le service client !","og_description":"Pour cette 2\u00e8me interview de l'\u00e9quipe Ohme France, c'est Ang\u00e9lique qui prend la parole, Premi\u00e8re \u00e0 avoir \u00e9t\u00e9 recrut\u00e9e au service client.","og_url":"https:\/\/ohme-ev.com\/fr\/blog\/decouvrez-le-service-client\/","og_site_name":"Ohme EV France","article_publisher":"https:\/\/www.facebook.com\/OhmeEV\/","article_published_time":"2026-03-26T15:19:21+00:00","article_modified_time":"2026-03-26T15:19:22+00:00","og_image":[{"width":1200,"height":628,"url":"https:\/\/ohme-ev.com\/fr\/wp-content\/uploads\/sites\/9\/2026\/03\/Wordpress-_-Banniere-_-rencontrez-lequipe-1-1.webp","type":"image\/webp"}],"author":"victortrillotohme","twitter_card":"summary_large_image","twitter_creator":"@ohmeev","twitter_site":"@ohmeev","twitter_misc":{"Written by":"victortrillotohme","Est. reading time":"2 minutes"},"schema":{"@context":"https:\/\/schema.org","@graph":[{"@type":"Article","@id":"https:\/\/ohme-ev.com\/fr\/blog\/decouvrez-le-service-client\/#article","isPartOf":{"@id":"https:\/\/ohme-ev.com\/fr\/blog\/decouvrez-le-service-client\/"},"author":{"name":"victortrillotohme","@id":"https:\/\/ohme-ev.com\/fr\/#\/schema\/person\/956a7df7a38ccc45e824a27e559c870a"},"headline":"D\u00e9couvrez le service client !","datePublished":"2026-03-26T15:19:21+00:00","dateModified":"2026-03-26T15:19:22+00:00","mainEntityOfPage":{"@id":"https:\/\/ohme-ev.com\/fr\/blog\/decouvrez-le-service-client\/"},"wordCount":408,"commentCount":0,"image":{"@id":"https:\/\/ohme-ev.com\/fr\/blog\/decouvrez-le-service-client\/#primaryimage"},"thumbnailUrl":"https:\/\/ohme-ev.com\/fr\/wp-content\/uploads\/sites\/9\/2026\/03\/Wordpress-_-Banniere-_-rencontrez-lequipe-1-1.webp","inLanguage":"fr-fr","potentialAction":[{"@type":"CommentAction","name":"Comment","target":["https:\/\/ohme-ev.com\/fr\/blog\/decouvrez-le-service-client\/#respond"]}]},{"@type":"WebPage","@id":"https:\/\/ohme-ev.com\/fr\/blog\/decouvrez-le-service-client\/","url":"https:\/\/ohme-ev.com\/fr\/blog\/decouvrez-le-service-client\/","name":"D\u00e9couvrez le service client ! - Ohme EV France","isPartOf":{"@id":"https:\/\/ohme-ev.com\/fr\/#website"},"primaryImageOfPage":{"@id":"https:\/\/ohme-ev.com\/fr\/blog\/decouvrez-le-service-client\/#primaryimage"},"image":{"@id":"https:\/\/ohme-ev.com\/fr\/blog\/decouvrez-le-service-client\/#primaryimage"},"thumbnailUrl":"https:\/\/ohme-ev.com\/fr\/wp-content\/uploads\/sites\/9\/2026\/03\/Wordpress-_-Banniere-_-rencontrez-lequipe-1-1.webp","datePublished":"2026-03-26T15:19:21+00:00","dateModified":"2026-03-26T15:19:22+00:00","author":{"@id":"https:\/\/ohme-ev.com\/fr\/#\/schema\/person\/956a7df7a38ccc45e824a27e559c870a"},"description":"Pour cette 2\u00e8me interview de l'\u00e9quipe Ohme France, c'est Ang\u00e9lique qui prend la parole, Premi\u00e8re \u00e0 avoir \u00e9t\u00e9 recrut\u00e9e au service client.","breadcrumb":{"@id":"https:\/\/ohme-ev.com\/fr\/blog\/decouvrez-le-service-client\/#breadcrumb"},"inLanguage":"fr-fr","potentialAction":[{"@type":"ReadAction","target":["https:\/\/ohme-ev.com\/fr\/blog\/decouvrez-le-service-client\/"]}]},{"@type":"ImageObject","inLanguage":"fr-fr","@id":"https:\/\/ohme-ev.com\/fr\/blog\/decouvrez-le-service-client\/#primaryimage","url":"https:\/\/ohme-ev.com\/fr\/wp-content\/uploads\/sites\/9\/2026\/03\/Wordpress-_-Banniere-_-rencontrez-lequipe-1-1.webp","contentUrl":"https:\/\/ohme-ev.com\/fr\/wp-content\/uploads\/sites\/9\/2026\/03\/Wordpress-_-Banniere-_-rencontrez-lequipe-1-1.webp","width":1200,"height":628},{"@type":"BreadcrumbList","@id":"https:\/\/ohme-ev.com\/fr\/blog\/decouvrez-le-service-client\/#breadcrumb","itemListElement":[{"@type":"ListItem","position":1,"name":"Home","item":"https:\/\/ohme-ev.com\/fr\/"},{"@type":"ListItem","position":2,"name":"D\u00e9couvrez le service client !"}]},{"@type":"WebSite","@id":"https:\/\/ohme-ev.com\/fr\/#website","url":"https:\/\/ohme-ev.com\/fr\/","name":"Ohme EV France","description":"Ohme - EV Smart Charging Solutions","potentialAction":[{"@type":"SearchAction","target":{"@type":"EntryPoint","urlTemplate":"https:\/\/ohme-ev.com\/fr\/?s={search_term_string}"},"query-input":{"@type":"PropertyValueSpecification","valueRequired":true,"valueName":"search_term_string"}}],"inLanguage":"fr-fr"},{"@type":"Person","@id":"https:\/\/ohme-ev.com\/fr\/#\/schema\/person\/956a7df7a38ccc45e824a27e559c870a","name":"victortrillotohme","image":{"@type":"ImageObject","inLanguage":"fr-fr","@id":"https:\/\/secure.gravatar.com\/avatar\/c86270352ac03ef5d129b7fb77c77f46257083fc71ba65e67180e1778096ebb8?s=96&d=mm&r=g","url":"https:\/\/secure.gravatar.com\/avatar\/c86270352ac03ef5d129b7fb77c77f46257083fc71ba65e67180e1778096ebb8?s=96&d=mm&r=g","contentUrl":"https:\/\/secure.gravatar.com\/avatar\/c86270352ac03ef5d129b7fb77c77f46257083fc71ba65e67180e1778096ebb8?s=96&d=mm&r=g","caption":"victortrillotohme"}}]}},"_links":{"self":[{"href":"https:\/\/ohme-ev.com\/fr\/wp-json\/wp\/v2\/posts\/45708","targetHints":{"allow":["GET"]}}],"collection":[{"href":"https:\/\/ohme-ev.com\/fr\/wp-json\/wp\/v2\/posts"}],"about":[{"href":"https:\/\/ohme-ev.com\/fr\/wp-json\/wp\/v2\/types\/post"}],"author":[{"embeddable":true,"href":"https:\/\/ohme-ev.com\/fr\/wp-json\/wp\/v2\/users\/34"}],"replies":[{"embeddable":true,"href":"https:\/\/ohme-ev.com\/fr\/wp-json\/wp\/v2\/comments?post=45708"}],"version-history":[{"count":0,"href":"https:\/\/ohme-ev.com\/fr\/wp-json\/wp\/v2\/posts\/45708\/revisions"}],"wp:featuredmedia":[{"embeddable":true,"href":"https:\/\/ohme-ev.com\/fr\/wp-json\/wp\/v2\/media\/45711"}],"wp:attachment":[{"href":"https:\/\/ohme-ev.com\/fr\/wp-json\/wp\/v2\/media?parent=45708"}],"wp:term":[{"taxonomy":"category","embeddable":true,"href":"https:\/\/ohme-ev.com\/fr\/wp-json\/wp\/v2\/categories?post=45708"},{"taxonomy":"post_tag","embeddable":true,"href":"https:\/\/ohme-ev.com\/fr\/wp-json\/wp\/v2\/tags?post=45708"}],"curies":[{"name":"wp","href":"https:\/\/api.w.org\/{rel}","templated":true}]}}