{"id":3317,"date":"2024-05-17T08:22:15","date_gmt":"2024-05-17T08:22:15","guid":{"rendered":"https:\/\/ohme-ev.com\/fr\/?p=3317"},"modified":"2024-09-23T08:13:29","modified_gmt":"2024-09-23T08:13:29","slug":"flexibilite-energetique-et-transition-ecologique","status":"publish","type":"post","link":"https:\/\/ohme-ev.com\/fr\/blog\/flexibilite-energetique-et-transition-ecologique\/","title":{"rendered":"La flexibilit\u00e9 \u00e9nerg\u00e9tique : cl\u00e9 de la transition \u00e9cologique"},"content":{"rendered":"\n<p>Fl\u00e9xibilit\u00e9 \u00e9nerg\u00e9tique et transition \u00e9cologique sont deux concepts intimement li\u00e9s mais rarement \u00e9voqu\u00e9s ensemble. Mais qu&#8217;est-ce que la flexibilit\u00e9 \u00e9nerg\u00e9tique, et pourquoi est-elle cruciale pour le d\u00e9veloppement des \u00e9nergies renouvelables ? Comment les entreprises peuvent-elles en b\u00e9n\u00e9ficier ? Explorons ces questions en d\u00e9tail.<\/p>\n\n\n\n<h2 class=\"wp-block-heading\">Qu&#8217;est-ce que la flexibilit\u00e9 \u00e9nerg\u00e9tique ?<\/h2>\n\n\n\n<p>La flexibilit\u00e9 \u00e9nerg\u00e9tique, aussi appel\u00e9e adaptabilit\u00e9 \u00e9nerg\u00e9tique, se r\u00e9f\u00e8re \u00e0 la capacit\u00e9 du syst\u00e8me \u00e9nerg\u00e9tique \u00e0 ajuster l&#8217;offre et la demande pour maintenir un \u00e9quilibre constant. Ce processus est essentiel car l&#8217;offre (la quantit\u00e9 d&#8217;\u00e9nergie produite) et la demande (la quantit\u00e9 d&#8217;\u00e9nergie consomm\u00e9e) varient constamment. Par exemple, les pics de demande se produisent g\u00e9n\u00e9ralement le matin et le soir, tandis que la production peut fluctuer en fonction des conditions m\u00e9t\u00e9orologiques et de la disponibilit\u00e9 des sources d&#8217;\u00e9nergie renouvelable.<\/p>\n\n\n\n<p>Maintenir l&#8217;\u00e9quilibre entre l&#8217;offre et la demande est un d\u00e9fi, surtout avec l&#8217;int\u00e9gration croissante des \u00e9nergies renouvelables, qui sont par nature intermittentes. La flexibilit\u00e9 \u00e9nerg\u00e9tique permet d&#8217;ajuster la production et la consommation d&#8217;\u00e9nergie en temps r\u00e9el, en utilisant des technologies de stockage et des strat\u00e9gies de gestion de la demande.<\/p>\n\n\n\n<h2 class=\"wp-block-heading\">L&#8217;Importance de la flexibilit\u00e9 \u00e9nerg\u00e9tique et son r\u00f4le dans la transition \u00e9cologique<\/h2>\n\n\n\n<p>La flexibilit\u00e9 \u00e9nerg\u00e9tique est vitale pour plusieurs raisons, notamment dans le contexte de la transition \u00e9nerg\u00e9tique :<\/p>\n\n\n\n<ul class=\"wp-block-list\">\n<li><strong>Adaptation aux pics de demande<\/strong> : La flexibilit\u00e9 permet de r\u00e9pondre aux fluctuations de la demande, \u00e9vitant ainsi les surcharges du r\u00e9seau et les pannes. C&#8217;est particuli\u00e8rement important avec l&#8217;\u00e9lectrification croissante des transports et du chauffage.<\/li>\n<\/ul>\n\n\n\n<ul class=\"wp-block-list\">\n<li><strong>Int\u00e9gration des \u00e9nergies renouvelables<\/strong> : Les \u00e9nergies renouvelables, comme le solaire et l&#8217;\u00e9olien, sont intermittentes. La flexibilit\u00e9 permet de maximiser leur utilisation en ajustant les autres sources d&#8217;\u00e9nergie en fonction de leur disponibilit\u00e9.<\/li>\n<\/ul>\n\n\n\n<ul class=\"wp-block-list\">\n<li><strong>R\u00e9duction des co\u00fbts<\/strong> : En optimisant l&#8217;utilisation des infrastructures existantes plut\u00f4t que d&#8217;investir dans de nouvelles capacit\u00e9s de production, la flexibilit\u00e9 peut r\u00e9duire les co\u00fbts pour les consommateurs et les entreprises.<\/li>\n<\/ul>\n\n\n\n<ul class=\"wp-block-list\">\n<li><strong>Environnement<\/strong> : La flexibilit\u00e9 \u00e9nerg\u00e9tique contribue \u00e0 la r\u00e9duction des \u00e9missions de gaz \u00e0 effet de serre en facilitant l&#8217;int\u00e9gration des \u00e9nergies renouvelables et en r\u00e9duisant la d\u00e9pendance aux \u00e9nergies fossiles.<\/li>\n<\/ul>\n\n\n\n<p>Notre CEO, David Watson, d\u00e9clare :<\/p>\n\n\n\n<p><em>&#8220;La flexibilit\u00e9 \u00e9nerg\u00e9tique est un pilier fondamental de notre strat\u00e9gie de transition \u00e9nerg\u00e9tique. Elle offre aux entreprises non seulement des avantages \u00e9conomiques, mais aussi une opportunit\u00e9 de jouer un r\u00f4le cl\u00e9 dans la lutte contre le changement climatique.&#8221;<\/em><\/p>\n\n\n\n<h2 class=\"wp-block-heading\">Des enjeux pour tous, particuliers comme entreprises<\/h2>\n\n\n\n<p>La flexibilit\u00e9 \u00e9nerg\u00e9tique repr\u00e9sente une opportunit\u00e9 de participer activement \u00e0 la transition \u00e9cologique tout en r\u00e9alisant des \u00e9conomies. Voici comment :<\/p>\n\n\n\n<ul class=\"wp-block-list\">\n<li><strong>Gestion de la demande<\/strong> : Chacun \u00e0 son niveau peut ajuster sa consommation en fonction des signaux du r\u00e9seau, contribuant \u00e0 r\u00e9duire ses co\u00fbts \u00e9nerg\u00e9tiques.<\/li>\n\n\n\n<li><strong>Production d\u00e9centralis\u00e9e<\/strong> : En investissant dans des syst\u00e8mes de production locaux (comme les panneaux solaires), les entreprises comme les particuliers peuvent devenir un maillon du r\u00e9seau. C&#8217;est une diff\u00e9rence majeure en mati\u00e8re de d\u00e9pendance \u00e9nerg\u00e9tique.<\/li>\n\n\n\n<li><strong>Partenariats et innovations<\/strong> : La collaboration avec des fournisseurs de solutions de flexibilit\u00e9 comme Ohme, et des \u00e9nerg\u00e9ticiens comme <a href=\"https:\/\/www.octopusenergy.fr\/\">Octopus<\/a>, peut ouvrir de nouvelles voies de d\u00e9veloppement technologique et d&#8217;optimisation \u00e9nerg\u00e9tique.<\/li>\n<\/ul>\n\n\n\n<h3 class=\"wp-block-heading\">La flexibilit\u00e9 \u00e9nerg\u00e9tique, composante essentielle de la transition \u00e9cologique <\/h3>\n\n\n\n<p>La flexibilit\u00e9 \u00e9nerg\u00e9tique est essentielle \u00e0 la transition vers un syst\u00e8me \u00e9nerg\u00e9tique plus durable et r\u00e9silient. Elle repr\u00e9sente pour tous, une opportunit\u00e9 de r\u00e9duire les co\u00fbts et de contribuer de mani\u00e8re significative \u00e0 la lutte contre le changement climatique. Adopter des strat\u00e9gies de flexibilit\u00e9 \u00e9nerg\u00e9tique est donc non seulement b\u00e9n\u00e9fique mais n\u00e9cessaire pour un avenir durable. Vous souhaitez participer \u00e0 votre \u00e9chelle \u00e0 la transition \u00e9cologique, <a href=\"https:\/\/ohme-ev.com\/fr\/nos-bornes-de-recharge\/\">devenez acteur de la transition \u00e0 nos c\u00f4t\u00e9s !<\/a><\/p>\n","protected":false},"excerpt":{"rendered":"<p>Fl\u00e9xibilit\u00e9 \u00e9nerg\u00e9tique et transition \u00e9cologique sont deux concepts intimement li\u00e9s mais rarement \u00e9voqu\u00e9s ensemble. Mais qu&#8217;est-ce que la flexibilit\u00e9 \u00e9nerg\u00e9tique, et pourquoi est-elle cruciale pour le d\u00e9veloppement des \u00e9nergies renouvelables ? Comment les entreprises peuvent-elles en b\u00e9n\u00e9ficier ? Explorons ces questions en d\u00e9tail. Qu&#8217;est-ce que la flexibilit\u00e9 \u00e9nerg\u00e9tique ? La flexibilit\u00e9 \u00e9nerg\u00e9tique, aussi appel\u00e9e adaptabilit\u00e9 [&hellip;]<\/p>\n","protected":false},"author":22,"featured_media":2885,"comment_status":"closed","ping_status":"closed","sticky":false,"template":"","format":"standard","meta":{"_acf_changed":false,"_helpful_status":1,"footnotes":""},"categories":[15],"tags":[73,74],"class_list":["post-3317","post","type-post","status-publish","format-standard","has-post-thumbnail","hentry","category-demarrage","tag-ev-charging-time-at-home","tag-ev-charging-time-on-road"],"acf":[],"yoast_head":"<!-- This site is optimized with the Yoast SEO Premium plugin v27.4 (Yoast SEO v27.4) - https:\/\/yoast.com\/product\/yoast-seo-premium-wordpress\/ -->\n<title>La flexibilit\u00e9 \u00e9nerg\u00e9tique : cl\u00e9 de la transition \u00e9cologique - Ohme EV France<\/title>\n<meta name=\"description\" content=\"La flexibilit\u00e9 \u00e9nerg\u00e9tique : cl\u00e9 de la transition \u00e9cologique, elle est essentielle et repr\u00e9sente un enjeu crucial pour tous.\" \/>\n<meta name=\"robots\" content=\"index, follow, max-snippet:-1, max-image-preview:large, max-video-preview:-1\" \/>\n<link rel=\"canonical\" href=\"https:\/\/ohme-ev.com\/fr\/blog\/flexibilite-energetique-et-transition-ecologique\/\" \/>\n<meta property=\"og:locale\" content=\"fr_FR\" \/>\n<meta property=\"og:type\" content=\"article\" \/>\n<meta property=\"og:title\" content=\"La flexibilit\u00e9 \u00e9nerg\u00e9tique : cl\u00e9 de la transition \u00e9cologique\" \/>\n<meta property=\"og:description\" content=\"La flexibilit\u00e9 \u00e9nerg\u00e9tique : cl\u00e9 de la transition \u00e9cologique, elle est essentielle et repr\u00e9sente un enjeu crucial pour tous.\" \/>\n<meta property=\"og:url\" content=\"https:\/\/ohme-ev.com\/fr\/blog\/flexibilite-energetique-et-transition-ecologique\/\" \/>\n<meta property=\"og:site_name\" content=\"Ohme EV France\" \/>\n<meta property=\"article:publisher\" content=\"https:\/\/www.facebook.com\/OhmeEV\/\" \/>\n<meta property=\"article:published_time\" content=\"2024-05-17T08:22:15+00:00\" \/>\n<meta property=\"article:modified_time\" content=\"2024-09-23T08:13:29+00:00\" \/>\n<meta property=\"og:image\" content=\"https:\/\/ohme-ev.com\/fr\/wp-content\/uploads\/sites\/9\/2024\/02\/5050-text-imager_solar-field_master.webp\" \/>\n\t<meta property=\"og:image:width\" content=\"600\" \/>\n\t<meta property=\"og:image:height\" content=\"650\" \/>\n\t<meta property=\"og:image:type\" content=\"image\/webp\" \/>\n<meta name=\"author\" content=\"Caroline Bouchet\" \/>\n<meta name=\"twitter:card\" content=\"summary_large_image\" \/>\n<meta name=\"twitter:creator\" content=\"@ohmeev\" \/>\n<meta name=\"twitter:site\" content=\"@ohmeev\" \/>\n<meta name=\"twitter:label1\" content=\"Written by\" \/>\n\t<meta name=\"twitter:data1\" content=\"Caroline Bouchet\" \/>\n\t<meta name=\"twitter:label2\" content=\"Est. reading time\" \/>\n\t<meta name=\"twitter:data2\" content=\"3 minutes\" \/>\n<script type=\"application\/ld+json\" class=\"yoast-schema-graph\">{\"@context\":\"https:\\\/\\\/schema.org\",\"@graph\":[{\"@type\":\"Article\",\"@id\":\"https:\\\/\\\/ohme-ev.com\\\/fr\\\/blog\\\/flexibilite-energetique-et-transition-ecologique\\\/#article\",\"isPartOf\":{\"@id\":\"https:\\\/\\\/ohme-ev.com\\\/fr\\\/blog\\\/flexibilite-energetique-et-transition-ecologique\\\/\"},\"author\":{\"name\":\"Caroline Bouchet\",\"@id\":\"https:\\\/\\\/ohme-ev.com\\\/fr\\\/#\\\/schema\\\/person\\\/366a8b3e18238e7b0f92a5a791fc3982\"},\"headline\":\"La flexibilit\u00e9 \u00e9nerg\u00e9tique : cl\u00e9 de la transition \u00e9cologique\",\"datePublished\":\"2024-05-17T08:22:15+00:00\",\"dateModified\":\"2024-09-23T08:13:29+00:00\",\"mainEntityOfPage\":{\"@id\":\"https:\\\/\\\/ohme-ev.com\\\/fr\\\/blog\\\/flexibilite-energetique-et-transition-ecologique\\\/\"},\"wordCount\":674,\"image\":{\"@id\":\"https:\\\/\\\/ohme-ev.com\\\/fr\\\/blog\\\/flexibilite-energetique-et-transition-ecologique\\\/#primaryimage\"},\"thumbnailUrl\":\"https:\\\/\\\/ohme-ev.com\\\/fr\\\/wp-content\\\/uploads\\\/sites\\\/9\\\/2024\\\/02\\\/5050-text-imager_solar-field_master.webp\",\"keywords\":[\"EV charging time at home\",\"EV charging time on road\"],\"articleSection\":[\"D\u00e9marrage\"],\"inLanguage\":\"fr-fr\"},{\"@type\":\"WebPage\",\"@id\":\"https:\\\/\\\/ohme-ev.com\\\/fr\\\/blog\\\/flexibilite-energetique-et-transition-ecologique\\\/\",\"url\":\"https:\\\/\\\/ohme-ev.com\\\/fr\\\/blog\\\/flexibilite-energetique-et-transition-ecologique\\\/\",\"name\":\"La flexibilit\u00e9 \u00e9nerg\u00e9tique : cl\u00e9 de la transition \u00e9cologique - Ohme EV France\",\"isPartOf\":{\"@id\":\"https:\\\/\\\/ohme-ev.com\\\/fr\\\/#website\"},\"primaryImageOfPage\":{\"@id\":\"https:\\\/\\\/ohme-ev.com\\\/fr\\\/blog\\\/flexibilite-energetique-et-transition-ecologique\\\/#primaryimage\"},\"image\":{\"@id\":\"https:\\\/\\\/ohme-ev.com\\\/fr\\\/blog\\\/flexibilite-energetique-et-transition-ecologique\\\/#primaryimage\"},\"thumbnailUrl\":\"https:\\\/\\\/ohme-ev.com\\\/fr\\\/wp-content\\\/uploads\\\/sites\\\/9\\\/2024\\\/02\\\/5050-text-imager_solar-field_master.webp\",\"datePublished\":\"2024-05-17T08:22:15+00:00\",\"dateModified\":\"2024-09-23T08:13:29+00:00\",\"author\":{\"@id\":\"https:\\\/\\\/ohme-ev.com\\\/fr\\\/#\\\/schema\\\/person\\\/366a8b3e18238e7b0f92a5a791fc3982\"},\"description\":\"La flexibilit\u00e9 \u00e9nerg\u00e9tique : cl\u00e9 de la transition \u00e9cologique, elle est essentielle et repr\u00e9sente un enjeu crucial pour tous.\",\"breadcrumb\":{\"@id\":\"https:\\\/\\\/ohme-ev.com\\\/fr\\\/blog\\\/flexibilite-energetique-et-transition-ecologique\\\/#breadcrumb\"},\"inLanguage\":\"fr-fr\",\"potentialAction\":[{\"@type\":\"ReadAction\",\"target\":[\"https:\\\/\\\/ohme-ev.com\\\/fr\\\/blog\\\/flexibilite-energetique-et-transition-ecologique\\\/\"]}]},{\"@type\":\"ImageObject\",\"inLanguage\":\"fr-fr\",\"@id\":\"https:\\\/\\\/ohme-ev.com\\\/fr\\\/blog\\\/flexibilite-energetique-et-transition-ecologique\\\/#primaryimage\",\"url\":\"https:\\\/\\\/ohme-ev.com\\\/fr\\\/wp-content\\\/uploads\\\/sites\\\/9\\\/2024\\\/02\\\/5050-text-imager_solar-field_master.webp\",\"contentUrl\":\"https:\\\/\\\/ohme-ev.com\\\/fr\\\/wp-content\\\/uploads\\\/sites\\\/9\\\/2024\\\/02\\\/5050-text-imager_solar-field_master.webp\",\"width\":600,\"height\":650,\"caption\":\"Panneaux solaires\"},{\"@type\":\"BreadcrumbList\",\"@id\":\"https:\\\/\\\/ohme-ev.com\\\/fr\\\/blog\\\/flexibilite-energetique-et-transition-ecologique\\\/#breadcrumb\",\"itemListElement\":[{\"@type\":\"ListItem\",\"position\":1,\"name\":\"Home\",\"item\":\"https:\\\/\\\/ohme-ev.com\\\/fr\\\/\"},{\"@type\":\"ListItem\",\"position\":2,\"name\":\"La flexibilit\u00e9 \u00e9nerg\u00e9tique : cl\u00e9 de la transition \u00e9cologique\"}]},{\"@type\":\"WebSite\",\"@id\":\"https:\\\/\\\/ohme-ev.com\\\/fr\\\/#website\",\"url\":\"https:\\\/\\\/ohme-ev.com\\\/fr\\\/\",\"name\":\"Ohme EV France\",\"description\":\"Ohme - EV Smart Charging Solutions\",\"potentialAction\":[{\"@type\":\"SearchAction\",\"target\":{\"@type\":\"EntryPoint\",\"urlTemplate\":\"https:\\\/\\\/ohme-ev.com\\\/fr\\\/?s={search_term_string}\"},\"query-input\":{\"@type\":\"PropertyValueSpecification\",\"valueRequired\":true,\"valueName\":\"search_term_string\"}}],\"inLanguage\":\"fr-fr\"},{\"@type\":\"Person\",\"@id\":\"https:\\\/\\\/ohme-ev.com\\\/fr\\\/#\\\/schema\\\/person\\\/366a8b3e18238e7b0f92a5a791fc3982\",\"name\":\"Caroline Bouchet\",\"image\":{\"@type\":\"ImageObject\",\"inLanguage\":\"fr-fr\",\"@id\":\"https:\\\/\\\/secure.gravatar.com\\\/avatar\\\/01b29c6791201c14ead8e11c90de63bd18494406e2415d7163dcbe131b696126?s=96&d=mm&r=g\",\"url\":\"https:\\\/\\\/secure.gravatar.com\\\/avatar\\\/01b29c6791201c14ead8e11c90de63bd18494406e2415d7163dcbe131b696126?s=96&d=mm&r=g\",\"contentUrl\":\"https:\\\/\\\/secure.gravatar.com\\\/avatar\\\/01b29c6791201c14ead8e11c90de63bd18494406e2415d7163dcbe131b696126?s=96&d=mm&r=g\",\"caption\":\"Caroline Bouchet\"}}]}<\/script>\n<!-- \/ Yoast SEO Premium plugin. -->","yoast_head_json":{"title":"La flexibilit\u00e9 \u00e9nerg\u00e9tique : cl\u00e9 de la transition \u00e9cologique - Ohme EV France","description":"La flexibilit\u00e9 \u00e9nerg\u00e9tique : cl\u00e9 de la transition \u00e9cologique, elle est essentielle et repr\u00e9sente un enjeu crucial pour tous.","robots":{"index":"index","follow":"follow","max-snippet":"max-snippet:-1","max-image-preview":"max-image-preview:large","max-video-preview":"max-video-preview:-1"},"canonical":"https:\/\/ohme-ev.com\/fr\/blog\/flexibilite-energetique-et-transition-ecologique\/","og_locale":"fr_FR","og_type":"article","og_title":"La flexibilit\u00e9 \u00e9nerg\u00e9tique : cl\u00e9 de la transition \u00e9cologique","og_description":"La flexibilit\u00e9 \u00e9nerg\u00e9tique : cl\u00e9 de la transition \u00e9cologique, elle est essentielle et repr\u00e9sente un enjeu crucial pour tous.","og_url":"https:\/\/ohme-ev.com\/fr\/blog\/flexibilite-energetique-et-transition-ecologique\/","og_site_name":"Ohme EV France","article_publisher":"https:\/\/www.facebook.com\/OhmeEV\/","article_published_time":"2024-05-17T08:22:15+00:00","article_modified_time":"2024-09-23T08:13:29+00:00","og_image":[{"width":600,"height":650,"url":"https:\/\/ohme-ev.com\/fr\/wp-content\/uploads\/sites\/9\/2024\/02\/5050-text-imager_solar-field_master.webp","type":"image\/webp"}],"author":"Caroline Bouchet","twitter_card":"summary_large_image","twitter_creator":"@ohmeev","twitter_site":"@ohmeev","twitter_misc":{"Written by":"Caroline Bouchet","Est. reading time":"3 minutes"},"schema":{"@context":"https:\/\/schema.org","@graph":[{"@type":"Article","@id":"https:\/\/ohme-ev.com\/fr\/blog\/flexibilite-energetique-et-transition-ecologique\/#article","isPartOf":{"@id":"https:\/\/ohme-ev.com\/fr\/blog\/flexibilite-energetique-et-transition-ecologique\/"},"author":{"name":"Caroline Bouchet","@id":"https:\/\/ohme-ev.com\/fr\/#\/schema\/person\/366a8b3e18238e7b0f92a5a791fc3982"},"headline":"La flexibilit\u00e9 \u00e9nerg\u00e9tique : cl\u00e9 de la transition \u00e9cologique","datePublished":"2024-05-17T08:22:15+00:00","dateModified":"2024-09-23T08:13:29+00:00","mainEntityOfPage":{"@id":"https:\/\/ohme-ev.com\/fr\/blog\/flexibilite-energetique-et-transition-ecologique\/"},"wordCount":674,"image":{"@id":"https:\/\/ohme-ev.com\/fr\/blog\/flexibilite-energetique-et-transition-ecologique\/#primaryimage"},"thumbnailUrl":"https:\/\/ohme-ev.com\/fr\/wp-content\/uploads\/sites\/9\/2024\/02\/5050-text-imager_solar-field_master.webp","keywords":["EV charging time at home","EV charging time on road"],"articleSection":["D\u00e9marrage"],"inLanguage":"fr-fr"},{"@type":"WebPage","@id":"https:\/\/ohme-ev.com\/fr\/blog\/flexibilite-energetique-et-transition-ecologique\/","url":"https:\/\/ohme-ev.com\/fr\/blog\/flexibilite-energetique-et-transition-ecologique\/","name":"La flexibilit\u00e9 \u00e9nerg\u00e9tique : cl\u00e9 de la transition \u00e9cologique - Ohme EV France","isPartOf":{"@id":"https:\/\/ohme-ev.com\/fr\/#website"},"primaryImageOfPage":{"@id":"https:\/\/ohme-ev.com\/fr\/blog\/flexibilite-energetique-et-transition-ecologique\/#primaryimage"},"image":{"@id":"https:\/\/ohme-ev.com\/fr\/blog\/flexibilite-energetique-et-transition-ecologique\/#primaryimage"},"thumbnailUrl":"https:\/\/ohme-ev.com\/fr\/wp-content\/uploads\/sites\/9\/2024\/02\/5050-text-imager_solar-field_master.webp","datePublished":"2024-05-17T08:22:15+00:00","dateModified":"2024-09-23T08:13:29+00:00","author":{"@id":"https:\/\/ohme-ev.com\/fr\/#\/schema\/person\/366a8b3e18238e7b0f92a5a791fc3982"},"description":"La flexibilit\u00e9 \u00e9nerg\u00e9tique : cl\u00e9 de la transition \u00e9cologique, elle est essentielle et repr\u00e9sente un enjeu crucial pour tous.","breadcrumb":{"@id":"https:\/\/ohme-ev.com\/fr\/blog\/flexibilite-energetique-et-transition-ecologique\/#breadcrumb"},"inLanguage":"fr-fr","potentialAction":[{"@type":"ReadAction","target":["https:\/\/ohme-ev.com\/fr\/blog\/flexibilite-energetique-et-transition-ecologique\/"]}]},{"@type":"ImageObject","inLanguage":"fr-fr","@id":"https:\/\/ohme-ev.com\/fr\/blog\/flexibilite-energetique-et-transition-ecologique\/#primaryimage","url":"https:\/\/ohme-ev.com\/fr\/wp-content\/uploads\/sites\/9\/2024\/02\/5050-text-imager_solar-field_master.webp","contentUrl":"https:\/\/ohme-ev.com\/fr\/wp-content\/uploads\/sites\/9\/2024\/02\/5050-text-imager_solar-field_master.webp","width":600,"height":650,"caption":"Panneaux solaires"},{"@type":"BreadcrumbList","@id":"https:\/\/ohme-ev.com\/fr\/blog\/flexibilite-energetique-et-transition-ecologique\/#breadcrumb","itemListElement":[{"@type":"ListItem","position":1,"name":"Home","item":"https:\/\/ohme-ev.com\/fr\/"},{"@type":"ListItem","position":2,"name":"La flexibilit\u00e9 \u00e9nerg\u00e9tique : cl\u00e9 de la transition \u00e9cologique"}]},{"@type":"WebSite","@id":"https:\/\/ohme-ev.com\/fr\/#website","url":"https:\/\/ohme-ev.com\/fr\/","name":"Ohme EV France","description":"Ohme - EV Smart Charging Solutions","potentialAction":[{"@type":"SearchAction","target":{"@type":"EntryPoint","urlTemplate":"https:\/\/ohme-ev.com\/fr\/?s={search_term_string}"},"query-input":{"@type":"PropertyValueSpecification","valueRequired":true,"valueName":"search_term_string"}}],"inLanguage":"fr-fr"},{"@type":"Person","@id":"https:\/\/ohme-ev.com\/fr\/#\/schema\/person\/366a8b3e18238e7b0f92a5a791fc3982","name":"Caroline Bouchet","image":{"@type":"ImageObject","inLanguage":"fr-fr","@id":"https:\/\/secure.gravatar.com\/avatar\/01b29c6791201c14ead8e11c90de63bd18494406e2415d7163dcbe131b696126?s=96&d=mm&r=g","url":"https:\/\/secure.gravatar.com\/avatar\/01b29c6791201c14ead8e11c90de63bd18494406e2415d7163dcbe131b696126?s=96&d=mm&r=g","contentUrl":"https:\/\/secure.gravatar.com\/avatar\/01b29c6791201c14ead8e11c90de63bd18494406e2415d7163dcbe131b696126?s=96&d=mm&r=g","caption":"Caroline Bouchet"}}]}},"_links":{"self":[{"href":"https:\/\/ohme-ev.com\/fr\/wp-json\/wp\/v2\/posts\/3317","targetHints":{"allow":["GET"]}}],"collection":[{"href":"https:\/\/ohme-ev.com\/fr\/wp-json\/wp\/v2\/posts"}],"about":[{"href":"https:\/\/ohme-ev.com\/fr\/wp-json\/wp\/v2\/types\/post"}],"author":[{"embeddable":true,"href":"https:\/\/ohme-ev.com\/fr\/wp-json\/wp\/v2\/users\/22"}],"replies":[{"embeddable":true,"href":"https:\/\/ohme-ev.com\/fr\/wp-json\/wp\/v2\/comments?post=3317"}],"version-history":[{"count":0,"href":"https:\/\/ohme-ev.com\/fr\/wp-json\/wp\/v2\/posts\/3317\/revisions"}],"wp:featuredmedia":[{"embeddable":true,"href":"https:\/\/ohme-ev.com\/fr\/wp-json\/wp\/v2\/media\/2885"}],"wp:attachment":[{"href":"https:\/\/ohme-ev.com\/fr\/wp-json\/wp\/v2\/media?parent=3317"}],"wp:term":[{"taxonomy":"category","embeddable":true,"href":"https:\/\/ohme-ev.com\/fr\/wp-json\/wp\/v2\/categories?post=3317"},{"taxonomy":"post_tag","embeddable":true,"href":"https:\/\/ohme-ev.com\/fr\/wp-json\/wp\/v2\/tags?post=3317"}],"curies":[{"name":"wp","href":"https:\/\/api.w.org\/{rel}","templated":true}]}}