{"id":3161,"date":"2024-04-22T08:34:37","date_gmt":"2024-04-22T08:34:37","guid":{"rendered":"https:\/\/ohme-ev.com\/fr\/?p=3161"},"modified":"2025-06-11T08:43:50","modified_gmt":"2025-06-11T08:43:50","slug":"installation-de-bornes-de-recharge-a-domicile-les-aides-de-letat","status":"publish","type":"post","link":"https:\/\/ohme-ev.com\/fr\/blog\/installation-de-bornes-de-recharge-a-domicile-les-aides-de-letat\/","title":{"rendered":"Installation de bornes \u00e0 domicile : les aides de l&#8217;Etat"},"content":{"rendered":"\n<p>Dans la transition vers une mobilit\u00e9 plus propre, l&#8217;installation de bornes de recharge au domicile des particuliers joue un r\u00f4le crucial. Pour rendre cette transition plus accessible, l&#8217;\u00c9tat propose plusieurs solutions d&#8217;aides financi\u00e8res, parmi lesquelles le <a href=\"https:\/\/www.service-public.fr\/particuliers\/vosdroits\/F35578\">cr\u00e9dit d&#8217;imp\u00f4t <\/a>et la prime Advenir. D\u00e9couvrons en d\u00e9tail ces m\u00e9canismes d&#8217;incitation et les conditions pour en b\u00e9n\u00e9ficier.<\/p>\n\n\n\n<h2 class=\"wp-block-heading\" id=\"h-le-credit-d-impot-une-aide-financiere-pour-l-installation-de-borne-de-recharge\">Le cr\u00e9dit d&#8217;imp\u00f4t : une aide financi\u00e8re pour l&#8217;installation de borne de recharge<\/h2>\n\n\n\n<p>Le cr\u00e9dit d&#8217;imp\u00f4t est une aide de l&#8217;\u00c9tat destin\u00e9e \u00e0 soutenir les particuliers installant des bornes de recharge. Il permet de r\u00e9cup\u00e9rer une partie des co\u00fbts li\u00e9s \u00e0 l&#8217;installation de ces infrastructures \u00e9lectriques. Cette aide est d\u00e9duite des imp\u00f4ts sur le revenu. Pour b\u00e9n\u00e9ficier du cr\u00e9dit d&#8217;imp\u00f4t, certaines conditions doivent \u00eatre respect\u00e9es :<\/p>\n\n\n\n<ul class=\"wp-block-list\">\n<li>Etre propri\u00e9taire, locataire ou occupant \u00e0 titre gratuit d&#8217;une habitation principale ou secondaire, non destin\u00e9e \u00e0 la location<\/li>\n\n\n\n<li>pour une personne seule domicil\u00e9e en France, le cr\u00e9dit d&#8217;imp\u00f4t s&#8217;applique \u00e0 l&#8217;installation d&#8217;une seule borne<\/li>\n\n\n\n<li>pour un couple domicili\u00e9 en France, soumis \u00e0 une imposition commune, le cr\u00e9dit d&#8217;imp\u00f4t s&#8217;applique \u00e0 l&#8217;installation de deux bornes de recharge<\/li>\n\n\n\n<li>\u00eatre r\u00e9sident fiscal en France<\/li>\n\n\n\n<li>faire appel \u00e0 un professionnel qualifi\u00e9 IRVE (infrastructure de recharge pour v\u00e9hicules \u00e9lectriques) pour la fourniture et l&#8217;installation de la borne<\/li>\n<\/ul>\n\n\n\n<h3 class=\"wp-block-heading\" id=\"h-augmentation-du-credit-d-impot-en-2024\">Augmentation du cr\u00e9dit d&#8217;imp\u00f4t en 2024 ?<\/h3>\n\n\n\n<p>Une \u00e9volution r\u00e9cente a rendu l&#8217;installation de bornes de recharge encore plus attractive. Un amendement adopt\u00e9 en octobre 2023 a r\u00e9vis\u00e9 le montant du cr\u00e9dit d&#8217;imp\u00f4t, le faisant passer de 300 \u20ac \u00e0 500 \u20ac. Cette augmentation vise \u00e0 encourager davantage les particuliers \u00e0 opter pour la recharge \u00e9lectrique \u00e0 domicile.<\/p>\n\n\n\n<h3 class=\"wp-block-heading\" id=\"h-de-l-importance-de-faire-appel-a-un-professionnel-qualifie\">De l&#8217;importance de faire appel \u00e0 un professionnel qualifi\u00e9<\/h3>\n\n\n\n<p>Il est crucial de faire appel \u00e0 un professionnel qualifi\u00e9 pour l&#8217;installation de la borne de recharge. Le co\u00fbt de cette installation d\u00e9pendra de plusieurs facteurs, notamment la distance entre l&#8217;emplacement de la borne et le tableau \u00e9lectrique. Cependant, l&#8217;aide financi\u00e8re de l&#8217;\u00c9tat contribue \u00e0 amortir ces co\u00fbts, rendant l&#8217;installation de bornes de recharge plus accessible aux particuliers.<\/p>\n\n\n\n<p>En conclusion, les aides de l&#8217;\u00c9tat, telles que le cr\u00e9dit d&#8217;imp\u00f4t, facilitent l&#8217;installation de bornes de recharge au domicile des particuliers.<\/p>\n\n\n\n<h2 class=\"wp-block-heading\" id=\"h-une-tva-reduite-a-5-5\">Une TVA r\u00e9duite \u00e0 5,5%<\/h2>\n\n\n\n<p>Le maintien de la TVA \u00e0 5,5 % en 2024 pour l&#8217;installation de bornes \u00e0 domicile est une incitation majeure. Cela encourage les particuliers souhaitant adopter la mobilit\u00e9 \u00e9lectrique en rendant les infrastructures de recharge plus accessibles.. Cette mesure vise \u00e0 encourager davantage de m\u00e9nages \u00e0 franchir le pas vers l&#8217;\u00e9lectrique en offrant une fiscalit\u00e9 avantageuse. Auparavant, seuls les m\u00e9nages r\u00e9sidant dans leur logement depuis au moins deux ans pouvaient b\u00e9n\u00e9ficier de cette TVA r\u00e9duite. Cependant, depuis 2023, cette condition a \u00e9t\u00e9 supprim\u00e9e, rendant ainsi tous les logements, qu&#8217;ils soient principaux, secondaires, ou m\u00eame en r\u00e9sidence collective, \u00e9ligibles au taux r\u00e9duit de TVA.<\/p>\n\n\n\n<p>Pour b\u00e9n\u00e9ficier de ce taux r\u00e9duit, quelques crit\u00e8res doivent \u00eatre respect\u00e9s. <\/p>\n\n\n\n<ul class=\"wp-block-list\">\n<li>Tout d&#8217;abord, seuls les particuliers peuvent en profiter, les professionnels \u00e9tant soumis au taux standard de 20%. <\/li>\n\n\n\n<li>De plus, l&#8217;achat et l&#8217;installation de la borne de recharge doivent figurer sur une seule facture. Il est donc recommand\u00e9 de confier l&#8217;ensemble du projet \u00e0 un installateur fournissant les bornes, afin de garantir l&#8217;application du taux r\u00e9duit.<\/li>\n\n\n\n<li>Enfin, il est imp\u00e9ratif que l&#8217;installation soit r\u00e9alis\u00e9e par un \u00e9lectricien qualifi\u00e9 en Infrastructures de Recharge pour V\u00e9hicules \u00c9lectriques (IRVE). Cette condition assure la qualit\u00e9 et la conformit\u00e9 de l&#8217;installation, tout en permettant de b\u00e9n\u00e9ficier de la TVA r\u00e9duite.<\/li>\n<\/ul>\n\n\n\n<p>La TVA \u00e0 5,5 % maintenue en 2024 encourage l&#8217;adoption de la mobilit\u00e9 \u00e9lectrique en la rendant plus accessible. Elle offre ainsi aux particuliers une opportunit\u00e9 attrayante de contribuer \u00e0 la transition vers des modes de transport durables.<\/p>\n\n\n\n<h2 class=\"wp-block-heading\" id=\"h-la-prime-advenir-pour-les-coproprietes\"><strong>La prime Advenir pour les copropri\u00e9t\u00e9s<\/strong><\/h2>\n\n\n\n<p>Si vous habitez en immeuble ou copropri\u00e9t\u00e9, il existe des aides qui sont cumulables avec le cr\u00e9dit d&#8217;imp\u00f4t. Elles portent le nom de &#8220;<a href=\"https:\/\/advenir.mobi\/immeuble-%20collectif\/\">Prime Advenir<\/a>&#8220;, en r\u00e9f\u00e9rence au nom du programme g\u00e9r\u00e9 par le gouvernement. Les montants se calculent pour chaque projet sur la base d&#8217;un taux d&#8217;aide et d&#8217;un plafond.<\/p>\n\n\n\n<p>Vous trouverez ci-dessous un tableau r\u00e9capitulatif :<\/p>\n\n\n\n<figure class=\"wp-block-image size-full\"><img loading=\"lazy\" decoding=\"async\" width=\"948\" height=\"267\" src=\"https:\/\/ohme-ev.com\/fr\/wp-content\/uploads\/sites\/9\/2024\/09\/PrimeAdvenir_collectif_Sept2024.webp\" alt=\"Tableau r\u00e9capitulatif des aides de l'\u00e9tat pour les bornes de recharge\" class=\"wp-image-3733\" srcset=\"https:\/\/ohme-ev.com\/fr\/wp-content\/uploads\/sites\/9\/2024\/09\/PrimeAdvenir_collectif_Sept2024.webp 948w, https:\/\/ohme-ev.com\/fr\/wp-content\/uploads\/sites\/9\/2024\/09\/PrimeAdvenir_collectif_Sept2024-300x84.webp 300w, https:\/\/ohme-ev.com\/fr\/wp-content\/uploads\/sites\/9\/2024\/09\/PrimeAdvenir_collectif_Sept2024-768x216.webp 768w, https:\/\/ohme-ev.com\/fr\/wp-content\/uploads\/sites\/9\/2024\/09\/PrimeAdvenir_collectif_Sept2024-340x96.webp 340w\" sizes=\"auto, (max-width: 948px) 100vw, 948px\" \/><\/figure>\n\n\n\n<p><strong>Vous souhaitez avoir une estimation pour l&#8217;installation d&#8217;une borne de recharge ?<\/strong><\/p>\n\n\n\n<p>Toutes <a href=\"https:\/\/ohme-ev.com\/fr\/nos-bornes-de-recharge\/\" target=\"_blank\" rel=\"noreferrer noopener\">les solutions de recharge propos\u00e9es par Ohme <\/a>sont \u00e9ligibles aux aides de l&#8217;Etat. Parce qu&#8217;il est important de ne pas dissocier l&#8217;acquisition et l&#8217;installation d&#8217;une borne de recharge, Ohme s&#8217;appuie sur un r\u00e9seau d&#8217;installateurs certifi\u00e9s.<\/p>\n\n\n\n<div style=\"height:100px\" aria-hidden=\"true\" class=\"wp-block-spacer\"><\/div>\n\n\n\n<div class=\"wp-block-buttons is-content-justification-center is-layout-flex wp-container-core-buttons-is-layout-16018d1d wp-block-buttons-is-layout-flex\">\n<div class=\"wp-block-button\"><a class=\"wp-block-button__link has-white-color has-text-color has-background has-link-color wp-element-button\" href=\"https:\/\/survey.ohme-ev.com\/survey\/direct?partnerId=0f3d1cf0-ffdb-4734-897f-406f557237d7&amp;journeyId=2c29f76d-dd44-44e6-b443-95028c36d511&amp;region=fr&amp;_gl=1*i1t0in*_gcl_au*MjE0MzEwNDcwLjE3NDkyMTE1NjY.*FPAU*MjE0MzEwNDcwLjE3NDkyMTE1NjY.\" style=\"background-color:#0046af\"><strong>Demandez un devis<\/strong><\/a><\/div>\n<\/div>\n\n\n\n<p><\/p>\n","protected":false},"excerpt":{"rendered":"<p>Dans la transition vers une mobilit\u00e9 plus propre, l&#8217;installation de bornes de recharge au domicile des particuliers joue un r\u00f4le crucial. Pour rendre cette transition plus accessible, l&#8217;\u00c9tat propose plusieurs solutions d&#8217;aides financi\u00e8res, parmi lesquelles le cr\u00e9dit d&#8217;imp\u00f4t et la prime Advenir. D\u00e9couvrons en d\u00e9tail ces m\u00e9canismes d&#8217;incitation et les conditions pour en b\u00e9n\u00e9ficier. Le [&hellip;]<\/p>\n","protected":false},"author":22,"featured_media":2878,"comment_status":"closed","ping_status":"closed","sticky":false,"template":"","format":"standard","meta":{"_acf_changed":false,"_helpful_status":1,"footnotes":""},"categories":[1],"tags":[],"class_list":["post-3161","post","type-post","status-publish","format-standard","has-post-thumbnail","hentry","category-uncategorized"],"acf":[],"yoast_head":"<!-- This site is optimized with the Yoast SEO Premium plugin v27.4 (Yoast SEO v27.4) - https:\/\/yoast.com\/product\/yoast-seo-premium-wordpress\/ -->\n<title>Installation de bornes de recharge \u00e0 domicile : les aides de l&#039;\u00e9tat<\/title>\n<meta name=\"description\" content=\"Ohme propose des bornes de recharge et un r\u00e9seau d&#039;installateurs IRVE vous permettant de b\u00e9n\u00e9ficier des aides de l&#039;Etat.\" \/>\n<meta name=\"robots\" content=\"index, follow, max-snippet:-1, max-image-preview:large, max-video-preview:-1\" \/>\n<link rel=\"canonical\" href=\"https:\/\/ohme-ev.com\/fr\/blog\/installation-de-bornes-de-recharge-a-domicile-les-aides-de-letat\/\" \/>\n<meta property=\"og:locale\" content=\"fr_FR\" \/>\n<meta property=\"og:type\" content=\"article\" \/>\n<meta property=\"og:title\" content=\"Installation de bornes \u00e0 domicile : les aides de l&#039;Etat\" \/>\n<meta property=\"og:description\" content=\"Ohme propose des bornes de recharge et un r\u00e9seau d&#039;installateurs IRVE vous permettant de b\u00e9n\u00e9ficier des aides de l&#039;Etat.\" \/>\n<meta property=\"og:url\" content=\"https:\/\/ohme-ev.com\/fr\/blog\/installation-de-bornes-de-recharge-a-domicile-les-aides-de-letat\/\" \/>\n<meta property=\"og:site_name\" content=\"Ohme EV France\" \/>\n<meta property=\"article:publisher\" content=\"https:\/\/www.facebook.com\/OhmeEV\/\" \/>\n<meta property=\"article:published_time\" content=\"2024-04-22T08:34:37+00:00\" \/>\n<meta property=\"article:modified_time\" content=\"2025-06-11T08:43:50+00:00\" \/>\n<meta property=\"og:image\" content=\"https:\/\/ohme-ev.com\/fr\/wp-content\/uploads\/sites\/9\/2024\/02\/50-text-image_Man-holding-charger-cable_Master_560x634.webp\" \/>\n\t<meta property=\"og:image:width\" content=\"560\" \/>\n\t<meta property=\"og:image:height\" content=\"634\" \/>\n\t<meta property=\"og:image:type\" content=\"image\/webp\" \/>\n<meta name=\"author\" content=\"Caroline Bouchet\" \/>\n<meta name=\"twitter:card\" content=\"summary_large_image\" \/>\n<meta name=\"twitter:creator\" content=\"@ohmeev\" \/>\n<meta name=\"twitter:site\" content=\"@ohmeev\" \/>\n<meta name=\"twitter:label1\" content=\"Written by\" \/>\n\t<meta name=\"twitter:data1\" content=\"Caroline Bouchet\" \/>\n\t<meta name=\"twitter:label2\" content=\"Est. reading time\" \/>\n\t<meta name=\"twitter:data2\" content=\"4 minutes\" \/>\n<script type=\"application\/ld+json\" class=\"yoast-schema-graph\">{\"@context\":\"https:\\\/\\\/schema.org\",\"@graph\":[{\"@type\":\"Article\",\"@id\":\"https:\\\/\\\/ohme-ev.com\\\/fr\\\/blog\\\/installation-de-bornes-de-recharge-a-domicile-les-aides-de-letat\\\/#article\",\"isPartOf\":{\"@id\":\"https:\\\/\\\/ohme-ev.com\\\/fr\\\/blog\\\/installation-de-bornes-de-recharge-a-domicile-les-aides-de-letat\\\/\"},\"author\":{\"name\":\"Caroline Bouchet\",\"@id\":\"https:\\\/\\\/ohme-ev.com\\\/fr\\\/#\\\/schema\\\/person\\\/366a8b3e18238e7b0f92a5a791fc3982\"},\"headline\":\"Installation de bornes \u00e0 domicile : les aides de l&#8217;Etat\",\"datePublished\":\"2024-04-22T08:34:37+00:00\",\"dateModified\":\"2025-06-11T08:43:50+00:00\",\"mainEntityOfPage\":{\"@id\":\"https:\\\/\\\/ohme-ev.com\\\/fr\\\/blog\\\/installation-de-bornes-de-recharge-a-domicile-les-aides-de-letat\\\/\"},\"wordCount\":819,\"image\":{\"@id\":\"https:\\\/\\\/ohme-ev.com\\\/fr\\\/blog\\\/installation-de-bornes-de-recharge-a-domicile-les-aides-de-letat\\\/#primaryimage\"},\"thumbnailUrl\":\"https:\\\/\\\/ohme-ev.com\\\/fr\\\/wp-content\\\/uploads\\\/sites\\\/9\\\/2024\\\/02\\\/50-text-image_Man-holding-charger-cable_Master_560x634.webp\",\"inLanguage\":\"fr-fr\"},{\"@type\":\"WebPage\",\"@id\":\"https:\\\/\\\/ohme-ev.com\\\/fr\\\/blog\\\/installation-de-bornes-de-recharge-a-domicile-les-aides-de-letat\\\/\",\"url\":\"https:\\\/\\\/ohme-ev.com\\\/fr\\\/blog\\\/installation-de-bornes-de-recharge-a-domicile-les-aides-de-letat\\\/\",\"name\":\"Installation de bornes de recharge \u00e0 domicile : les aides de l'\u00e9tat\",\"isPartOf\":{\"@id\":\"https:\\\/\\\/ohme-ev.com\\\/fr\\\/#website\"},\"primaryImageOfPage\":{\"@id\":\"https:\\\/\\\/ohme-ev.com\\\/fr\\\/blog\\\/installation-de-bornes-de-recharge-a-domicile-les-aides-de-letat\\\/#primaryimage\"},\"image\":{\"@id\":\"https:\\\/\\\/ohme-ev.com\\\/fr\\\/blog\\\/installation-de-bornes-de-recharge-a-domicile-les-aides-de-letat\\\/#primaryimage\"},\"thumbnailUrl\":\"https:\\\/\\\/ohme-ev.com\\\/fr\\\/wp-content\\\/uploads\\\/sites\\\/9\\\/2024\\\/02\\\/50-text-image_Man-holding-charger-cable_Master_560x634.webp\",\"datePublished\":\"2024-04-22T08:34:37+00:00\",\"dateModified\":\"2025-06-11T08:43:50+00:00\",\"author\":{\"@id\":\"https:\\\/\\\/ohme-ev.com\\\/fr\\\/#\\\/schema\\\/person\\\/366a8b3e18238e7b0f92a5a791fc3982\"},\"description\":\"Ohme propose des bornes de recharge et un r\u00e9seau d'installateurs IRVE vous permettant de b\u00e9n\u00e9ficier des aides de l'Etat.\",\"breadcrumb\":{\"@id\":\"https:\\\/\\\/ohme-ev.com\\\/fr\\\/blog\\\/installation-de-bornes-de-recharge-a-domicile-les-aides-de-letat\\\/#breadcrumb\"},\"inLanguage\":\"fr-fr\",\"potentialAction\":[{\"@type\":\"ReadAction\",\"target\":[\"https:\\\/\\\/ohme-ev.com\\\/fr\\\/blog\\\/installation-de-bornes-de-recharge-a-domicile-les-aides-de-letat\\\/\"]}]},{\"@type\":\"ImageObject\",\"inLanguage\":\"fr-fr\",\"@id\":\"https:\\\/\\\/ohme-ev.com\\\/fr\\\/blog\\\/installation-de-bornes-de-recharge-a-domicile-les-aides-de-letat\\\/#primaryimage\",\"url\":\"https:\\\/\\\/ohme-ev.com\\\/fr\\\/wp-content\\\/uploads\\\/sites\\\/9\\\/2024\\\/02\\\/50-text-image_Man-holding-charger-cable_Master_560x634.webp\",\"contentUrl\":\"https:\\\/\\\/ohme-ev.com\\\/fr\\\/wp-content\\\/uploads\\\/sites\\\/9\\\/2024\\\/02\\\/50-text-image_Man-holding-charger-cable_Master_560x634.webp\",\"width\":560,\"height\":634},{\"@type\":\"BreadcrumbList\",\"@id\":\"https:\\\/\\\/ohme-ev.com\\\/fr\\\/blog\\\/installation-de-bornes-de-recharge-a-domicile-les-aides-de-letat\\\/#breadcrumb\",\"itemListElement\":[{\"@type\":\"ListItem\",\"position\":1,\"name\":\"Home\",\"item\":\"https:\\\/\\\/ohme-ev.com\\\/fr\\\/\"},{\"@type\":\"ListItem\",\"position\":2,\"name\":\"Installation de bornes \u00e0 domicile : les aides de l&#8217;Etat\"}]},{\"@type\":\"WebSite\",\"@id\":\"https:\\\/\\\/ohme-ev.com\\\/fr\\\/#website\",\"url\":\"https:\\\/\\\/ohme-ev.com\\\/fr\\\/\",\"name\":\"Ohme EV France\",\"description\":\"Ohme - EV Smart Charging Solutions\",\"potentialAction\":[{\"@type\":\"SearchAction\",\"target\":{\"@type\":\"EntryPoint\",\"urlTemplate\":\"https:\\\/\\\/ohme-ev.com\\\/fr\\\/?s={search_term_string}\"},\"query-input\":{\"@type\":\"PropertyValueSpecification\",\"valueRequired\":true,\"valueName\":\"search_term_string\"}}],\"inLanguage\":\"fr-fr\"},{\"@type\":\"Person\",\"@id\":\"https:\\\/\\\/ohme-ev.com\\\/fr\\\/#\\\/schema\\\/person\\\/366a8b3e18238e7b0f92a5a791fc3982\",\"name\":\"Caroline Bouchet\",\"image\":{\"@type\":\"ImageObject\",\"inLanguage\":\"fr-fr\",\"@id\":\"https:\\\/\\\/secure.gravatar.com\\\/avatar\\\/01b29c6791201c14ead8e11c90de63bd18494406e2415d7163dcbe131b696126?s=96&d=mm&r=g\",\"url\":\"https:\\\/\\\/secure.gravatar.com\\\/avatar\\\/01b29c6791201c14ead8e11c90de63bd18494406e2415d7163dcbe131b696126?s=96&d=mm&r=g\",\"contentUrl\":\"https:\\\/\\\/secure.gravatar.com\\\/avatar\\\/01b29c6791201c14ead8e11c90de63bd18494406e2415d7163dcbe131b696126?s=96&d=mm&r=g\",\"caption\":\"Caroline Bouchet\"}}]}<\/script>\n<!-- \/ Yoast SEO Premium plugin. -->","yoast_head_json":{"title":"Installation de bornes de recharge \u00e0 domicile : les aides de l'\u00e9tat","description":"Ohme propose des bornes de recharge et un r\u00e9seau d'installateurs IRVE vous permettant de b\u00e9n\u00e9ficier des aides de l'Etat.","robots":{"index":"index","follow":"follow","max-snippet":"max-snippet:-1","max-image-preview":"max-image-preview:large","max-video-preview":"max-video-preview:-1"},"canonical":"https:\/\/ohme-ev.com\/fr\/blog\/installation-de-bornes-de-recharge-a-domicile-les-aides-de-letat\/","og_locale":"fr_FR","og_type":"article","og_title":"Installation de bornes \u00e0 domicile : les aides de l'Etat","og_description":"Ohme propose des bornes de recharge et un r\u00e9seau d'installateurs IRVE vous permettant de b\u00e9n\u00e9ficier des aides de l'Etat.","og_url":"https:\/\/ohme-ev.com\/fr\/blog\/installation-de-bornes-de-recharge-a-domicile-les-aides-de-letat\/","og_site_name":"Ohme EV France","article_publisher":"https:\/\/www.facebook.com\/OhmeEV\/","article_published_time":"2024-04-22T08:34:37+00:00","article_modified_time":"2025-06-11T08:43:50+00:00","og_image":[{"width":560,"height":634,"url":"https:\/\/ohme-ev.com\/fr\/wp-content\/uploads\/sites\/9\/2024\/02\/50-text-image_Man-holding-charger-cable_Master_560x634.webp","type":"image\/webp"}],"author":"Caroline Bouchet","twitter_card":"summary_large_image","twitter_creator":"@ohmeev","twitter_site":"@ohmeev","twitter_misc":{"Written by":"Caroline Bouchet","Est. reading time":"4 minutes"},"schema":{"@context":"https:\/\/schema.org","@graph":[{"@type":"Article","@id":"https:\/\/ohme-ev.com\/fr\/blog\/installation-de-bornes-de-recharge-a-domicile-les-aides-de-letat\/#article","isPartOf":{"@id":"https:\/\/ohme-ev.com\/fr\/blog\/installation-de-bornes-de-recharge-a-domicile-les-aides-de-letat\/"},"author":{"name":"Caroline Bouchet","@id":"https:\/\/ohme-ev.com\/fr\/#\/schema\/person\/366a8b3e18238e7b0f92a5a791fc3982"},"headline":"Installation de bornes \u00e0 domicile : les aides de l&#8217;Etat","datePublished":"2024-04-22T08:34:37+00:00","dateModified":"2025-06-11T08:43:50+00:00","mainEntityOfPage":{"@id":"https:\/\/ohme-ev.com\/fr\/blog\/installation-de-bornes-de-recharge-a-domicile-les-aides-de-letat\/"},"wordCount":819,"image":{"@id":"https:\/\/ohme-ev.com\/fr\/blog\/installation-de-bornes-de-recharge-a-domicile-les-aides-de-letat\/#primaryimage"},"thumbnailUrl":"https:\/\/ohme-ev.com\/fr\/wp-content\/uploads\/sites\/9\/2024\/02\/50-text-image_Man-holding-charger-cable_Master_560x634.webp","inLanguage":"fr-fr"},{"@type":"WebPage","@id":"https:\/\/ohme-ev.com\/fr\/blog\/installation-de-bornes-de-recharge-a-domicile-les-aides-de-letat\/","url":"https:\/\/ohme-ev.com\/fr\/blog\/installation-de-bornes-de-recharge-a-domicile-les-aides-de-letat\/","name":"Installation de bornes de recharge \u00e0 domicile : les aides de l'\u00e9tat","isPartOf":{"@id":"https:\/\/ohme-ev.com\/fr\/#website"},"primaryImageOfPage":{"@id":"https:\/\/ohme-ev.com\/fr\/blog\/installation-de-bornes-de-recharge-a-domicile-les-aides-de-letat\/#primaryimage"},"image":{"@id":"https:\/\/ohme-ev.com\/fr\/blog\/installation-de-bornes-de-recharge-a-domicile-les-aides-de-letat\/#primaryimage"},"thumbnailUrl":"https:\/\/ohme-ev.com\/fr\/wp-content\/uploads\/sites\/9\/2024\/02\/50-text-image_Man-holding-charger-cable_Master_560x634.webp","datePublished":"2024-04-22T08:34:37+00:00","dateModified":"2025-06-11T08:43:50+00:00","author":{"@id":"https:\/\/ohme-ev.com\/fr\/#\/schema\/person\/366a8b3e18238e7b0f92a5a791fc3982"},"description":"Ohme propose des bornes de recharge et un r\u00e9seau d'installateurs IRVE vous permettant de b\u00e9n\u00e9ficier des aides de l'Etat.","breadcrumb":{"@id":"https:\/\/ohme-ev.com\/fr\/blog\/installation-de-bornes-de-recharge-a-domicile-les-aides-de-letat\/#breadcrumb"},"inLanguage":"fr-fr","potentialAction":[{"@type":"ReadAction","target":["https:\/\/ohme-ev.com\/fr\/blog\/installation-de-bornes-de-recharge-a-domicile-les-aides-de-letat\/"]}]},{"@type":"ImageObject","inLanguage":"fr-fr","@id":"https:\/\/ohme-ev.com\/fr\/blog\/installation-de-bornes-de-recharge-a-domicile-les-aides-de-letat\/#primaryimage","url":"https:\/\/ohme-ev.com\/fr\/wp-content\/uploads\/sites\/9\/2024\/02\/50-text-image_Man-holding-charger-cable_Master_560x634.webp","contentUrl":"https:\/\/ohme-ev.com\/fr\/wp-content\/uploads\/sites\/9\/2024\/02\/50-text-image_Man-holding-charger-cable_Master_560x634.webp","width":560,"height":634},{"@type":"BreadcrumbList","@id":"https:\/\/ohme-ev.com\/fr\/blog\/installation-de-bornes-de-recharge-a-domicile-les-aides-de-letat\/#breadcrumb","itemListElement":[{"@type":"ListItem","position":1,"name":"Home","item":"https:\/\/ohme-ev.com\/fr\/"},{"@type":"ListItem","position":2,"name":"Installation de bornes \u00e0 domicile : les aides de l&#8217;Etat"}]},{"@type":"WebSite","@id":"https:\/\/ohme-ev.com\/fr\/#website","url":"https:\/\/ohme-ev.com\/fr\/","name":"Ohme EV France","description":"Ohme - EV Smart Charging Solutions","potentialAction":[{"@type":"SearchAction","target":{"@type":"EntryPoint","urlTemplate":"https:\/\/ohme-ev.com\/fr\/?s={search_term_string}"},"query-input":{"@type":"PropertyValueSpecification","valueRequired":true,"valueName":"search_term_string"}}],"inLanguage":"fr-fr"},{"@type":"Person","@id":"https:\/\/ohme-ev.com\/fr\/#\/schema\/person\/366a8b3e18238e7b0f92a5a791fc3982","name":"Caroline Bouchet","image":{"@type":"ImageObject","inLanguage":"fr-fr","@id":"https:\/\/secure.gravatar.com\/avatar\/01b29c6791201c14ead8e11c90de63bd18494406e2415d7163dcbe131b696126?s=96&d=mm&r=g","url":"https:\/\/secure.gravatar.com\/avatar\/01b29c6791201c14ead8e11c90de63bd18494406e2415d7163dcbe131b696126?s=96&d=mm&r=g","contentUrl":"https:\/\/secure.gravatar.com\/avatar\/01b29c6791201c14ead8e11c90de63bd18494406e2415d7163dcbe131b696126?s=96&d=mm&r=g","caption":"Caroline Bouchet"}}]}},"_links":{"self":[{"href":"https:\/\/ohme-ev.com\/fr\/wp-json\/wp\/v2\/posts\/3161","targetHints":{"allow":["GET"]}}],"collection":[{"href":"https:\/\/ohme-ev.com\/fr\/wp-json\/wp\/v2\/posts"}],"about":[{"href":"https:\/\/ohme-ev.com\/fr\/wp-json\/wp\/v2\/types\/post"}],"author":[{"embeddable":true,"href":"https:\/\/ohme-ev.com\/fr\/wp-json\/wp\/v2\/users\/22"}],"replies":[{"embeddable":true,"href":"https:\/\/ohme-ev.com\/fr\/wp-json\/wp\/v2\/comments?post=3161"}],"version-history":[{"count":0,"href":"https:\/\/ohme-ev.com\/fr\/wp-json\/wp\/v2\/posts\/3161\/revisions"}],"wp:featuredmedia":[{"embeddable":true,"href":"https:\/\/ohme-ev.com\/fr\/wp-json\/wp\/v2\/media\/2878"}],"wp:attachment":[{"href":"https:\/\/ohme-ev.com\/fr\/wp-json\/wp\/v2\/media?parent=3161"}],"wp:term":[{"taxonomy":"category","embeddable":true,"href":"https:\/\/ohme-ev.com\/fr\/wp-json\/wp\/v2\/categories?post=3161"},{"taxonomy":"post_tag","embeddable":true,"href":"https:\/\/ohme-ev.com\/fr\/wp-json\/wp\/v2\/tags?post=3161"}],"curies":[{"name":"wp","href":"https:\/\/api.w.org\/{rel}","templated":true}]}}