{"id":6243,"date":"2025-06-10T12:04:35","date_gmt":"2025-06-10T12:04:35","guid":{"rendered":"https:\/\/ohme-ev.com\/fr\/?post_type=news-and-press&#038;p=6243"},"modified":"2025-06-10T12:04:37","modified_gmt":"2025-06-10T12:04:37","slug":"ohme-accelere-la-recharge-a-domicile-avec-sa-borne-epod-s-triphasee-de-22-kw","status":"publish","type":"news-and-press","link":"https:\/\/ohme-ev.com\/fr\/espace-presse\/ohme-accelere-la-recharge-a-domicile-avec-sa-borne-epod-s-triphasee-de-22-kw\/","title":{"rendered":"Ohme acc\u00e9l\u00e8re la recharge \u00e0 domicile avec sa borne ePod S triphas\u00e9e de 22kW"},"content":{"rendered":"\n<p>Paris, le 10 juin 2025. Ohme France, acteur innovant de la recharge domestique pour v\u00e9hicules \u00e9lectriques, \u00e9largit son offre en proposant l\u2019ePod S 22kW triphas\u00e9. Con\u00e7u pour r\u00e9pondre aux besoins des conducteurs les plus exigeants, ce nouveau chargeur permet une recharge plus rapide \u00e0 domicile, tout en \u00e9tant compatible avec les installations monophas\u00e9es et triphas\u00e9es.<\/p>\n\n\n\n<p>\u00ab <em>Avec le lancement de l\u2019ePod S 22kW, Ohme \u00e9toffe son offre pour accompagner tous les profils d\u2019utilisateurs, aujourd\u2019hui comme demain <\/em>\u00bb, d\u00e9clare Alexis Chevalier, Directeur du d\u00e9veloppement Commercial chez Ohme France. \u00ab <em>Ce chargeur est id\u00e9al pour ceux qui disposent d\u2019une installation triphas\u00e9e, mais aussi pour ceux qui souhaitent anticiper une \u00e9volution de leur logement<\/em>.\u00bb<\/p>\n\n\n\n<p>Le nouveau chargeur vient compl\u00e9ter l\u2019offre existante d\u2019Ohme, aux c\u00f4t\u00e9s de l\u2019ePod S standard et du chargeur portable Go. Gr\u00e2ce \u00e0 l&#8217;int\u00e9gration des tarifs \u00e9nerg\u00e9tiques fran\u00e7ais via API et \u00e0 des fonctionnalit\u00e9s avanc\u00e9es de recharge intelligente, l\u2019application Ohme permet aux conducteurs de programmer pr\u00e9cis\u00e9ment leur recharge en fonction de leurs habitudes et des heures creuses. R\u00e9sultat : une voiture toujours pr\u00eate au bon moment, tout en optimisant les co\u00fbts et l&#8217;empreinte carbone.<\/p>\n\n\n\n<p>Parmi les nouveaut\u00e9s, l\u2019application propose \u00e9galement la fonction Multicar, pens\u00e9e pour les foyers \u00e9quip\u00e9s de plusieurs v\u00e9hicules \u00e9lectriques. En quelques clics, les utilisateurs peuvent s\u00e9lectionner le v\u00e9hicule \u00e0 recharger, pour une gestion simplifi\u00e9e au quotidien.<\/p>\n\n\n\n<p>Avec l\u2019ePod S 22kW, Ohme confirme sa volont\u00e9 de d\u00e9mocratiser une recharge plus rapide, plus intelligente et plus adapt\u00e9e aux besoins des foyers fran\u00e7ais.<\/p>\n\n\n\n<p><strong>Alexis Chevalier<\/strong>, Business Development Director, Ohme France \u2013 <a href=\"mailto:alexis.chevalier@ohme-ev.com\" target=\"_blank\" rel=\"noreferrer noopener\">alexis.chevalier@ohme-ev.com<\/a>&nbsp;<\/p>\n\n\n\n<p><strong>Caroline Bouchet<\/strong>, Marketing &amp; Communications Manager France, Ohme&nbsp; \u2013 <a href=\"mailto:caroline.bouchet@ohme-ev.com\" target=\"_blank\" rel=\"noreferrer noopener\">caroline.bouchet@ohme-ev.com<\/a><\/p>\n\n\n\n<p><strong>Nat Barnes<\/strong>, Head of PR, Ohme \u2013 <a href=\"mailto:nat.barnes@ohme-ev.com\">nat.barnes@ohme-ev.com<\/a><\/p>\n\n\n\n<p><strong>\u00c0 propos d&#8217;Ohme<\/strong><\/p>\n\n\n\n<p>Ohme a \u00e9t\u00e9 fond\u00e9e en 2017 et est le leader du <em>smart charging<\/em>* au Royaume-Uni.<\/p>\n\n\n\n<p>\u00c0 la pointe de la recharge des v\u00e9hicules \u00e9lectriques et hybrides rechargeables, Ohme propose des solutions de pilotage intelligent de la recharge pour les conducteurs, les entreprises et les flottes qui leur permettent de recharger pendant les heures creuses et de r\u00e9duire leurs co\u00fbts de recharge et leur impact environnemental.<\/p>\n\n\n\n<p>Ohme est le fournisseur officiel de borne de recharge du groupe Volkswagen et de Polestar au Royaume-Uni et en Irlande, ainsi que de Mercedes-Benz et Hyundai au Royaume-Uni et de Volvo Cars en Irlande.<\/p>\n\n\n\n<p>En 2024, Ohme a poursuivi son expansion internationale en d\u00e9veloppant ses activit\u00e9s en Australie, en France, en Allemagne, en Espagne, en Italie et au Portugal, tout en consolidant sa pr\u00e9sence en Belgique et aux Pays-Bas. Dans chacun de ces march\u00e9s, Ohme reste fid\u00e8le \u00e0 sa mission&nbsp;: acc\u00e9l\u00e9rer la transition \u00e9nerg\u00e9tique en offrant des solutions simples et orient\u00e9es clients dans chaque pays.<\/p>\n\n\n\n<p>Ohme a obtenu les certifications ISO 9001 et ISO 27001 pour la rigueur de ses processus qualit\u00e9 et la s\u00e9curit\u00e9 des informations.<\/p>\n\n\n\n<p>*recharge intelligente<\/p>\n\n\n\n<p><\/p>\n","protected":false},"featured_media":5699,"template":"","class_list":["post-6243","news-and-press","type-news-and-press","status-publish","has-post-thumbnail","hentry"],"acf":[],"yoast_head":"<!-- This site is optimized with the Yoast SEO Premium plugin v27.4 (Yoast SEO v27.4) - https:\/\/yoast.com\/product\/yoast-seo-premium-wordpress\/ -->\n<title>Ohme acc\u00e9l\u00e8re la recharge \u00e0 domicile avec sa borne ePod S triphas\u00e9e de 22kW - Ohme EV France<\/title>\n<meta name=\"description\" content=\"Ohme annonce le lancement de sa nouvelle borne de 22 kW, qui permet une recharge plus rapide \u00e0 domicile, en \u00e9tant compatible avec les installations mono et triphas\u00e9es.\" \/>\n<meta name=\"robots\" content=\"index, follow, max-snippet:-1, max-image-preview:large, max-video-preview:-1\" \/>\n<link rel=\"canonical\" href=\"https:\/\/ohme-ev.com\/fr\/espace-presse\/ohme-accelere-la-recharge-a-domicile-avec-sa-borne-epod-s-triphasee-de-22-kw\/\" \/>\n<meta property=\"og:locale\" content=\"fr_FR\" \/>\n<meta property=\"og:type\" content=\"article\" \/>\n<meta property=\"og:title\" content=\"Ohme acc\u00e9l\u00e8re la recharge \u00e0 domicile avec sa borne ePod S triphas\u00e9e de 22kW\" \/>\n<meta property=\"og:description\" content=\"Ohme annonce le lancement de sa nouvelle borne de 22 kW, qui permet une recharge plus rapide \u00e0 domicile, en \u00e9tant compatible avec les installations mono et triphas\u00e9es.\" \/>\n<meta property=\"og:url\" content=\"https:\/\/ohme-ev.com\/fr\/espace-presse\/ohme-accelere-la-recharge-a-domicile-avec-sa-borne-epod-s-triphasee-de-22-kw\/\" \/>\n<meta property=\"og:site_name\" content=\"Ohme EV France\" \/>\n<meta property=\"article:publisher\" content=\"https:\/\/www.facebook.com\/OhmeEV\/\" \/>\n<meta property=\"article:modified_time\" content=\"2025-06-10T12:04:37+00:00\" \/>\n<meta property=\"og:image\" content=\"https:\/\/ohme-ev.com\/fr\/wp-content\/uploads\/sites\/9\/2023\/11\/A7501737-Edited-1.webp\" \/>\n\t<meta property=\"og:image:width\" content=\"1200\" \/>\n\t<meta property=\"og:image:height\" content=\"800\" \/>\n\t<meta property=\"og:image:type\" content=\"image\/webp\" \/>\n<meta name=\"twitter:card\" content=\"summary_large_image\" \/>\n<meta name=\"twitter:site\" content=\"@ohmeev\" \/>\n<meta name=\"twitter:label1\" content=\"Est. reading time\" \/>\n\t<meta name=\"twitter:data1\" content=\"3 minutes\" \/>\n<script type=\"application\/ld+json\" class=\"yoast-schema-graph\">{\"@context\":\"https:\\\/\\\/schema.org\",\"@graph\":[{\"@type\":\"WebPage\",\"@id\":\"https:\\\/\\\/ohme-ev.com\\\/fr\\\/espace-presse\\\/ohme-accelere-la-recharge-a-domicile-avec-sa-borne-epod-s-triphasee-de-22-kw\\\/\",\"url\":\"https:\\\/\\\/ohme-ev.com\\\/fr\\\/espace-presse\\\/ohme-accelere-la-recharge-a-domicile-avec-sa-borne-epod-s-triphasee-de-22-kw\\\/\",\"name\":\"Ohme acc\u00e9l\u00e8re la recharge \u00e0 domicile avec sa borne ePod S triphas\u00e9e de 22kW - Ohme EV France\",\"isPartOf\":{\"@id\":\"https:\\\/\\\/ohme-ev.com\\\/fr\\\/#website\"},\"primaryImageOfPage\":{\"@id\":\"https:\\\/\\\/ohme-ev.com\\\/fr\\\/espace-presse\\\/ohme-accelere-la-recharge-a-domicile-avec-sa-borne-epod-s-triphasee-de-22-kw\\\/#primaryimage\"},\"image\":{\"@id\":\"https:\\\/\\\/ohme-ev.com\\\/fr\\\/espace-presse\\\/ohme-accelere-la-recharge-a-domicile-avec-sa-borne-epod-s-triphasee-de-22-kw\\\/#primaryimage\"},\"thumbnailUrl\":\"https:\\\/\\\/ohme-ev.com\\\/fr\\\/wp-content\\\/uploads\\\/sites\\\/9\\\/2023\\\/11\\\/A7501737-Edited-1.webp\",\"datePublished\":\"2025-06-10T12:04:35+00:00\",\"dateModified\":\"2025-06-10T12:04:37+00:00\",\"description\":\"Ohme annonce le lancement de sa nouvelle borne de 22 kW, qui permet une recharge plus rapide \u00e0 domicile, en \u00e9tant compatible avec les installations mono et triphas\u00e9es.\",\"breadcrumb\":{\"@id\":\"https:\\\/\\\/ohme-ev.com\\\/fr\\\/espace-presse\\\/ohme-accelere-la-recharge-a-domicile-avec-sa-borne-epod-s-triphasee-de-22-kw\\\/#breadcrumb\"},\"inLanguage\":\"fr-fr\",\"potentialAction\":[{\"@type\":\"ReadAction\",\"target\":[\"https:\\\/\\\/ohme-ev.com\\\/fr\\\/espace-presse\\\/ohme-accelere-la-recharge-a-domicile-avec-sa-borne-epod-s-triphasee-de-22-kw\\\/\"]}]},{\"@type\":\"ImageObject\",\"inLanguage\":\"fr-fr\",\"@id\":\"https:\\\/\\\/ohme-ev.com\\\/fr\\\/espace-presse\\\/ohme-accelere-la-recharge-a-domicile-avec-sa-borne-epod-s-triphasee-de-22-kw\\\/#primaryimage\",\"url\":\"https:\\\/\\\/ohme-ev.com\\\/fr\\\/wp-content\\\/uploads\\\/sites\\\/9\\\/2023\\\/11\\\/A7501737-Edited-1.webp\",\"contentUrl\":\"https:\\\/\\\/ohme-ev.com\\\/fr\\\/wp-content\\\/uploads\\\/sites\\\/9\\\/2023\\\/11\\\/A7501737-Edited-1.webp\",\"width\":1200,\"height\":800},{\"@type\":\"BreadcrumbList\",\"@id\":\"https:\\\/\\\/ohme-ev.com\\\/fr\\\/espace-presse\\\/ohme-accelere-la-recharge-a-domicile-avec-sa-borne-epod-s-triphasee-de-22-kw\\\/#breadcrumb\",\"itemListElement\":[{\"@type\":\"ListItem\",\"position\":1,\"name\":\"Home\",\"item\":\"https:\\\/\\\/ohme-ev.com\\\/fr\\\/\"},{\"@type\":\"ListItem\",\"position\":2,\"name\":\"Ohme acc\u00e9l\u00e8re la recharge \u00e0 domicile avec sa borne ePod S triphas\u00e9e de 22kW\"}]},{\"@type\":\"WebSite\",\"@id\":\"https:\\\/\\\/ohme-ev.com\\\/fr\\\/#website\",\"url\":\"https:\\\/\\\/ohme-ev.com\\\/fr\\\/\",\"name\":\"Ohme EV France\",\"description\":\"Ohme - EV Smart Charging Solutions\",\"potentialAction\":[{\"@type\":\"SearchAction\",\"target\":{\"@type\":\"EntryPoint\",\"urlTemplate\":\"https:\\\/\\\/ohme-ev.com\\\/fr\\\/?s={search_term_string}\"},\"query-input\":{\"@type\":\"PropertyValueSpecification\",\"valueRequired\":true,\"valueName\":\"search_term_string\"}}],\"inLanguage\":\"fr-fr\"}]}<\/script>\n<!-- \/ Yoast SEO Premium plugin. -->","yoast_head_json":{"title":"Ohme acc\u00e9l\u00e8re la recharge \u00e0 domicile avec sa borne ePod S triphas\u00e9e de 22kW - Ohme EV France","description":"Ohme annonce le lancement de sa nouvelle borne de 22 kW, qui permet une recharge plus rapide \u00e0 domicile, en \u00e9tant compatible avec les installations mono et triphas\u00e9es.","robots":{"index":"index","follow":"follow","max-snippet":"max-snippet:-1","max-image-preview":"max-image-preview:large","max-video-preview":"max-video-preview:-1"},"canonical":"https:\/\/ohme-ev.com\/fr\/espace-presse\/ohme-accelere-la-recharge-a-domicile-avec-sa-borne-epod-s-triphasee-de-22-kw\/","og_locale":"fr_FR","og_type":"article","og_title":"Ohme acc\u00e9l\u00e8re la recharge \u00e0 domicile avec sa borne ePod S triphas\u00e9e de 22kW","og_description":"Ohme annonce le lancement de sa nouvelle borne de 22 kW, qui permet une recharge plus rapide \u00e0 domicile, en \u00e9tant compatible avec les installations mono et triphas\u00e9es.","og_url":"https:\/\/ohme-ev.com\/fr\/espace-presse\/ohme-accelere-la-recharge-a-domicile-avec-sa-borne-epod-s-triphasee-de-22-kw\/","og_site_name":"Ohme EV France","article_publisher":"https:\/\/www.facebook.com\/OhmeEV\/","article_modified_time":"2025-06-10T12:04:37+00:00","og_image":[{"width":1200,"height":800,"url":"https:\/\/ohme-ev.com\/fr\/wp-content\/uploads\/sites\/9\/2023\/11\/A7501737-Edited-1.webp","type":"image\/webp"}],"twitter_card":"summary_large_image","twitter_site":"@ohmeev","twitter_misc":{"Est. reading time":"3 minutes"},"schema":{"@context":"https:\/\/schema.org","@graph":[{"@type":"WebPage","@id":"https:\/\/ohme-ev.com\/fr\/espace-presse\/ohme-accelere-la-recharge-a-domicile-avec-sa-borne-epod-s-triphasee-de-22-kw\/","url":"https:\/\/ohme-ev.com\/fr\/espace-presse\/ohme-accelere-la-recharge-a-domicile-avec-sa-borne-epod-s-triphasee-de-22-kw\/","name":"Ohme acc\u00e9l\u00e8re la recharge \u00e0 domicile avec sa borne ePod S triphas\u00e9e de 22kW - Ohme EV France","isPartOf":{"@id":"https:\/\/ohme-ev.com\/fr\/#website"},"primaryImageOfPage":{"@id":"https:\/\/ohme-ev.com\/fr\/espace-presse\/ohme-accelere-la-recharge-a-domicile-avec-sa-borne-epod-s-triphasee-de-22-kw\/#primaryimage"},"image":{"@id":"https:\/\/ohme-ev.com\/fr\/espace-presse\/ohme-accelere-la-recharge-a-domicile-avec-sa-borne-epod-s-triphasee-de-22-kw\/#primaryimage"},"thumbnailUrl":"https:\/\/ohme-ev.com\/fr\/wp-content\/uploads\/sites\/9\/2023\/11\/A7501737-Edited-1.webp","datePublished":"2025-06-10T12:04:35+00:00","dateModified":"2025-06-10T12:04:37+00:00","description":"Ohme annonce le lancement de sa nouvelle borne de 22 kW, qui permet une recharge plus rapide \u00e0 domicile, en \u00e9tant compatible avec les installations mono et triphas\u00e9es.","breadcrumb":{"@id":"https:\/\/ohme-ev.com\/fr\/espace-presse\/ohme-accelere-la-recharge-a-domicile-avec-sa-borne-epod-s-triphasee-de-22-kw\/#breadcrumb"},"inLanguage":"fr-fr","potentialAction":[{"@type":"ReadAction","target":["https:\/\/ohme-ev.com\/fr\/espace-presse\/ohme-accelere-la-recharge-a-domicile-avec-sa-borne-epod-s-triphasee-de-22-kw\/"]}]},{"@type":"ImageObject","inLanguage":"fr-fr","@id":"https:\/\/ohme-ev.com\/fr\/espace-presse\/ohme-accelere-la-recharge-a-domicile-avec-sa-borne-epod-s-triphasee-de-22-kw\/#primaryimage","url":"https:\/\/ohme-ev.com\/fr\/wp-content\/uploads\/sites\/9\/2023\/11\/A7501737-Edited-1.webp","contentUrl":"https:\/\/ohme-ev.com\/fr\/wp-content\/uploads\/sites\/9\/2023\/11\/A7501737-Edited-1.webp","width":1200,"height":800},{"@type":"BreadcrumbList","@id":"https:\/\/ohme-ev.com\/fr\/espace-presse\/ohme-accelere-la-recharge-a-domicile-avec-sa-borne-epod-s-triphasee-de-22-kw\/#breadcrumb","itemListElement":[{"@type":"ListItem","position":1,"name":"Home","item":"https:\/\/ohme-ev.com\/fr\/"},{"@type":"ListItem","position":2,"name":"Ohme acc\u00e9l\u00e8re la recharge \u00e0 domicile avec sa borne ePod S triphas\u00e9e de 22kW"}]},{"@type":"WebSite","@id":"https:\/\/ohme-ev.com\/fr\/#website","url":"https:\/\/ohme-ev.com\/fr\/","name":"Ohme EV France","description":"Ohme - EV Smart Charging Solutions","potentialAction":[{"@type":"SearchAction","target":{"@type":"EntryPoint","urlTemplate":"https:\/\/ohme-ev.com\/fr\/?s={search_term_string}"},"query-input":{"@type":"PropertyValueSpecification","valueRequired":true,"valueName":"search_term_string"}}],"inLanguage":"fr-fr"}]}},"_links":{"self":[{"href":"https:\/\/ohme-ev.com\/fr\/wp-json\/wp\/v2\/news-and-press\/6243","targetHints":{"allow":["GET"]}}],"collection":[{"href":"https:\/\/ohme-ev.com\/fr\/wp-json\/wp\/v2\/news-and-press"}],"about":[{"href":"https:\/\/ohme-ev.com\/fr\/wp-json\/wp\/v2\/types\/news-and-press"}],"wp:featuredmedia":[{"embeddable":true,"href":"https:\/\/ohme-ev.com\/fr\/wp-json\/wp\/v2\/media\/5699"}],"wp:attachment":[{"href":"https:\/\/ohme-ev.com\/fr\/wp-json\/wp\/v2\/media?parent=6243"}],"curies":[{"name":"wp","href":"https:\/\/api.w.org\/{rel}","templated":true}]}}