{"id":5689,"date":"2025-03-05T10:10:57","date_gmt":"2025-03-05T10:10:57","guid":{"rendered":"https:\/\/ohme-ev.com\/fr\/?post_type=news-and-press&#038;p=5689"},"modified":"2025-03-05T10:10:58","modified_gmt":"2025-03-05T10:10:58","slug":"ohme-annonce-le-lancement-de-sa-nouvelle-fonctionnalite-multicar","status":"publish","type":"news-and-press","link":"https:\/\/ohme-ev.com\/fr\/espace-presse\/ohme-annonce-le-lancement-de-sa-nouvelle-fonctionnalite-multicar\/","title":{"rendered":"Ohme annonce le lancement de sa nouvelle fonctionnalit\u00e9 Multicar"},"content":{"rendered":"\n<p>Paris, le 5 mars 2025. Ohme, sp\u00e9cialiste de la recharge intelligente \u00e0 domicile des v\u00e9hicules \u00e9lectriques et hybrides rechargeables, annonce le lancement de sa fonctionnalit\u00e9 Multicar.<\/p>\n\n\n\n<p>Cette nouveaut\u00e9 permet d\u00e9sormais aux conducteurs poss\u00e9dant plusieurs v\u00e9hicules \u00e9lectriques de les enregistrer sur un m\u00eame compte et de passer facilement de l\u2019un \u00e0 l\u2019autre pour s\u00e9lectionner celui \u00e0 recharger.<\/p>\n\n\n\n<p>Jusqu\u2019\u00e0 pr\u00e9sent, un propri\u00e9taire de plusieurs v\u00e9hicules \u00e9lectriques devait modifier manuellement le v\u00e9hicule principal de son compte ou ajuster la quantit\u00e9 d\u2019\u00e9nergie d\u00e9livr\u00e9e en fonction de son second v\u00e9hicule. Avec Multicar, il est d\u00e9sormais possible d\u2019enregistrer plusieurs v\u00e9hicules sur un m\u00eame compte et de passer de l\u2019un \u00e0 l\u2019autre en toute simplicit\u00e9. L\u2019utilisateur b\u00e9n\u00e9ficie ainsi d\u2019un programme de recharge parfaitement adapt\u00e9 \u00e0 chaque v\u00e9hicule, sans risque de co\u00fbt suppl\u00e9mentaire.<\/p>\n\n\n\n<p>\u00ab\u00a0<em>L\u2019innovation et l\u2019am\u00e9lioration continue sont au c\u0153ur de la mission d\u2019Ohme. Avec Multicar, nous r\u00e9pondons \u00e0 une attente forte des utilisateurs et facilitons davantage leur transition vers la mobilit\u00e9 \u00e9lectrique<\/em>\u00a0\u00bb, explique Alexis Chevalier, Directeur du D\u00e9veloppement Commercial chez Ohme France. \u00ab\u00a0<em>Cette nouvelle fonctionnalit\u00e9 illustre notre engagement \u00e0 proposer des solutions de recharge toujours plus intelligentes et adapt\u00e9es aux usages quotidiens.<\/em>\u00a0\u00bb<\/p>\n\n\n\n<p>Avec la possibilit\u00e9 d\u2019ajouter plusieurs v\u00e9hicules \u00e9lectriques sur un seul compte, Multicar permet aux utilisateurs d\u2019Ohme de mieux diff\u00e9rencier l\u2019usage de leurs v\u00e9hicules personnels et professionnels, avec un suivi pr\u00e9cis des co\u00fbts de recharge associ\u00e9s \u00e0 chacun \u2013 un atout essentiel pour le remboursement des frais de recharge \u00e0 domicile. Cette fonctionnalit\u00e9 offre \u00e9galement une grande flexibilit\u00e9 pour ajouter facilement un v\u00e9hicule invit\u00e9 en cas de besoin.<\/p>\n\n\n\n<p>Comme pour les fonctionnalit\u00e9s existantes de l\u2019application, les utilisateurs d\u2019Ohme disposent de donn\u00e9es d\u00e9taill\u00e9es pour chaque v\u00e9hicule enregistr\u00e9. Chaque session de recharge est suivie avec une ventilation pr\u00e9cise de l\u2019\u00e9nergie consomm\u00e9e (en kWh) et des co\u00fbts associ\u00e9s, consultables par jour, mois ou ann\u00e9e.<\/p>\n\n\n\n<p><\/p>\n\n\n\n<p><strong>Alexis Chevalier<\/strong>, Business Development Director, Ohme France \u2013 <a href=\"mailto:alexis.chevalier@ohme-ev.com\" target=\"_blank\" rel=\"noreferrer noopener\">alexis.chevalier@ohme-ev.com<\/a>&nbsp;<\/p>\n\n\n\n<p><strong>Caroline Bouchet<\/strong>, Marketing &amp; Communications Manager France, Ohme&nbsp; \u2013 <a href=\"mailto:caroline.bouchet@ohme-ev.com\" target=\"_blank\" rel=\"noreferrer noopener\">caroline.bouchet@ohme-ev.com<\/a><\/p>\n\n\n\n<p><strong>Nat Barnes<\/strong>, Head of PR, Ohme \u2013 <a href=\"mailto:nat.barnes@ohme-ev.com\">nat.barnes@ohme-ev.com<\/a><\/p>\n\n\n\n<p><strong>\u00c0 propos d&#8217;Ohme<\/strong><\/p>\n\n\n\n<p>Ohme a \u00e9t\u00e9 fond\u00e9e en 2017 et est le leader du <em>smart charging<\/em>* au Royaume-Uni.<\/p>\n\n\n\n<p>\u00c0 la pointe de la recharge des v\u00e9hicules \u00e9lectriques et hybrides rechargeables, Ohme propose des solutions de pilotage intelligent de la recharge pour les conducteurs, les entreprises et les flottes qui leur permettent de recharger pendant les heures creuses et de r\u00e9duire leurs co\u00fbts de recharge et leur impact environnemental.<\/p>\n\n\n\n<p>Ohme est le fournisseur officiel de borne de recharge du groupe Volkswagen et de Polestar au Royaume-Uni et en Irlande, ainsi que de Mercedes-Benz et Hyundai au Royaume-Uni et de Volvo Cars en Irlande.<\/p>\n\n\n\n<p>En 2024, Ohme a poursuivi son expansion internationale en d\u00e9veloppant ses activit\u00e9s en Australie, en France, en Allemagne, en Espagne, en Italie et au Portugal, tout en consolidant sa pr\u00e9sence en Belgique et aux Pays-Bas. Dans chacun de ces march\u00e9s, Ohme reste fid\u00e8le \u00e0 sa mission&nbsp;: acc\u00e9l\u00e9rer la transition \u00e9nerg\u00e9tique en offrant des solutions simples et orient\u00e9es clients dans chaque pays.<\/p>\n\n\n\n<p>Ohme a obtenu les certifications ISO 9001 et ISO 27001 pour la rigueur de ses processus qualit\u00e9 et la s\u00e9curit\u00e9 des informations.<\/p>\n\n\n\n<p>*recharge intelligente<\/p>\n","protected":false},"featured_media":5697,"template":"","class_list":["post-5689","news-and-press","type-news-and-press","status-publish","has-post-thumbnail","hentry"],"acf":[],"yoast_head":"<!-- This site is optimized with the Yoast SEO Premium plugin v27.4 (Yoast SEO v27.4) - https:\/\/yoast.com\/product\/yoast-seo-premium-wordpress\/ -->\n<title>Ohme annonce le lancement de sa nouvelle fonctionnalit\u00e9 Multicar - Ohme EV France<\/title>\n<meta name=\"description\" content=\"Ohme annonce le lancement de sa nouvelle fonctionnalit\u00e9 Multicar qui permet aux conducteurs poss\u00e9dant plusieurs VE de les enregistrer sur un m\u00eame compte et de passer facilement de l\u2019un \u00e0 l\u2019autre.\" \/>\n<meta name=\"robots\" content=\"index, follow, max-snippet:-1, max-image-preview:large, max-video-preview:-1\" \/>\n<link rel=\"canonical\" href=\"https:\/\/ohme-ev.com\/fr\/espace-presse\/ohme-annonce-le-lancement-de-sa-nouvelle-fonctionnalite-multicar\/\" \/>\n<meta property=\"og:locale\" content=\"fr_FR\" \/>\n<meta property=\"og:type\" content=\"article\" \/>\n<meta property=\"og:title\" content=\"Ohme annonce le lancement de sa nouvelle fonctionnalit\u00e9 Multicar\" \/>\n<meta property=\"og:description\" content=\"Ohme annonce le lancement de sa nouvelle fonctionnalit\u00e9 Multicar qui permet aux conducteurs poss\u00e9dant plusieurs VE de les enregistrer sur un m\u00eame compte et de passer facilement de l\u2019un \u00e0 l\u2019autre.\" \/>\n<meta property=\"og:url\" content=\"https:\/\/ohme-ev.com\/fr\/espace-presse\/ohme-annonce-le-lancement-de-sa-nouvelle-fonctionnalite-multicar\/\" \/>\n<meta property=\"og:site_name\" content=\"Ohme EV France\" \/>\n<meta property=\"article:publisher\" content=\"https:\/\/www.facebook.com\/OhmeEV\/\" \/>\n<meta property=\"article:modified_time\" content=\"2025-03-05T10:10:58+00:00\" \/>\n<meta property=\"og:image\" content=\"https:\/\/ohme-ev.com\/fr\/wp-content\/uploads\/sites\/9\/2025\/03\/shutterstock_2177925717-1.webp\" \/>\n\t<meta property=\"og:image:width\" content=\"1199\" \/>\n\t<meta property=\"og:image:height\" content=\"800\" \/>\n\t<meta property=\"og:image:type\" content=\"image\/webp\" \/>\n<meta name=\"twitter:card\" content=\"summary_large_image\" \/>\n<meta name=\"twitter:site\" content=\"@ohmeev\" \/>\n<meta name=\"twitter:label1\" content=\"Est. reading time\" \/>\n\t<meta name=\"twitter:data1\" content=\"3 minutes\" \/>\n<script type=\"application\/ld+json\" class=\"yoast-schema-graph\">{\"@context\":\"https:\\\/\\\/schema.org\",\"@graph\":[{\"@type\":\"WebPage\",\"@id\":\"https:\\\/\\\/ohme-ev.com\\\/fr\\\/espace-presse\\\/ohme-annonce-le-lancement-de-sa-nouvelle-fonctionnalite-multicar\\\/\",\"url\":\"https:\\\/\\\/ohme-ev.com\\\/fr\\\/espace-presse\\\/ohme-annonce-le-lancement-de-sa-nouvelle-fonctionnalite-multicar\\\/\",\"name\":\"Ohme annonce le lancement de sa nouvelle fonctionnalit\u00e9 Multicar - Ohme EV France\",\"isPartOf\":{\"@id\":\"https:\\\/\\\/ohme-ev.com\\\/fr\\\/#website\"},\"primaryImageOfPage\":{\"@id\":\"https:\\\/\\\/ohme-ev.com\\\/fr\\\/espace-presse\\\/ohme-annonce-le-lancement-de-sa-nouvelle-fonctionnalite-multicar\\\/#primaryimage\"},\"image\":{\"@id\":\"https:\\\/\\\/ohme-ev.com\\\/fr\\\/espace-presse\\\/ohme-annonce-le-lancement-de-sa-nouvelle-fonctionnalite-multicar\\\/#primaryimage\"},\"thumbnailUrl\":\"https:\\\/\\\/ohme-ev.com\\\/fr\\\/wp-content\\\/uploads\\\/sites\\\/9\\\/2025\\\/03\\\/shutterstock_2177925717-1.webp\",\"datePublished\":\"2025-03-05T10:10:57+00:00\",\"dateModified\":\"2025-03-05T10:10:58+00:00\",\"description\":\"Ohme annonce le lancement de sa nouvelle fonctionnalit\u00e9 Multicar qui permet aux conducteurs poss\u00e9dant plusieurs VE de les enregistrer sur un m\u00eame compte et de passer facilement de l\u2019un \u00e0 l\u2019autre.\",\"breadcrumb\":{\"@id\":\"https:\\\/\\\/ohme-ev.com\\\/fr\\\/espace-presse\\\/ohme-annonce-le-lancement-de-sa-nouvelle-fonctionnalite-multicar\\\/#breadcrumb\"},\"inLanguage\":\"fr-fr\",\"potentialAction\":[{\"@type\":\"ReadAction\",\"target\":[\"https:\\\/\\\/ohme-ev.com\\\/fr\\\/espace-presse\\\/ohme-annonce-le-lancement-de-sa-nouvelle-fonctionnalite-multicar\\\/\"]}]},{\"@type\":\"ImageObject\",\"inLanguage\":\"fr-fr\",\"@id\":\"https:\\\/\\\/ohme-ev.com\\\/fr\\\/espace-presse\\\/ohme-annonce-le-lancement-de-sa-nouvelle-fonctionnalite-multicar\\\/#primaryimage\",\"url\":\"https:\\\/\\\/ohme-ev.com\\\/fr\\\/wp-content\\\/uploads\\\/sites\\\/9\\\/2025\\\/03\\\/shutterstock_2177925717-1.webp\",\"contentUrl\":\"https:\\\/\\\/ohme-ev.com\\\/fr\\\/wp-content\\\/uploads\\\/sites\\\/9\\\/2025\\\/03\\\/shutterstock_2177925717-1.webp\",\"width\":1199,\"height\":800},{\"@type\":\"BreadcrumbList\",\"@id\":\"https:\\\/\\\/ohme-ev.com\\\/fr\\\/espace-presse\\\/ohme-annonce-le-lancement-de-sa-nouvelle-fonctionnalite-multicar\\\/#breadcrumb\",\"itemListElement\":[{\"@type\":\"ListItem\",\"position\":1,\"name\":\"Home\",\"item\":\"https:\\\/\\\/ohme-ev.com\\\/fr\\\/\"},{\"@type\":\"ListItem\",\"position\":2,\"name\":\"Ohme annonce le lancement de sa nouvelle fonctionnalit\u00e9 Multicar\"}]},{\"@type\":\"WebSite\",\"@id\":\"https:\\\/\\\/ohme-ev.com\\\/fr\\\/#website\",\"url\":\"https:\\\/\\\/ohme-ev.com\\\/fr\\\/\",\"name\":\"Ohme EV France\",\"description\":\"Ohme - EV Smart Charging Solutions\",\"potentialAction\":[{\"@type\":\"SearchAction\",\"target\":{\"@type\":\"EntryPoint\",\"urlTemplate\":\"https:\\\/\\\/ohme-ev.com\\\/fr\\\/?s={search_term_string}\"},\"query-input\":{\"@type\":\"PropertyValueSpecification\",\"valueRequired\":true,\"valueName\":\"search_term_string\"}}],\"inLanguage\":\"fr-fr\"}]}<\/script>\n<!-- \/ Yoast SEO Premium plugin. -->","yoast_head_json":{"title":"Ohme annonce le lancement de sa nouvelle fonctionnalit\u00e9 Multicar - Ohme EV France","description":"Ohme annonce le lancement de sa nouvelle fonctionnalit\u00e9 Multicar qui permet aux conducteurs poss\u00e9dant plusieurs VE de les enregistrer sur un m\u00eame compte et de passer facilement de l\u2019un \u00e0 l\u2019autre.","robots":{"index":"index","follow":"follow","max-snippet":"max-snippet:-1","max-image-preview":"max-image-preview:large","max-video-preview":"max-video-preview:-1"},"canonical":"https:\/\/ohme-ev.com\/fr\/espace-presse\/ohme-annonce-le-lancement-de-sa-nouvelle-fonctionnalite-multicar\/","og_locale":"fr_FR","og_type":"article","og_title":"Ohme annonce le lancement de sa nouvelle fonctionnalit\u00e9 Multicar","og_description":"Ohme annonce le lancement de sa nouvelle fonctionnalit\u00e9 Multicar qui permet aux conducteurs poss\u00e9dant plusieurs VE de les enregistrer sur un m\u00eame compte et de passer facilement de l\u2019un \u00e0 l\u2019autre.","og_url":"https:\/\/ohme-ev.com\/fr\/espace-presse\/ohme-annonce-le-lancement-de-sa-nouvelle-fonctionnalite-multicar\/","og_site_name":"Ohme EV France","article_publisher":"https:\/\/www.facebook.com\/OhmeEV\/","article_modified_time":"2025-03-05T10:10:58+00:00","og_image":[{"width":1199,"height":800,"url":"https:\/\/ohme-ev.com\/fr\/wp-content\/uploads\/sites\/9\/2025\/03\/shutterstock_2177925717-1.webp","type":"image\/webp"}],"twitter_card":"summary_large_image","twitter_site":"@ohmeev","twitter_misc":{"Est. reading time":"3 minutes"},"schema":{"@context":"https:\/\/schema.org","@graph":[{"@type":"WebPage","@id":"https:\/\/ohme-ev.com\/fr\/espace-presse\/ohme-annonce-le-lancement-de-sa-nouvelle-fonctionnalite-multicar\/","url":"https:\/\/ohme-ev.com\/fr\/espace-presse\/ohme-annonce-le-lancement-de-sa-nouvelle-fonctionnalite-multicar\/","name":"Ohme annonce le lancement de sa nouvelle fonctionnalit\u00e9 Multicar - Ohme EV France","isPartOf":{"@id":"https:\/\/ohme-ev.com\/fr\/#website"},"primaryImageOfPage":{"@id":"https:\/\/ohme-ev.com\/fr\/espace-presse\/ohme-annonce-le-lancement-de-sa-nouvelle-fonctionnalite-multicar\/#primaryimage"},"image":{"@id":"https:\/\/ohme-ev.com\/fr\/espace-presse\/ohme-annonce-le-lancement-de-sa-nouvelle-fonctionnalite-multicar\/#primaryimage"},"thumbnailUrl":"https:\/\/ohme-ev.com\/fr\/wp-content\/uploads\/sites\/9\/2025\/03\/shutterstock_2177925717-1.webp","datePublished":"2025-03-05T10:10:57+00:00","dateModified":"2025-03-05T10:10:58+00:00","description":"Ohme annonce le lancement de sa nouvelle fonctionnalit\u00e9 Multicar qui permet aux conducteurs poss\u00e9dant plusieurs VE de les enregistrer sur un m\u00eame compte et de passer facilement de l\u2019un \u00e0 l\u2019autre.","breadcrumb":{"@id":"https:\/\/ohme-ev.com\/fr\/espace-presse\/ohme-annonce-le-lancement-de-sa-nouvelle-fonctionnalite-multicar\/#breadcrumb"},"inLanguage":"fr-fr","potentialAction":[{"@type":"ReadAction","target":["https:\/\/ohme-ev.com\/fr\/espace-presse\/ohme-annonce-le-lancement-de-sa-nouvelle-fonctionnalite-multicar\/"]}]},{"@type":"ImageObject","inLanguage":"fr-fr","@id":"https:\/\/ohme-ev.com\/fr\/espace-presse\/ohme-annonce-le-lancement-de-sa-nouvelle-fonctionnalite-multicar\/#primaryimage","url":"https:\/\/ohme-ev.com\/fr\/wp-content\/uploads\/sites\/9\/2025\/03\/shutterstock_2177925717-1.webp","contentUrl":"https:\/\/ohme-ev.com\/fr\/wp-content\/uploads\/sites\/9\/2025\/03\/shutterstock_2177925717-1.webp","width":1199,"height":800},{"@type":"BreadcrumbList","@id":"https:\/\/ohme-ev.com\/fr\/espace-presse\/ohme-annonce-le-lancement-de-sa-nouvelle-fonctionnalite-multicar\/#breadcrumb","itemListElement":[{"@type":"ListItem","position":1,"name":"Home","item":"https:\/\/ohme-ev.com\/fr\/"},{"@type":"ListItem","position":2,"name":"Ohme annonce le lancement de sa nouvelle fonctionnalit\u00e9 Multicar"}]},{"@type":"WebSite","@id":"https:\/\/ohme-ev.com\/fr\/#website","url":"https:\/\/ohme-ev.com\/fr\/","name":"Ohme EV France","description":"Ohme - EV Smart Charging Solutions","potentialAction":[{"@type":"SearchAction","target":{"@type":"EntryPoint","urlTemplate":"https:\/\/ohme-ev.com\/fr\/?s={search_term_string}"},"query-input":{"@type":"PropertyValueSpecification","valueRequired":true,"valueName":"search_term_string"}}],"inLanguage":"fr-fr"}]}},"_links":{"self":[{"href":"https:\/\/ohme-ev.com\/fr\/wp-json\/wp\/v2\/news-and-press\/5689","targetHints":{"allow":["GET"]}}],"collection":[{"href":"https:\/\/ohme-ev.com\/fr\/wp-json\/wp\/v2\/news-and-press"}],"about":[{"href":"https:\/\/ohme-ev.com\/fr\/wp-json\/wp\/v2\/types\/news-and-press"}],"wp:featuredmedia":[{"embeddable":true,"href":"https:\/\/ohme-ev.com\/fr\/wp-json\/wp\/v2\/media\/5697"}],"wp:attachment":[{"href":"https:\/\/ohme-ev.com\/fr\/wp-json\/wp\/v2\/media?parent=5689"}],"curies":[{"name":"wp","href":"https:\/\/api.w.org\/{rel}","templated":true}]}}