{"id":44624,"date":"2025-11-27T05:06:00","date_gmt":"2025-11-27T05:06:00","guid":{"rendered":"https:\/\/ohme-ev.com\/fr\/?post_type=news-and-press&#038;p=44624"},"modified":"2025-11-26T17:18:57","modified_gmt":"2025-11-26T17:18:57","slug":"hyundai-motor-france-ohme","status":"publish","type":"news-and-press","link":"https:\/\/ohme-ev.com\/fr\/espace-presse\/hyundai-motor-france-ohme\/","title":{"rendered":"Hyundai Motor France s\u2019associe \u00e0 Ohme pour faciliter la recharge \u00e0 domicile des v\u00e9hicules \u00e9lectriques"},"content":{"rendered":"\n<p>Hyundai Motor France annonce un nouveau partenariat avec Ohme. Ce partenariat illustre la volont\u00e9 commune des deux marques de simplifier l\u2019acc\u00e8s \u00e0 la mobilit\u00e9 \u00e9lectrique et de proposer des solutions de recharge innovantes, connect\u00e9es et accessibles \u00e0 tous.<\/p>\n\n\n\n<p>Dans le cadre de cet accord, le r\u00e9seau Hyundai pourra d\u00e9sormais proposer \u00e0 ses clients la borne ePod S comme solution de recharge tout-en-un, simple et intelligente :<\/p>\n\n\n\n<ul class=\"wp-block-list\">\n<li>une installation simplifi\u00e9e, assur\u00e9e par des installateurs certifi\u00e9s, et une borne compl\u00e8te int\u00e9grant le d\u00e9lestage, la connectivit\u00e9 et la compatibilit\u00e9 solaire\u00a0;<\/li>\n\n\n\n<li>une technologie intelligente, capable d\u2019optimiser automatiquement la recharge en fonction du contrat d\u2019\u00e9lectricit\u00e9 du client et de l\u2019\u00e9nergie solaire disponible\u00a0;<\/li>\n\n\n\n<li>une exp\u00e9rience connect\u00e9e, gr\u00e2ce \u00e0 l\u2019application Ohme reli\u00e9e au compte MyHyundai du conducteur, permettant de suivre, planifier et g\u00e9rer la recharge \u00e0 distance.<\/li>\n<\/ul>\n\n\n\n<p>\u00ab\u00a0<em>Pour les entreprises, faciliter l\u2019acc\u00e8s \u00e0 la recharge au domicile des collaborateurs est l\u2019un des leviers cl\u00e9s afin de faire adopter l\u2019\u00e9lectrique et de faire baisser les TCO. Installer des bornes \u00e0 domicile contribue donc \u00e0 acc\u00e9l\u00e9rer le verdissement des parcs. Pour faciliter l\u2019accompagnement de nos clients dans cette d\u00e9marche, nous nous sommes rapproch\u00e9s d\u2019Ohme, acteur en forte croissance en Europe. Son expertise technologique et son tr\u00e8s haut niveau de service client en font un partenaire id\u00e9al pour Hyundai<\/em>\u00a0\u00bb d\u00e9clare Emmanuelle Serazin, Directrice Ventes Corporate et Nouvelles mobilit\u00e9s de Hyundai Motor France.<\/p>\n\n\n\n<p>\u00ab\u00a0<em>Nous sommes fiers de nous associer \u00e0 Hyundai, l\u2019un des acteurs les plus dynamiques de la mobilit\u00e9 \u00e9lectrique en Europe. Ensemble, nous offrons aux conducteurs une exp\u00e9rience de recharge simple, intelligente et \u00e9conomique<\/em>\u00a0\u00bb ajoute C\u00e9dric Marquant, Responsable des Partenariats Mobilit\u00e9 d\u2019Ohme France.<\/p>\n\n\n\n<p><\/p>\n","protected":false},"featured_media":44640,"template":"","class_list":["post-44624","news-and-press","type-news-and-press","status-publish","has-post-thumbnail","hentry"],"acf":[],"yoast_head":"<!-- This site is optimized with the Yoast SEO Premium plugin v27.4 (Yoast SEO v27.4) - https:\/\/yoast.com\/product\/yoast-seo-premium-wordpress\/ -->\n<title>Hyundai Motor France s\u2019associe \u00e0 Ohme pour faciliter la recharge \u00e0 domicile des v\u00e9hicules \u00e9lectriques - Ohme EV France<\/title>\n<meta name=\"description\" content=\"Hyundai Motor France annonce un nouveau partenariat avec Ohme. Ce partenariat illustre la volont\u00e9 commune des deux marques de simplifier l\u2019acc\u00e8s \u00e0 la mobilit\u00e9 \u00e9lectrique et de proposer des solutions de recharge innovantes, connect\u00e9es et accessibles \u00e0 tous\" \/>\n<meta name=\"robots\" content=\"index, follow, max-snippet:-1, max-image-preview:large, max-video-preview:-1\" \/>\n<link rel=\"canonical\" href=\"https:\/\/ohme-ev.com\/fr\/espace-presse\/hyundai-motor-france-ohme\/\" \/>\n<meta property=\"og:locale\" content=\"fr_FR\" \/>\n<meta property=\"og:type\" content=\"article\" \/>\n<meta property=\"og:title\" content=\"Hyundai Motor France s\u2019associe \u00e0 Ohme pour faciliter la recharge \u00e0 domicile des v\u00e9hicules \u00e9lectriques\" \/>\n<meta property=\"og:description\" content=\"Hyundai Motor France annonce un nouveau partenariat avec Ohme. Ce partenariat illustre la volont\u00e9 commune des deux marques de simplifier l\u2019acc\u00e8s \u00e0 la mobilit\u00e9 \u00e9lectrique et de proposer des solutions de recharge innovantes, connect\u00e9es et accessibles \u00e0 tous\" \/>\n<meta property=\"og:url\" content=\"https:\/\/ohme-ev.com\/fr\/espace-presse\/hyundai-motor-france-ohme\/\" \/>\n<meta property=\"og:site_name\" content=\"Ohme EV France\" \/>\n<meta property=\"article:publisher\" content=\"https:\/\/www.facebook.com\/OhmeEV\/\" \/>\n<meta property=\"og:image\" content=\"https:\/\/ohme-ev.com\/fr\/wp-content\/uploads\/sites\/9\/2025\/11\/ezgif-3dc566eb08be3916.webp\" \/>\n\t<meta property=\"og:image:width\" content=\"1771\" \/>\n\t<meta property=\"og:image:height\" content=\"1025\" \/>\n\t<meta property=\"og:image:type\" content=\"image\/webp\" \/>\n<meta name=\"twitter:card\" content=\"summary_large_image\" \/>\n<meta name=\"twitter:site\" content=\"@ohmeev\" \/>\n<meta name=\"twitter:label1\" content=\"Est. reading time\" \/>\n\t<meta name=\"twitter:data1\" content=\"2 minutes\" \/>\n<script type=\"application\/ld+json\" class=\"yoast-schema-graph\">{\"@context\":\"https:\\\/\\\/schema.org\",\"@graph\":[{\"@type\":\"WebPage\",\"@id\":\"https:\\\/\\\/ohme-ev.com\\\/fr\\\/espace-presse\\\/hyundai-motor-france-ohme\\\/\",\"url\":\"https:\\\/\\\/ohme-ev.com\\\/fr\\\/espace-presse\\\/hyundai-motor-france-ohme\\\/\",\"name\":\"Hyundai Motor France s\u2019associe \u00e0 Ohme pour faciliter la recharge \u00e0 domicile des v\u00e9hicules \u00e9lectriques - Ohme EV France\",\"isPartOf\":{\"@id\":\"https:\\\/\\\/ohme-ev.com\\\/fr\\\/#website\"},\"primaryImageOfPage\":{\"@id\":\"https:\\\/\\\/ohme-ev.com\\\/fr\\\/espace-presse\\\/hyundai-motor-france-ohme\\\/#primaryimage\"},\"image\":{\"@id\":\"https:\\\/\\\/ohme-ev.com\\\/fr\\\/espace-presse\\\/hyundai-motor-france-ohme\\\/#primaryimage\"},\"thumbnailUrl\":\"https:\\\/\\\/ohme-ev.com\\\/fr\\\/wp-content\\\/uploads\\\/sites\\\/9\\\/2025\\\/11\\\/ezgif-3dc566eb08be3916.webp\",\"datePublished\":\"2025-11-27T05:06:00+00:00\",\"description\":\"Hyundai Motor France annonce un nouveau partenariat avec Ohme. Ce partenariat illustre la volont\u00e9 commune des deux marques de simplifier l\u2019acc\u00e8s \u00e0 la mobilit\u00e9 \u00e9lectrique et de proposer des solutions de recharge innovantes, connect\u00e9es et accessibles \u00e0 tous\",\"breadcrumb\":{\"@id\":\"https:\\\/\\\/ohme-ev.com\\\/fr\\\/espace-presse\\\/hyundai-motor-france-ohme\\\/#breadcrumb\"},\"inLanguage\":\"fr-fr\",\"potentialAction\":[{\"@type\":\"ReadAction\",\"target\":[\"https:\\\/\\\/ohme-ev.com\\\/fr\\\/espace-presse\\\/hyundai-motor-france-ohme\\\/\"]}]},{\"@type\":\"ImageObject\",\"inLanguage\":\"fr-fr\",\"@id\":\"https:\\\/\\\/ohme-ev.com\\\/fr\\\/espace-presse\\\/hyundai-motor-france-ohme\\\/#primaryimage\",\"url\":\"https:\\\/\\\/ohme-ev.com\\\/fr\\\/wp-content\\\/uploads\\\/sites\\\/9\\\/2025\\\/11\\\/ezgif-3dc566eb08be3916.webp\",\"contentUrl\":\"https:\\\/\\\/ohme-ev.com\\\/fr\\\/wp-content\\\/uploads\\\/sites\\\/9\\\/2025\\\/11\\\/ezgif-3dc566eb08be3916.webp\",\"width\":1771,\"height\":1025},{\"@type\":\"BreadcrumbList\",\"@id\":\"https:\\\/\\\/ohme-ev.com\\\/fr\\\/espace-presse\\\/hyundai-motor-france-ohme\\\/#breadcrumb\",\"itemListElement\":[{\"@type\":\"ListItem\",\"position\":1,\"name\":\"Home\",\"item\":\"https:\\\/\\\/ohme-ev.com\\\/fr\\\/\"},{\"@type\":\"ListItem\",\"position\":2,\"name\":\"Hyundai Motor France s\u2019associe \u00e0 Ohme pour faciliter la recharge \u00e0 domicile des v\u00e9hicules \u00e9lectriques\"}]},{\"@type\":\"WebSite\",\"@id\":\"https:\\\/\\\/ohme-ev.com\\\/fr\\\/#website\",\"url\":\"https:\\\/\\\/ohme-ev.com\\\/fr\\\/\",\"name\":\"Ohme EV France\",\"description\":\"Ohme - EV Smart Charging Solutions\",\"potentialAction\":[{\"@type\":\"SearchAction\",\"target\":{\"@type\":\"EntryPoint\",\"urlTemplate\":\"https:\\\/\\\/ohme-ev.com\\\/fr\\\/?s={search_term_string}\"},\"query-input\":{\"@type\":\"PropertyValueSpecification\",\"valueRequired\":true,\"valueName\":\"search_term_string\"}}],\"inLanguage\":\"fr-fr\"}]}<\/script>\n<!-- \/ Yoast SEO Premium plugin. -->","yoast_head_json":{"title":"Hyundai Motor France s\u2019associe \u00e0 Ohme pour faciliter la recharge \u00e0 domicile des v\u00e9hicules \u00e9lectriques - Ohme EV France","description":"Hyundai Motor France annonce un nouveau partenariat avec Ohme. Ce partenariat illustre la volont\u00e9 commune des deux marques de simplifier l\u2019acc\u00e8s \u00e0 la mobilit\u00e9 \u00e9lectrique et de proposer des solutions de recharge innovantes, connect\u00e9es et accessibles \u00e0 tous","robots":{"index":"index","follow":"follow","max-snippet":"max-snippet:-1","max-image-preview":"max-image-preview:large","max-video-preview":"max-video-preview:-1"},"canonical":"https:\/\/ohme-ev.com\/fr\/espace-presse\/hyundai-motor-france-ohme\/","og_locale":"fr_FR","og_type":"article","og_title":"Hyundai Motor France s\u2019associe \u00e0 Ohme pour faciliter la recharge \u00e0 domicile des v\u00e9hicules \u00e9lectriques","og_description":"Hyundai Motor France annonce un nouveau partenariat avec Ohme. Ce partenariat illustre la volont\u00e9 commune des deux marques de simplifier l\u2019acc\u00e8s \u00e0 la mobilit\u00e9 \u00e9lectrique et de proposer des solutions de recharge innovantes, connect\u00e9es et accessibles \u00e0 tous","og_url":"https:\/\/ohme-ev.com\/fr\/espace-presse\/hyundai-motor-france-ohme\/","og_site_name":"Ohme EV France","article_publisher":"https:\/\/www.facebook.com\/OhmeEV\/","og_image":[{"width":1771,"height":1025,"url":"https:\/\/ohme-ev.com\/fr\/wp-content\/uploads\/sites\/9\/2025\/11\/ezgif-3dc566eb08be3916.webp","type":"image\/webp"}],"twitter_card":"summary_large_image","twitter_site":"@ohmeev","twitter_misc":{"Est. reading time":"2 minutes"},"schema":{"@context":"https:\/\/schema.org","@graph":[{"@type":"WebPage","@id":"https:\/\/ohme-ev.com\/fr\/espace-presse\/hyundai-motor-france-ohme\/","url":"https:\/\/ohme-ev.com\/fr\/espace-presse\/hyundai-motor-france-ohme\/","name":"Hyundai Motor France s\u2019associe \u00e0 Ohme pour faciliter la recharge \u00e0 domicile des v\u00e9hicules \u00e9lectriques - Ohme EV France","isPartOf":{"@id":"https:\/\/ohme-ev.com\/fr\/#website"},"primaryImageOfPage":{"@id":"https:\/\/ohme-ev.com\/fr\/espace-presse\/hyundai-motor-france-ohme\/#primaryimage"},"image":{"@id":"https:\/\/ohme-ev.com\/fr\/espace-presse\/hyundai-motor-france-ohme\/#primaryimage"},"thumbnailUrl":"https:\/\/ohme-ev.com\/fr\/wp-content\/uploads\/sites\/9\/2025\/11\/ezgif-3dc566eb08be3916.webp","datePublished":"2025-11-27T05:06:00+00:00","description":"Hyundai Motor France annonce un nouveau partenariat avec Ohme. Ce partenariat illustre la volont\u00e9 commune des deux marques de simplifier l\u2019acc\u00e8s \u00e0 la mobilit\u00e9 \u00e9lectrique et de proposer des solutions de recharge innovantes, connect\u00e9es et accessibles \u00e0 tous","breadcrumb":{"@id":"https:\/\/ohme-ev.com\/fr\/espace-presse\/hyundai-motor-france-ohme\/#breadcrumb"},"inLanguage":"fr-fr","potentialAction":[{"@type":"ReadAction","target":["https:\/\/ohme-ev.com\/fr\/espace-presse\/hyundai-motor-france-ohme\/"]}]},{"@type":"ImageObject","inLanguage":"fr-fr","@id":"https:\/\/ohme-ev.com\/fr\/espace-presse\/hyundai-motor-france-ohme\/#primaryimage","url":"https:\/\/ohme-ev.com\/fr\/wp-content\/uploads\/sites\/9\/2025\/11\/ezgif-3dc566eb08be3916.webp","contentUrl":"https:\/\/ohme-ev.com\/fr\/wp-content\/uploads\/sites\/9\/2025\/11\/ezgif-3dc566eb08be3916.webp","width":1771,"height":1025},{"@type":"BreadcrumbList","@id":"https:\/\/ohme-ev.com\/fr\/espace-presse\/hyundai-motor-france-ohme\/#breadcrumb","itemListElement":[{"@type":"ListItem","position":1,"name":"Home","item":"https:\/\/ohme-ev.com\/fr\/"},{"@type":"ListItem","position":2,"name":"Hyundai Motor France s\u2019associe \u00e0 Ohme pour faciliter la recharge \u00e0 domicile des v\u00e9hicules \u00e9lectriques"}]},{"@type":"WebSite","@id":"https:\/\/ohme-ev.com\/fr\/#website","url":"https:\/\/ohme-ev.com\/fr\/","name":"Ohme EV France","description":"Ohme - EV Smart Charging Solutions","potentialAction":[{"@type":"SearchAction","target":{"@type":"EntryPoint","urlTemplate":"https:\/\/ohme-ev.com\/fr\/?s={search_term_string}"},"query-input":{"@type":"PropertyValueSpecification","valueRequired":true,"valueName":"search_term_string"}}],"inLanguage":"fr-fr"}]}},"_links":{"self":[{"href":"https:\/\/ohme-ev.com\/fr\/wp-json\/wp\/v2\/news-and-press\/44624","targetHints":{"allow":["GET"]}}],"collection":[{"href":"https:\/\/ohme-ev.com\/fr\/wp-json\/wp\/v2\/news-and-press"}],"about":[{"href":"https:\/\/ohme-ev.com\/fr\/wp-json\/wp\/v2\/types\/news-and-press"}],"wp:featuredmedia":[{"embeddable":true,"href":"https:\/\/ohme-ev.com\/fr\/wp-json\/wp\/v2\/media\/44640"}],"wp:attachment":[{"href":"https:\/\/ohme-ev.com\/fr\/wp-json\/wp\/v2\/media?parent=44624"}],"curies":[{"name":"wp","href":"https:\/\/api.w.org\/{rel}","templated":true}]}}