{"id":3484,"date":"2024-07-03T05:00:00","date_gmt":"2024-07-03T05:00:00","guid":{"rendered":"https:\/\/ohme-ev.com\/fr\/?post_type=news-and-press&#038;p=3484"},"modified":"2024-09-27T08:31:50","modified_gmt":"2024-09-27T08:31:50","slug":"borne-de-recharge-electrique-ohme-compatible-avec-les-panneaux-solaires","status":"publish","type":"news-and-press","link":"https:\/\/ohme-ev.com\/fr\/espace-presse\/borne-de-recharge-electrique-ohme-compatible-avec-les-panneaux-solaires\/","title":{"rendered":"La borne Ohme ePod S d\u00e9sormais compatible avec les panneaux solaires"},"content":{"rendered":"\n<p>La borne Ohme ePod S est d\u00e9sormais compatible avec les panneaux solaires  gr\u00e2ce \u00e0 la fonctionnalit\u00e9 <strong>Solar Boost<\/strong>. Les clients \u00e9quip\u00e9s de panneaux photovolta\u00efques et de l\u2019<a href=\"https:\/\/ohme-ev.com\/fr\/produit\/ohme-epod-s\/\">ePod S<\/a> peuvent d\u00e9sormais recharger leur v\u00e9hicule avec l\u2019\u00e9lectricit\u00e9 qu\u2019ils produisent, directement depuis leur domicile.<\/p>\n\n\n\n<h2 class=\"wp-block-heading\">Avantages de la fonctionnalit\u00e9 Solar Boost<\/h2>\n\n\n\n<p>Les avantages de cette nouvelle fonctionnalit\u00e9 sont multiples. La&nbsp;motivation premi\u00e8re des d\u00e9tenteurs de panneaux photovolta\u00efques est de devenir producteurs et consommateurs. Il leur est ainsi possible de mieux ma\u00eetriser leurs d\u00e9penses \u00e9nerg\u00e9tiques tout en \u00e9tant moins d\u00e9pendants des r\u00e9seaux traditionnels.<\/p>\n\n\n\n<p>Enfin, utiliser l\u2019\u00e9nergie solaire pour recharger son v\u00e9hicule r\u00e9duit consid\u00e9rablement l\u2019empreinte carbone. Cela contribue \u00e9galement \u00e0 satisfaire les ambitions individuelles des particuliers en mati\u00e8re d\u2019impact environnemental.<\/p>\n\n\n\n<h2 class=\"wp-block-heading\">Un atout majeur pour les utilisateurs de panneaux solaires<\/h2>\n\n\n\n<p>\u00ab<em>\u202fSolar Boost de l\u2019Ohme ePod S est un atout majeur qui vient s\u2019ajouter \u00e0 la liste de ses fonctionnalit\u00e9s innovantes\u202f<\/em>\u00bb d\u00e9clare C\u00e9dric Marquant, Head of Mobility chez Ohme France. \u00ab<em>\u202fLes installations photovolta\u00efques des maisons individuelles ont tripl\u00e9 en deux ans. On compte en France en 2024, plus de 430 000 particuliers auto consommateurs, ce qui fait de Solar Boost une solution pertinente et attractive pour les conducteurs de v\u00e9hicules \u00e9lectriques qui souhaitent optimiser leur consommation.<\/em>\u202f\u00bb<\/p>\n\n\n\n<p>Lanc\u00e9 il y a quelques mois en France, l\u2019Ohme ePod S s\u00e9duit de plus en plus de conducteurs avec des ventes de v\u00e9hicules \u00e9lectriques dans l\u2019hexagone en hausse de 17,6% par rapport \u00e0 2023.<\/p>\n\n\n\n<p>Ohme fabrique et commercialise des bornes de recharge \u00e0 domicile pour v\u00e9hicules \u00e9lectriques. Nous sommes l\u2019acteur connaissant la plus forte croissance du secteur en Europe.<\/p>\n\n\n\n<p>Recharger une batterie de 50 kWh avec un syst\u00e8me de recharge intelligente Ohme, combin\u00e9 \u00e0 un tarif heures creuses comme l&#8217;option Tempo Bleu HC d&#8217;EDF, peut \u00eatre tr\u00e8s \u00e9conomique. Le co\u00fbt d&#8217;une recharge compl\u00e8te pourrait ainsi \u00eatre inf\u00e9rieur \u00e0 7 euros.<\/p>\n\n\n\n<h2 class=\"wp-block-heading\">Qui sommes-nous ?<\/h2>\n\n\n\n<p>Ohme est le fournisseur officiel de borne de recharge du groupe Volkswagen et de Polestar au Royaume-Uni et en Irlande. Nous sommes \u00e9galement partenaires de Mercedes-Benz et Hyundai au Royaume-Uni et de Volvo Cars en Irlande. En 2023, Ohme a \u00e9t\u00e9 r\u00e9compens\u00e9 par le titre de &#8220;Fast Track Company of the Year&#8221; lors des UK Green Business Awards. Nous avons \u00e9galement \u00e9t\u00e9 reconnu comme Fabricant de bornes de recharge de l&#8217;ann\u00e9e aux 2024 <a href=\"https:\/\/ev-awards.ie\/2024-winners\/\">Irish EV Awards<\/a>.<\/p>\n\n\n\n<p class=\"has-text-align-center\">Vous souhaitez en savoir plus sur nos produits ?<\/p>\n\n\n\n<div class=\"wp-block-buttons is-content-justification-center is-layout-flex wp-container-core-buttons-is-layout-16018d1d wp-block-buttons-is-layout-flex\">\n<div class=\"wp-block-button\"><a class=\"wp-block-button__link has-white-color has-text-color has-background has-link-color wp-element-button\" href=\"https:\/\/ohme-ev.com\/fr\/nos-bornes-de-recharge\/\" style=\"background-color:#0046af\">En savoir plus<\/a><\/div>\n<\/div>\n","protected":false},"featured_media":2673,"template":"","class_list":["post-3484","news-and-press","type-news-and-press","status-publish","has-post-thumbnail","hentry"],"acf":[],"yoast_head":"<!-- This site is optimized with the Yoast SEO Premium plugin v27.5 (Yoast SEO v27.5) - https:\/\/yoast.com\/product\/yoast-seo-premium-wordpress\/ -->\n<title>La borne Ohme ePod S d\u00e9sormais compatible avec les panneaux solaires<\/title>\n<meta name=\"description\" content=\"La borne de recharge \u00e9lectrique Ohme ePod S d\u00e9sormais compatible avec les panneaux solaires gr\u00e2ce \u00e0 la fonctionnalit\u00e9 Solar Boost\" \/>\n<meta name=\"robots\" content=\"index, follow, max-snippet:-1, max-image-preview:large, max-video-preview:-1\" \/>\n<link rel=\"canonical\" href=\"https:\/\/ohme-ev.com\/fr\/espace-presse\/borne-de-recharge-electrique-ohme-compatible-avec-les-panneaux-solaires\/\" \/>\n<meta property=\"og:locale\" content=\"fr_FR\" \/>\n<meta property=\"og:type\" content=\"article\" \/>\n<meta property=\"og:title\" content=\"La borne Ohme ePod S d\u00e9sormais compatible avec les panneaux solaires\" \/>\n<meta property=\"og:description\" content=\"La borne de recharge \u00e9lectrique Ohme ePod S d\u00e9sormais compatible avec les panneaux solaires gr\u00e2ce \u00e0 la fonctionnalit\u00e9 Solar Boost\" \/>\n<meta property=\"og:url\" content=\"https:\/\/ohme-ev.com\/fr\/espace-presse\/borne-de-recharge-electrique-ohme-compatible-avec-les-panneaux-solaires\/\" \/>\n<meta property=\"og:site_name\" content=\"Ohme EV France\" \/>\n<meta property=\"article:publisher\" content=\"https:\/\/www.facebook.com\/OhmeEV\/\" \/>\n<meta property=\"article:modified_time\" content=\"2024-09-27T08:31:50+00:00\" \/>\n<meta property=\"og:image\" content=\"https:\/\/ohme-ev.com\/fr\/wp-content\/uploads\/sites\/9\/2024\/02\/mokka-lifestyle-crop.jpg\" \/>\n\t<meta property=\"og:image:width\" content=\"1244\" \/>\n\t<meta property=\"og:image:height\" content=\"966\" \/>\n\t<meta property=\"og:image:type\" content=\"image\/jpeg\" \/>\n<meta name=\"twitter:card\" content=\"summary_large_image\" \/>\n<meta name=\"twitter:site\" content=\"@ohmeev\" \/>\n<meta name=\"twitter:label1\" content=\"Est. reading time\" \/>\n\t<meta name=\"twitter:data1\" content=\"2 minutes\" \/>\n<script type=\"application\/ld+json\" class=\"yoast-schema-graph\">{\"@context\":\"https:\\\/\\\/schema.org\",\"@graph\":[{\"@type\":\"WebPage\",\"@id\":\"https:\\\/\\\/ohme-ev.com\\\/fr\\\/espace-presse\\\/borne-de-recharge-electrique-ohme-compatible-avec-les-panneaux-solaires\\\/\",\"url\":\"https:\\\/\\\/ohme-ev.com\\\/fr\\\/espace-presse\\\/borne-de-recharge-electrique-ohme-compatible-avec-les-panneaux-solaires\\\/\",\"name\":\"La borne Ohme ePod S d\u00e9sormais compatible avec les panneaux solaires\",\"isPartOf\":{\"@id\":\"https:\\\/\\\/ohme-ev.com\\\/fr\\\/#website\"},\"primaryImageOfPage\":{\"@id\":\"https:\\\/\\\/ohme-ev.com\\\/fr\\\/espace-presse\\\/borne-de-recharge-electrique-ohme-compatible-avec-les-panneaux-solaires\\\/#primaryimage\"},\"image\":{\"@id\":\"https:\\\/\\\/ohme-ev.com\\\/fr\\\/espace-presse\\\/borne-de-recharge-electrique-ohme-compatible-avec-les-panneaux-solaires\\\/#primaryimage\"},\"thumbnailUrl\":\"https:\\\/\\\/ohme-ev.com\\\/fr\\\/wp-content\\\/uploads\\\/sites\\\/9\\\/2024\\\/02\\\/mokka-lifestyle-crop.jpg\",\"datePublished\":\"2024-07-03T05:00:00+00:00\",\"dateModified\":\"2024-09-27T08:31:50+00:00\",\"description\":\"La borne de recharge \u00e9lectrique Ohme ePod S d\u00e9sormais compatible avec les panneaux solaires gr\u00e2ce \u00e0 la fonctionnalit\u00e9 Solar Boost\",\"breadcrumb\":{\"@id\":\"https:\\\/\\\/ohme-ev.com\\\/fr\\\/espace-presse\\\/borne-de-recharge-electrique-ohme-compatible-avec-les-panneaux-solaires\\\/#breadcrumb\"},\"inLanguage\":\"fr-fr\",\"potentialAction\":[{\"@type\":\"ReadAction\",\"target\":[\"https:\\\/\\\/ohme-ev.com\\\/fr\\\/espace-presse\\\/borne-de-recharge-electrique-ohme-compatible-avec-les-panneaux-solaires\\\/\"]}]},{\"@type\":\"ImageObject\",\"inLanguage\":\"fr-fr\",\"@id\":\"https:\\\/\\\/ohme-ev.com\\\/fr\\\/espace-presse\\\/borne-de-recharge-electrique-ohme-compatible-avec-les-panneaux-solaires\\\/#primaryimage\",\"url\":\"https:\\\/\\\/ohme-ev.com\\\/fr\\\/wp-content\\\/uploads\\\/sites\\\/9\\\/2024\\\/02\\\/mokka-lifestyle-crop.jpg\",\"contentUrl\":\"https:\\\/\\\/ohme-ev.com\\\/fr\\\/wp-content\\\/uploads\\\/sites\\\/9\\\/2024\\\/02\\\/mokka-lifestyle-crop.jpg\",\"width\":1244,\"height\":966,\"caption\":\"Verre Opel mokka recharge\"},{\"@type\":\"BreadcrumbList\",\"@id\":\"https:\\\/\\\/ohme-ev.com\\\/fr\\\/espace-presse\\\/borne-de-recharge-electrique-ohme-compatible-avec-les-panneaux-solaires\\\/#breadcrumb\",\"itemListElement\":[{\"@type\":\"ListItem\",\"position\":1,\"name\":\"Home\",\"item\":\"https:\\\/\\\/ohme-ev.com\\\/fr\\\/\"},{\"@type\":\"ListItem\",\"position\":2,\"name\":\"La borne Ohme ePod S d\u00e9sormais compatible avec les panneaux solaires\"}]},{\"@type\":\"WebSite\",\"@id\":\"https:\\\/\\\/ohme-ev.com\\\/fr\\\/#website\",\"url\":\"https:\\\/\\\/ohme-ev.com\\\/fr\\\/\",\"name\":\"Ohme EV France\",\"description\":\"Ohme - EV Smart Charging Solutions\",\"potentialAction\":[{\"@type\":\"SearchAction\",\"target\":{\"@type\":\"EntryPoint\",\"urlTemplate\":\"https:\\\/\\\/ohme-ev.com\\\/fr\\\/?s={search_term_string}\"},\"query-input\":{\"@type\":\"PropertyValueSpecification\",\"valueRequired\":true,\"valueName\":\"search_term_string\"}}],\"inLanguage\":\"fr-fr\"}]}<\/script>\n<!-- \/ Yoast SEO Premium plugin. -->","yoast_head_json":{"title":"La borne Ohme ePod S d\u00e9sormais compatible avec les panneaux solaires","description":"La borne de recharge \u00e9lectrique Ohme ePod S d\u00e9sormais compatible avec les panneaux solaires gr\u00e2ce \u00e0 la fonctionnalit\u00e9 Solar Boost","robots":{"index":"index","follow":"follow","max-snippet":"max-snippet:-1","max-image-preview":"max-image-preview:large","max-video-preview":"max-video-preview:-1"},"canonical":"https:\/\/ohme-ev.com\/fr\/espace-presse\/borne-de-recharge-electrique-ohme-compatible-avec-les-panneaux-solaires\/","og_locale":"fr_FR","og_type":"article","og_title":"La borne Ohme ePod S d\u00e9sormais compatible avec les panneaux solaires","og_description":"La borne de recharge \u00e9lectrique Ohme ePod S d\u00e9sormais compatible avec les panneaux solaires gr\u00e2ce \u00e0 la fonctionnalit\u00e9 Solar Boost","og_url":"https:\/\/ohme-ev.com\/fr\/espace-presse\/borne-de-recharge-electrique-ohme-compatible-avec-les-panneaux-solaires\/","og_site_name":"Ohme EV France","article_publisher":"https:\/\/www.facebook.com\/OhmeEV\/","article_modified_time":"2024-09-27T08:31:50+00:00","og_image":[{"width":1244,"height":966,"url":"https:\/\/ohme-ev.com\/fr\/wp-content\/uploads\/sites\/9\/2024\/02\/mokka-lifestyle-crop.jpg","type":"image\/jpeg"}],"twitter_card":"summary_large_image","twitter_site":"@ohmeev","twitter_misc":{"Est. reading time":"2 minutes"},"schema":{"@context":"https:\/\/schema.org","@graph":[{"@type":"WebPage","@id":"https:\/\/ohme-ev.com\/fr\/espace-presse\/borne-de-recharge-electrique-ohme-compatible-avec-les-panneaux-solaires\/","url":"https:\/\/ohme-ev.com\/fr\/espace-presse\/borne-de-recharge-electrique-ohme-compatible-avec-les-panneaux-solaires\/","name":"La borne Ohme ePod S d\u00e9sormais compatible avec les panneaux solaires","isPartOf":{"@id":"https:\/\/ohme-ev.com\/fr\/#website"},"primaryImageOfPage":{"@id":"https:\/\/ohme-ev.com\/fr\/espace-presse\/borne-de-recharge-electrique-ohme-compatible-avec-les-panneaux-solaires\/#primaryimage"},"image":{"@id":"https:\/\/ohme-ev.com\/fr\/espace-presse\/borne-de-recharge-electrique-ohme-compatible-avec-les-panneaux-solaires\/#primaryimage"},"thumbnailUrl":"https:\/\/ohme-ev.com\/fr\/wp-content\/uploads\/sites\/9\/2024\/02\/mokka-lifestyle-crop.jpg","datePublished":"2024-07-03T05:00:00+00:00","dateModified":"2024-09-27T08:31:50+00:00","description":"La borne de recharge \u00e9lectrique Ohme ePod S d\u00e9sormais compatible avec les panneaux solaires gr\u00e2ce \u00e0 la fonctionnalit\u00e9 Solar Boost","breadcrumb":{"@id":"https:\/\/ohme-ev.com\/fr\/espace-presse\/borne-de-recharge-electrique-ohme-compatible-avec-les-panneaux-solaires\/#breadcrumb"},"inLanguage":"fr-fr","potentialAction":[{"@type":"ReadAction","target":["https:\/\/ohme-ev.com\/fr\/espace-presse\/borne-de-recharge-electrique-ohme-compatible-avec-les-panneaux-solaires\/"]}]},{"@type":"ImageObject","inLanguage":"fr-fr","@id":"https:\/\/ohme-ev.com\/fr\/espace-presse\/borne-de-recharge-electrique-ohme-compatible-avec-les-panneaux-solaires\/#primaryimage","url":"https:\/\/ohme-ev.com\/fr\/wp-content\/uploads\/sites\/9\/2024\/02\/mokka-lifestyle-crop.jpg","contentUrl":"https:\/\/ohme-ev.com\/fr\/wp-content\/uploads\/sites\/9\/2024\/02\/mokka-lifestyle-crop.jpg","width":1244,"height":966,"caption":"Verre Opel mokka recharge"},{"@type":"BreadcrumbList","@id":"https:\/\/ohme-ev.com\/fr\/espace-presse\/borne-de-recharge-electrique-ohme-compatible-avec-les-panneaux-solaires\/#breadcrumb","itemListElement":[{"@type":"ListItem","position":1,"name":"Home","item":"https:\/\/ohme-ev.com\/fr\/"},{"@type":"ListItem","position":2,"name":"La borne Ohme ePod S d\u00e9sormais compatible avec les panneaux solaires"}]},{"@type":"WebSite","@id":"https:\/\/ohme-ev.com\/fr\/#website","url":"https:\/\/ohme-ev.com\/fr\/","name":"Ohme EV France","description":"Ohme - EV Smart Charging Solutions","potentialAction":[{"@type":"SearchAction","target":{"@type":"EntryPoint","urlTemplate":"https:\/\/ohme-ev.com\/fr\/?s={search_term_string}"},"query-input":{"@type":"PropertyValueSpecification","valueRequired":true,"valueName":"search_term_string"}}],"inLanguage":"fr-fr"}]}},"_links":{"self":[{"href":"https:\/\/ohme-ev.com\/fr\/wp-json\/wp\/v2\/news-and-press\/3484","targetHints":{"allow":["GET"]}}],"collection":[{"href":"https:\/\/ohme-ev.com\/fr\/wp-json\/wp\/v2\/news-and-press"}],"about":[{"href":"https:\/\/ohme-ev.com\/fr\/wp-json\/wp\/v2\/types\/news-and-press"}],"wp:featuredmedia":[{"embeddable":true,"href":"https:\/\/ohme-ev.com\/fr\/wp-json\/wp\/v2\/media\/2673"}],"wp:attachment":[{"href":"https:\/\/ohme-ev.com\/fr\/wp-json\/wp\/v2\/media?parent=3484"}],"curies":[{"name":"wp","href":"https:\/\/api.w.org\/{rel}","templated":true}]}}