{"id":3280,"date":"2024-05-13T05:00:00","date_gmt":"2024-05-13T05:00:00","guid":{"rendered":"https:\/\/ohme-ev.com\/fr\/?post_type=news-and-press&#038;p=3280"},"modified":"2024-05-09T15:13:21","modified_gmt":"2024-05-09T15:13:21","slug":"ohme-yesss-electrique","status":"publish","type":"news-and-press","link":"https:\/\/ohme-ev.com\/fr\/espace-presse\/ohme-yesss-electrique\/","title":{"rendered":"Le chargeur Ohme ePod S est disponible chez YESSS Electrique"},"content":{"rendered":"\n<p>Apr\u00e8s son arriv\u00e9e r\u00e9cente sur le march\u00e9 fran\u00e7ais, Ohme annonce avoir conclu un accord de distribution avec le r\u00e9seau YESSS Electrique pour la commercialisation de sa borne de recharge intelligente ePod S.&nbsp;<\/p>\n\n\n\n<p>Ohme fabrique et commercialise des bornes de recharge de v\u00e9hicules \u00e9lectriques et hybrides rechargeables et est l\u2019acteur connaissant la plus forte croissance de son secteur au Royaume-Uni et en Irlande.&nbsp;<\/p>\n\n\n\n<p>Avec l\u2019ePod S, les conducteurs de v\u00e9hicules \u00e9lectriques peuvent profiter des avantages de la technologie de smart charging* de Ohme pour recharger au moment le plus int\u00e9ressant financi\u00e8rement et avec une \u00e9nergie moins carbon\u00e9e.&nbsp;<\/p>\n\n\n\n<p>\u00ab&nbsp;YESSS&nbsp;<em>Electrique est l\u2019un des grossistes de produits \u00e9lectriques les plus importants et les plus respect\u00e9s en France. Cet accord de distribution est un levier de croissance cl\u00e9 pour Ohme<\/em>&nbsp;\u00bb a d\u00e9clar\u00e9 Alexis Chevalier, directeur du d\u00e9veloppement commercial chez Ohme France.&nbsp;<\/p>\n\n\n\n<p>Avec plus de 300 agences commerciales, YESSS Electrique apporte un r\u00e9el service de proximit\u00e9 \u00e0 ses clients. L\u2019enseigne est un acteur majeur de la distribution de mat\u00e9riel \u00e9lectrique dans le monde, proposant une gamme compl\u00e8te de produits et une large offre de services.<\/p>\n\n\n\n<p>Recharger un v\u00e9hicule \u00e9lectrique avec une batterie de 50kW en charge compl\u00e8te avec un syst\u00e8me recharge intelligente Ohme et un tarif heures creuses, comme l\u2019option Tempo Blue HC d\u2019EDF, pourrait co\u00fbter moins de 7 euros.<\/p>\n\n\n\n<p>Ohme est le fournisseur officiel de borne de recharge du groupe Volkswagen et de Polestar au Royaume-Uni et en Irlande, ainsi que de Mercedes-Benz et Hyundai au Royaume-Uni et de Volvo Cars en Irlande. Ohme a \u00e9galement re\u00e7u plusieurs r\u00e9compenses en 2023 notamment \u201cFast Track Company of the Year\u201d lors des UK Green Business Awards et a \u00e9t\u00e9 reconnu Fabricant de bornes de recharges de l\u2019ann\u00e9e lors des 2024 Irish EV Awards.<\/p>\n\n\n\n<p>Pour plus d\u2019informations : www.ohme-ev.com\/fr<\/p>\n\n\n\n<p>*recharge intelligente<\/p>\n","protected":false},"featured_media":3281,"template":"","class_list":["post-3280","news-and-press","type-news-and-press","status-publish","has-post-thumbnail","hentry"],"acf":[],"yoast_head":"<!-- This site is optimized with the Yoast SEO Premium plugin v27.4 (Yoast SEO v27.4) - https:\/\/yoast.com\/product\/yoast-seo-premium-wordpress\/ -->\n<title>Le chargeur Ohme ePod S est disponible chez YESSS Electrique - Ohme EV France<\/title>\n<meta name=\"description\" content=\"Apr\u00e8s son arriv\u00e9e r\u00e9cente sur le march\u00e9 fran\u00e7ais, Ohme annonce avoir conclu un accord de distribution avec le r\u00e9seau YESSS Electrique pour la commercialisation de sa borne de recharge intelligente ePod S\" \/>\n<meta name=\"robots\" content=\"index, follow, max-snippet:-1, max-image-preview:large, max-video-preview:-1\" \/>\n<link rel=\"canonical\" href=\"https:\/\/ohme-ev.com\/fr\/espace-presse\/ohme-yesss-electrique\/\" \/>\n<meta property=\"og:locale\" content=\"fr_FR\" \/>\n<meta property=\"og:type\" content=\"article\" \/>\n<meta property=\"og:title\" content=\"Le chargeur Ohme ePod S est disponible chez YESSS Electrique\" \/>\n<meta property=\"og:description\" content=\"Apr\u00e8s son arriv\u00e9e r\u00e9cente sur le march\u00e9 fran\u00e7ais, Ohme annonce avoir conclu un accord de distribution avec le r\u00e9seau YESSS Electrique pour la commercialisation de sa borne de recharge intelligente ePod S\" \/>\n<meta property=\"og:url\" content=\"https:\/\/ohme-ev.com\/fr\/espace-presse\/ohme-yesss-electrique\/\" \/>\n<meta property=\"og:site_name\" content=\"Ohme EV France\" \/>\n<meta property=\"article:publisher\" content=\"https:\/\/www.facebook.com\/OhmeEV\/\" \/>\n<meta property=\"og:image\" content=\"https:\/\/ohme-ev.com\/fr\/wp-content\/uploads\/sites\/9\/2024\/05\/Ohme_Nov_NatHouse_348.jpg\" \/>\n\t<meta property=\"og:image:width\" content=\"1440\" \/>\n\t<meta property=\"og:image:height\" content=\"966\" \/>\n\t<meta property=\"og:image:type\" content=\"image\/jpeg\" \/>\n<meta name=\"twitter:card\" content=\"summary_large_image\" \/>\n<meta name=\"twitter:site\" content=\"@ohmeev\" \/>\n<meta name=\"twitter:label1\" content=\"Est. reading time\" \/>\n\t<meta name=\"twitter:data1\" content=\"2 minutes\" \/>\n<script type=\"application\/ld+json\" class=\"yoast-schema-graph\">{\"@context\":\"https:\\\/\\\/schema.org\",\"@graph\":[{\"@type\":\"WebPage\",\"@id\":\"https:\\\/\\\/ohme-ev.com\\\/fr\\\/espace-presse\\\/ohme-yesss-electrique\\\/\",\"url\":\"https:\\\/\\\/ohme-ev.com\\\/fr\\\/espace-presse\\\/ohme-yesss-electrique\\\/\",\"name\":\"Le chargeur Ohme ePod S est disponible chez YESSS Electrique - Ohme EV France\",\"isPartOf\":{\"@id\":\"https:\\\/\\\/ohme-ev.com\\\/fr\\\/#website\"},\"primaryImageOfPage\":{\"@id\":\"https:\\\/\\\/ohme-ev.com\\\/fr\\\/espace-presse\\\/ohme-yesss-electrique\\\/#primaryimage\"},\"image\":{\"@id\":\"https:\\\/\\\/ohme-ev.com\\\/fr\\\/espace-presse\\\/ohme-yesss-electrique\\\/#primaryimage\"},\"thumbnailUrl\":\"https:\\\/\\\/ohme-ev.com\\\/fr\\\/wp-content\\\/uploads\\\/sites\\\/9\\\/2024\\\/05\\\/Ohme_Nov_NatHouse_348.jpg\",\"datePublished\":\"2024-05-13T05:00:00+00:00\",\"description\":\"Apr\u00e8s son arriv\u00e9e r\u00e9cente sur le march\u00e9 fran\u00e7ais, Ohme annonce avoir conclu un accord de distribution avec le r\u00e9seau YESSS Electrique pour la commercialisation de sa borne de recharge intelligente ePod S\",\"breadcrumb\":{\"@id\":\"https:\\\/\\\/ohme-ev.com\\\/fr\\\/espace-presse\\\/ohme-yesss-electrique\\\/#breadcrumb\"},\"inLanguage\":\"fr-fr\",\"potentialAction\":[{\"@type\":\"ReadAction\",\"target\":[\"https:\\\/\\\/ohme-ev.com\\\/fr\\\/espace-presse\\\/ohme-yesss-electrique\\\/\"]}]},{\"@type\":\"ImageObject\",\"inLanguage\":\"fr-fr\",\"@id\":\"https:\\\/\\\/ohme-ev.com\\\/fr\\\/espace-presse\\\/ohme-yesss-electrique\\\/#primaryimage\",\"url\":\"https:\\\/\\\/ohme-ev.com\\\/fr\\\/wp-content\\\/uploads\\\/sites\\\/9\\\/2024\\\/05\\\/Ohme_Nov_NatHouse_348.jpg\",\"contentUrl\":\"https:\\\/\\\/ohme-ev.com\\\/fr\\\/wp-content\\\/uploads\\\/sites\\\/9\\\/2024\\\/05\\\/Ohme_Nov_NatHouse_348.jpg\",\"width\":1440,\"height\":966,\"caption\":\"Ohme ePod plugging in\"},{\"@type\":\"BreadcrumbList\",\"@id\":\"https:\\\/\\\/ohme-ev.com\\\/fr\\\/espace-presse\\\/ohme-yesss-electrique\\\/#breadcrumb\",\"itemListElement\":[{\"@type\":\"ListItem\",\"position\":1,\"name\":\"Home\",\"item\":\"https:\\\/\\\/ohme-ev.com\\\/fr\\\/\"},{\"@type\":\"ListItem\",\"position\":2,\"name\":\"Le chargeur Ohme ePod S est disponible chez YESSS Electrique\"}]},{\"@type\":\"WebSite\",\"@id\":\"https:\\\/\\\/ohme-ev.com\\\/fr\\\/#website\",\"url\":\"https:\\\/\\\/ohme-ev.com\\\/fr\\\/\",\"name\":\"Ohme EV France\",\"description\":\"Ohme - EV Smart Charging Solutions\",\"potentialAction\":[{\"@type\":\"SearchAction\",\"target\":{\"@type\":\"EntryPoint\",\"urlTemplate\":\"https:\\\/\\\/ohme-ev.com\\\/fr\\\/?s={search_term_string}\"},\"query-input\":{\"@type\":\"PropertyValueSpecification\",\"valueRequired\":true,\"valueName\":\"search_term_string\"}}],\"inLanguage\":\"fr-fr\"}]}<\/script>\n<!-- \/ Yoast SEO Premium plugin. -->","yoast_head_json":{"title":"Le chargeur Ohme ePod S est disponible chez YESSS Electrique - Ohme EV France","description":"Apr\u00e8s son arriv\u00e9e r\u00e9cente sur le march\u00e9 fran\u00e7ais, Ohme annonce avoir conclu un accord de distribution avec le r\u00e9seau YESSS Electrique pour la commercialisation de sa borne de recharge intelligente ePod S","robots":{"index":"index","follow":"follow","max-snippet":"max-snippet:-1","max-image-preview":"max-image-preview:large","max-video-preview":"max-video-preview:-1"},"canonical":"https:\/\/ohme-ev.com\/fr\/espace-presse\/ohme-yesss-electrique\/","og_locale":"fr_FR","og_type":"article","og_title":"Le chargeur Ohme ePod S est disponible chez YESSS Electrique","og_description":"Apr\u00e8s son arriv\u00e9e r\u00e9cente sur le march\u00e9 fran\u00e7ais, Ohme annonce avoir conclu un accord de distribution avec le r\u00e9seau YESSS Electrique pour la commercialisation de sa borne de recharge intelligente ePod S","og_url":"https:\/\/ohme-ev.com\/fr\/espace-presse\/ohme-yesss-electrique\/","og_site_name":"Ohme EV France","article_publisher":"https:\/\/www.facebook.com\/OhmeEV\/","og_image":[{"width":1440,"height":966,"url":"https:\/\/ohme-ev.com\/fr\/wp-content\/uploads\/sites\/9\/2024\/05\/Ohme_Nov_NatHouse_348.jpg","type":"image\/jpeg"}],"twitter_card":"summary_large_image","twitter_site":"@ohmeev","twitter_misc":{"Est. reading time":"2 minutes"},"schema":{"@context":"https:\/\/schema.org","@graph":[{"@type":"WebPage","@id":"https:\/\/ohme-ev.com\/fr\/espace-presse\/ohme-yesss-electrique\/","url":"https:\/\/ohme-ev.com\/fr\/espace-presse\/ohme-yesss-electrique\/","name":"Le chargeur Ohme ePod S est disponible chez YESSS Electrique - Ohme EV France","isPartOf":{"@id":"https:\/\/ohme-ev.com\/fr\/#website"},"primaryImageOfPage":{"@id":"https:\/\/ohme-ev.com\/fr\/espace-presse\/ohme-yesss-electrique\/#primaryimage"},"image":{"@id":"https:\/\/ohme-ev.com\/fr\/espace-presse\/ohme-yesss-electrique\/#primaryimage"},"thumbnailUrl":"https:\/\/ohme-ev.com\/fr\/wp-content\/uploads\/sites\/9\/2024\/05\/Ohme_Nov_NatHouse_348.jpg","datePublished":"2024-05-13T05:00:00+00:00","description":"Apr\u00e8s son arriv\u00e9e r\u00e9cente sur le march\u00e9 fran\u00e7ais, Ohme annonce avoir conclu un accord de distribution avec le r\u00e9seau YESSS Electrique pour la commercialisation de sa borne de recharge intelligente ePod S","breadcrumb":{"@id":"https:\/\/ohme-ev.com\/fr\/espace-presse\/ohme-yesss-electrique\/#breadcrumb"},"inLanguage":"fr-fr","potentialAction":[{"@type":"ReadAction","target":["https:\/\/ohme-ev.com\/fr\/espace-presse\/ohme-yesss-electrique\/"]}]},{"@type":"ImageObject","inLanguage":"fr-fr","@id":"https:\/\/ohme-ev.com\/fr\/espace-presse\/ohme-yesss-electrique\/#primaryimage","url":"https:\/\/ohme-ev.com\/fr\/wp-content\/uploads\/sites\/9\/2024\/05\/Ohme_Nov_NatHouse_348.jpg","contentUrl":"https:\/\/ohme-ev.com\/fr\/wp-content\/uploads\/sites\/9\/2024\/05\/Ohme_Nov_NatHouse_348.jpg","width":1440,"height":966,"caption":"Ohme ePod plugging in"},{"@type":"BreadcrumbList","@id":"https:\/\/ohme-ev.com\/fr\/espace-presse\/ohme-yesss-electrique\/#breadcrumb","itemListElement":[{"@type":"ListItem","position":1,"name":"Home","item":"https:\/\/ohme-ev.com\/fr\/"},{"@type":"ListItem","position":2,"name":"Le chargeur Ohme ePod S est disponible chez YESSS Electrique"}]},{"@type":"WebSite","@id":"https:\/\/ohme-ev.com\/fr\/#website","url":"https:\/\/ohme-ev.com\/fr\/","name":"Ohme EV France","description":"Ohme - EV Smart Charging Solutions","potentialAction":[{"@type":"SearchAction","target":{"@type":"EntryPoint","urlTemplate":"https:\/\/ohme-ev.com\/fr\/?s={search_term_string}"},"query-input":{"@type":"PropertyValueSpecification","valueRequired":true,"valueName":"search_term_string"}}],"inLanguage":"fr-fr"}]}},"_links":{"self":[{"href":"https:\/\/ohme-ev.com\/fr\/wp-json\/wp\/v2\/news-and-press\/3280","targetHints":{"allow":["GET"]}}],"collection":[{"href":"https:\/\/ohme-ev.com\/fr\/wp-json\/wp\/v2\/news-and-press"}],"about":[{"href":"https:\/\/ohme-ev.com\/fr\/wp-json\/wp\/v2\/types\/news-and-press"}],"wp:featuredmedia":[{"embeddable":true,"href":"https:\/\/ohme-ev.com\/fr\/wp-json\/wp\/v2\/media\/3281"}],"wp:attachment":[{"href":"https:\/\/ohme-ev.com\/fr\/wp-json\/wp\/v2\/media?parent=3280"}],"curies":[{"name":"wp","href":"https:\/\/api.w.org\/{rel}","templated":true}]}}