{"id":2880,"date":"2024-08-21T09:11:12","date_gmt":"2024-08-21T09:11:12","guid":{"rendered":"https:\/\/ohme-ev.com\/es\/?post_type=news-and-press&#038;p=2880"},"modified":"2024-08-21T09:11:51","modified_gmt":"2024-08-21T09:11:51","slug":"cargador-ohme-preguntas-y-respuestas","status":"publish","type":"news-and-press","link":"https:\/\/ohme-ev.com\/es\/news-and-press\/cargador-ohme-preguntas-y-respuestas\/","title":{"rendered":"Cargador Ohme: Preguntas y Respuestas con Umberto De Gaetano, Responsable de Desarrollo Comercial, Ohme Espa\u00f1a"},"content":{"rendered":"\n<p><strong>Umberto de Gaetano<\/strong> es el Jefe de Desarrollo de Negocios de Ohme en Espa\u00f1a, hablando sobre las ventajas del <strong>Cargador Ohme<\/strong> con nuevos y potenciales socios nacionales e internacionales, as\u00ed como con mayoristas, instaladores y socios comerciales, demostrando c\u00f3mo los<a href=\"https:\/\/ohme-ev.com\/es\/cargadores-coches-electricos-espana-ohme\/\"> <strong>cargadores Ohme<\/strong><\/a> se destacan en el mercado.<\/p>\n\n\n\n<p>\u00bfPor qu\u00e9 Ohme es la mejor opci\u00f3n de cargador para conductores de veh\u00edculos el\u00e9ctricos?\u00a0<\/p>\n\n\n\n<p>La capacidad de carga inteligente es nuestro principal argumento de venta con los cargadores de Ohme. Ofrece a los conductores la posibilidad de gestionar sus veh\u00edculos el\u00e9ctricos de una manera mucho m\u00e1s inteligente que los cargadores est\u00e1ndar.\u00a0<\/p>\n\n\n\n<p>Nuestra tecnolog\u00eda nos permite tener en cuenta la tarifa energ\u00e9tica del cliente y el horario de carga, el estado de carga de la bater\u00eda del coche y luego aprovechar todo eso, cargando al menor costo posible teniendo todo en consideraci\u00f3n.\u00a0<\/p>\n\n\n\n<p>Ning\u00fan otro cargador de veh\u00edculos el\u00e9ctricos en el mercado puede igualar la capacidad de carga din\u00e1mica de Ohme, donde podemos acceder a la bater\u00eda y sincronizarnos con todas las diferentes tarifas energ\u00e9ticas del mercado.<\/p>\n\n\n\n<p>\u00bfQu\u00e9 hace que Ohme se destaque de otros cargadores de veh\u00edculos el\u00e9ctricos dom\u00e9sticos?\u00a0<\/p>\n\n\n\n<p>He mencionado la carga din\u00e1mica en lo que respecta a los conductores, pero cuando se trata de mayoristas e instaladores, tambi\u00e9n somos muy competitivos en nuestra oferta comercial.\u00a0<\/p>\n\n\n\n<p>Tenemos una SIM integrada, por lo que no hay necesidad de otros costos asociados con el cargador una vez instalado. Tambi\u00e9n contamos con funcionalidad solar y, para los instaladores, el cargador es muy simple y f\u00e1cil de instalar tambi\u00e9n. Adem\u00e1s, ese SIM integrado significa que no se pierde tiempo intentando conectarse a la red Wi-Fi de un cliente.\u00a0<\/p>\n\n\n\n<p>Nuestro modelo m\u00e1s vendido, el Home Pro, tambi\u00e9n est\u00e1 sellado, por lo que no necesita ser abierto para la instalaci\u00f3n, mientras que tambi\u00e9n hay un portal en l\u00ednea para instaladores donde pueden verificar en l\u00ednea y evitar problemas, verificar el estado de diferentes cargadores que instalan y resolver cualquier problema de forma remota. Los cargadores de Ohme tambi\u00e9n obtienen calificaciones muy altas en confiabilidad con una de las tasas de retorno de garant\u00eda m\u00e1s bajas de la industria.\u00a0<\/p>\n\n\n\n<p>\u00bfPor qu\u00e9 un instalador el\u00e9ctrico deber\u00eda elegir un cargador Ohme?\u00a0<\/p>\n\n\n\n<p>Adem\u00e1s de los elementos ya mencionados, Ohme tiene un excelente equipo t\u00e9cnico para cualquier capacitaci\u00f3n comercial o t\u00e9cnica. Te mostraremos c\u00f3mo instalarlo y todo nuestro entrenamiento y soporte al instalador est\u00e1n en espa\u00f1ol. Lo mismo ocurre con nuestro soporte al cliente que tambi\u00e9n est\u00e1 todo en espa\u00f1ol, asegurando que los clientes puedan acudir directamente a nosotros en Ohme con cualquier consulta, en lugar de a su instalador.<\/p>\n\n\n\n<p>Incentivos y asociaciones en Espa\u00f1a<\/p>\n\n\n\n<p>El \u00faltimo Programa Moves III obviamente permite a los conductores reclamar hasta el 80% de descuento en el costo de un cargador de veh\u00edculos el\u00e9ctricos<\/p>\n\n\n\n<p>En Espa\u00f1a tambi\u00e9n somos el proveedor oficial de veh\u00edculos el\u00e9ctricos inteligentes para Octopus Energy, que es uno de los mayores inversores en paneles solares en Europa. Adem\u00e1s, siempre estamos hablando con compa\u00f1\u00edas energ\u00e9ticas, mayoristas e instaladores para ayudar a traer una carga de veh\u00edculos el\u00e9ctricos m\u00e1s limpia y econ\u00f3mica a los conductores en Espa\u00f1a.\u00a0<\/p>\n\n\n\n<p>\u00bfEn qu\u00e9 otros mercados est\u00e1 Ohme fuera de Espa\u00f1a?<\/p>\n\n\n\n<p>Ohme es el proveedor de cargadores inteligentes para veh\u00edculos el\u00e9ctricos dom\u00e9sticos m\u00e1s grande y de m\u00e1s r\u00e1pido crecimiento en el Reino Unido e Irlanda, y ahora tambi\u00e9n est\u00e1 expandiendo su alcance en el mercado de Europa continental, donde contamos con 25 personas en el equipo europeo.\u00a0<\/p>\n\n\n\n<p>En el Reino Unido e Irlanda, es el proveedor oficial de cargadores para veh\u00edculos el\u00e9ctricos de Mercedes-Benz, el Grupo Volkswagen y Volvo Cars.\u00a0<\/p>\n\n\n\n<p>Estamos constantemente actualizando y mejorando nuestros productos con nuevas caracter\u00edsticas, as\u00ed que aseg\u00farate de estar atento, ya que tendremos nuevos productos para finales de a\u00f1o.\u00a0<\/p>\n","protected":false},"featured_media":2883,"template":"","class_list":["post-2880","news-and-press","type-news-and-press","status-publish","has-post-thumbnail","hentry"],"acf":[],"yoast_head":"<!-- This site is optimized with the Yoast SEO Premium plugin v27.5 (Yoast SEO v27.5) - https:\/\/yoast.com\/product\/yoast-seo-premium-wordpress\/ -->\n<title>Cargador Ohme: Innovaci\u00f3n para Veh\u00edculos El\u00e9ctricos en Espa\u00f1a<\/title>\n<meta name=\"description\" content=\"Descubre el cargador Ohme, l\u00edder en tecnolog\u00eda de carga para veh\u00edculos el\u00e9ctricos en Espa\u00f1a. F\u00e1cil de instalar, con SIM integrada.\" \/>\n<meta name=\"robots\" content=\"index, follow, max-snippet:-1, max-image-preview:large, max-video-preview:-1\" \/>\n<link rel=\"canonical\" href=\"https:\/\/ohme-ev.com\/es\/news-and-press\/cargador-ohme-preguntas-y-respuestas\/\" \/>\n<meta property=\"og:locale\" content=\"es_ES\" \/>\n<meta property=\"og:type\" content=\"article\" \/>\n<meta property=\"og:title\" content=\"Cargador Ohme: Preguntas y Respuestas con Umberto De Gaetano, Responsable de Desarrollo Comercial, Ohme Espa\u00f1a\" \/>\n<meta property=\"og:description\" content=\"Descubre el cargador Ohme, l\u00edder en tecnolog\u00eda de carga para veh\u00edculos el\u00e9ctricos en Espa\u00f1a. F\u00e1cil de instalar, con SIM integrada.\" \/>\n<meta property=\"og:url\" content=\"https:\/\/ohme-ev.com\/es\/news-and-press\/cargador-ohme-preguntas-y-respuestas\/\" \/>\n<meta property=\"og:site_name\" content=\"Ohme EV Espa\u00f1a\" \/>\n<meta property=\"article:publisher\" content=\"https:\/\/www.facebook.com\/OhmeEV\/\" \/>\n<meta property=\"article:modified_time\" content=\"2024-08-21T09:11:51+00:00\" \/>\n<meta property=\"og:image\" content=\"https:\/\/ohme-ev.com\/es\/wp-content\/uploads\/sites\/17\/2024\/08\/ezgif-4-59ca09ce00.webp\" \/>\n\t<meta property=\"og:image:width\" content=\"1538\" \/>\n\t<meta property=\"og:image:height\" content=\"1110\" \/>\n\t<meta property=\"og:image:type\" content=\"image\/webp\" \/>\n<meta name=\"twitter:card\" content=\"summary_large_image\" \/>\n<meta name=\"twitter:site\" content=\"@ohmeev\" \/>\n<meta name=\"twitter:label1\" content=\"Est. reading time\" \/>\n\t<meta name=\"twitter:data1\" content=\"3 minutes\" \/>\n<script type=\"application\/ld+json\" class=\"yoast-schema-graph\">{\"@context\":\"https:\\\/\\\/schema.org\",\"@graph\":[{\"@type\":\"WebPage\",\"@id\":\"https:\\\/\\\/ohme-ev.com\\\/es\\\/news-and-press\\\/cargador-ohme-preguntas-y-respuestas\\\/\",\"url\":\"https:\\\/\\\/ohme-ev.com\\\/es\\\/news-and-press\\\/cargador-ohme-preguntas-y-respuestas\\\/\",\"name\":\"Cargador Ohme: Innovaci\u00f3n para Veh\u00edculos El\u00e9ctricos en Espa\u00f1a\",\"isPartOf\":{\"@id\":\"https:\\\/\\\/ohme-ev.com\\\/es\\\/#website\"},\"primaryImageOfPage\":{\"@id\":\"https:\\\/\\\/ohme-ev.com\\\/es\\\/news-and-press\\\/cargador-ohme-preguntas-y-respuestas\\\/#primaryimage\"},\"image\":{\"@id\":\"https:\\\/\\\/ohme-ev.com\\\/es\\\/news-and-press\\\/cargador-ohme-preguntas-y-respuestas\\\/#primaryimage\"},\"thumbnailUrl\":\"https:\\\/\\\/ohme-ev.com\\\/es\\\/wp-content\\\/uploads\\\/sites\\\/17\\\/2024\\\/08\\\/ezgif-4-59ca09ce00.webp\",\"datePublished\":\"2024-08-21T09:11:12+00:00\",\"dateModified\":\"2024-08-21T09:11:51+00:00\",\"description\":\"Descubre el cargador Ohme, l\u00edder en tecnolog\u00eda de carga para veh\u00edculos el\u00e9ctricos en Espa\u00f1a. F\u00e1cil de instalar, con SIM integrada.\",\"breadcrumb\":{\"@id\":\"https:\\\/\\\/ohme-ev.com\\\/es\\\/news-and-press\\\/cargador-ohme-preguntas-y-respuestas\\\/#breadcrumb\"},\"inLanguage\":\"es-es\",\"potentialAction\":[{\"@type\":\"ReadAction\",\"target\":[\"https:\\\/\\\/ohme-ev.com\\\/es\\\/news-and-press\\\/cargador-ohme-preguntas-y-respuestas\\\/\"]}]},{\"@type\":\"ImageObject\",\"inLanguage\":\"es-es\",\"@id\":\"https:\\\/\\\/ohme-ev.com\\\/es\\\/news-and-press\\\/cargador-ohme-preguntas-y-respuestas\\\/#primaryimage\",\"url\":\"https:\\\/\\\/ohme-ev.com\\\/es\\\/wp-content\\\/uploads\\\/sites\\\/17\\\/2024\\\/08\\\/ezgif-4-59ca09ce00.webp\",\"contentUrl\":\"https:\\\/\\\/ohme-ev.com\\\/es\\\/wp-content\\\/uploads\\\/sites\\\/17\\\/2024\\\/08\\\/ezgif-4-59ca09ce00.webp\",\"width\":1538,\"height\":1110,\"caption\":\"Umberto De Gaetano Ohme Responsable de Desarrollo Comercial.\"},{\"@type\":\"BreadcrumbList\",\"@id\":\"https:\\\/\\\/ohme-ev.com\\\/es\\\/news-and-press\\\/cargador-ohme-preguntas-y-respuestas\\\/#breadcrumb\",\"itemListElement\":[{\"@type\":\"ListItem\",\"position\":1,\"name\":\"Home\",\"item\":\"https:\\\/\\\/ohme-ev.com\\\/es\\\/\"},{\"@type\":\"ListItem\",\"position\":2,\"name\":\"Cargador Ohme: Preguntas y Respuestas con Umberto De Gaetano, Responsable de Desarrollo Comercial, Ohme Espa\u00f1a\"}]},{\"@type\":\"WebSite\",\"@id\":\"https:\\\/\\\/ohme-ev.com\\\/es\\\/#website\",\"url\":\"https:\\\/\\\/ohme-ev.com\\\/es\\\/\",\"name\":\"Ohme EV Espa\u00f1a\",\"description\":\"Ohme - Cargando El Ma\u00f1ana\",\"publisher\":{\"@id\":\"https:\\\/\\\/ohme-ev.com\\\/es\\\/#organization\"},\"potentialAction\":[{\"@type\":\"SearchAction\",\"target\":{\"@type\":\"EntryPoint\",\"urlTemplate\":\"https:\\\/\\\/ohme-ev.com\\\/es\\\/?s={search_term_string}\"},\"query-input\":{\"@type\":\"PropertyValueSpecification\",\"valueRequired\":true,\"valueName\":\"search_term_string\"}}],\"inLanguage\":\"es-es\"},{\"@type\":\"Organization\",\"@id\":\"https:\\\/\\\/ohme-ev.com\\\/es\\\/#organization\",\"name\":\"Ohme EV Espa\u00f1a\",\"alternateName\":\"Ohme\",\"url\":\"https:\\\/\\\/ohme-ev.com\\\/es\\\/\",\"logo\":{\"@type\":\"ImageObject\",\"inLanguage\":\"es-es\",\"@id\":\"https:\\\/\\\/ohme-ev.com\\\/es\\\/#\\\/schema\\\/logo\\\/image\\\/\",\"url\":\"https:\\\/\\\/ohme-ev.com\\\/es\\\/wp-content\\\/uploads\\\/sites\\\/17\\\/2025\\\/05\\\/Vector-1-e1747753854161.webp\",\"contentUrl\":\"https:\\\/\\\/ohme-ev.com\\\/es\\\/wp-content\\\/uploads\\\/sites\\\/17\\\/2025\\\/05\\\/Vector-1-e1747753854161.webp\",\"width\":86,\"height\":81,\"caption\":\"Ohme EV Espa\u00f1a\"},\"image\":{\"@id\":\"https:\\\/\\\/ohme-ev.com\\\/es\\\/#\\\/schema\\\/logo\\\/image\\\/\"},\"sameAs\":[\"https:\\\/\\\/www.facebook.com\\\/OhmeEV\\\/\",\"https:\\\/\\\/x.com\\\/ohmeev\"]}]}<\/script>\n<!-- \/ Yoast SEO Premium plugin. -->","yoast_head_json":{"title":"Cargador Ohme: Innovaci\u00f3n para Veh\u00edculos El\u00e9ctricos en Espa\u00f1a","description":"Descubre el cargador Ohme, l\u00edder en tecnolog\u00eda de carga para veh\u00edculos el\u00e9ctricos en Espa\u00f1a. F\u00e1cil de instalar, con SIM integrada.","robots":{"index":"index","follow":"follow","max-snippet":"max-snippet:-1","max-image-preview":"max-image-preview:large","max-video-preview":"max-video-preview:-1"},"canonical":"https:\/\/ohme-ev.com\/es\/news-and-press\/cargador-ohme-preguntas-y-respuestas\/","og_locale":"es_ES","og_type":"article","og_title":"Cargador Ohme: Preguntas y Respuestas con Umberto De Gaetano, Responsable de Desarrollo Comercial, Ohme Espa\u00f1a","og_description":"Descubre el cargador Ohme, l\u00edder en tecnolog\u00eda de carga para veh\u00edculos el\u00e9ctricos en Espa\u00f1a. F\u00e1cil de instalar, con SIM integrada.","og_url":"https:\/\/ohme-ev.com\/es\/news-and-press\/cargador-ohme-preguntas-y-respuestas\/","og_site_name":"Ohme EV Espa\u00f1a","article_publisher":"https:\/\/www.facebook.com\/OhmeEV\/","article_modified_time":"2024-08-21T09:11:51+00:00","og_image":[{"width":1538,"height":1110,"url":"https:\/\/ohme-ev.com\/es\/wp-content\/uploads\/sites\/17\/2024\/08\/ezgif-4-59ca09ce00.webp","type":"image\/webp"}],"twitter_card":"summary_large_image","twitter_site":"@ohmeev","twitter_misc":{"Est. reading time":"3 minutes"},"schema":{"@context":"https:\/\/schema.org","@graph":[{"@type":"WebPage","@id":"https:\/\/ohme-ev.com\/es\/news-and-press\/cargador-ohme-preguntas-y-respuestas\/","url":"https:\/\/ohme-ev.com\/es\/news-and-press\/cargador-ohme-preguntas-y-respuestas\/","name":"Cargador Ohme: Innovaci\u00f3n para Veh\u00edculos El\u00e9ctricos en Espa\u00f1a","isPartOf":{"@id":"https:\/\/ohme-ev.com\/es\/#website"},"primaryImageOfPage":{"@id":"https:\/\/ohme-ev.com\/es\/news-and-press\/cargador-ohme-preguntas-y-respuestas\/#primaryimage"},"image":{"@id":"https:\/\/ohme-ev.com\/es\/news-and-press\/cargador-ohme-preguntas-y-respuestas\/#primaryimage"},"thumbnailUrl":"https:\/\/ohme-ev.com\/es\/wp-content\/uploads\/sites\/17\/2024\/08\/ezgif-4-59ca09ce00.webp","datePublished":"2024-08-21T09:11:12+00:00","dateModified":"2024-08-21T09:11:51+00:00","description":"Descubre el cargador Ohme, l\u00edder en tecnolog\u00eda de carga para veh\u00edculos el\u00e9ctricos en Espa\u00f1a. F\u00e1cil de instalar, con SIM integrada.","breadcrumb":{"@id":"https:\/\/ohme-ev.com\/es\/news-and-press\/cargador-ohme-preguntas-y-respuestas\/#breadcrumb"},"inLanguage":"es-es","potentialAction":[{"@type":"ReadAction","target":["https:\/\/ohme-ev.com\/es\/news-and-press\/cargador-ohme-preguntas-y-respuestas\/"]}]},{"@type":"ImageObject","inLanguage":"es-es","@id":"https:\/\/ohme-ev.com\/es\/news-and-press\/cargador-ohme-preguntas-y-respuestas\/#primaryimage","url":"https:\/\/ohme-ev.com\/es\/wp-content\/uploads\/sites\/17\/2024\/08\/ezgif-4-59ca09ce00.webp","contentUrl":"https:\/\/ohme-ev.com\/es\/wp-content\/uploads\/sites\/17\/2024\/08\/ezgif-4-59ca09ce00.webp","width":1538,"height":1110,"caption":"Umberto De Gaetano Ohme Responsable de Desarrollo Comercial."},{"@type":"BreadcrumbList","@id":"https:\/\/ohme-ev.com\/es\/news-and-press\/cargador-ohme-preguntas-y-respuestas\/#breadcrumb","itemListElement":[{"@type":"ListItem","position":1,"name":"Home","item":"https:\/\/ohme-ev.com\/es\/"},{"@type":"ListItem","position":2,"name":"Cargador Ohme: Preguntas y Respuestas con Umberto De Gaetano, Responsable de Desarrollo Comercial, Ohme Espa\u00f1a"}]},{"@type":"WebSite","@id":"https:\/\/ohme-ev.com\/es\/#website","url":"https:\/\/ohme-ev.com\/es\/","name":"Ohme EV Espa\u00f1a","description":"Ohme - Cargando El Ma\u00f1ana","publisher":{"@id":"https:\/\/ohme-ev.com\/es\/#organization"},"potentialAction":[{"@type":"SearchAction","target":{"@type":"EntryPoint","urlTemplate":"https:\/\/ohme-ev.com\/es\/?s={search_term_string}"},"query-input":{"@type":"PropertyValueSpecification","valueRequired":true,"valueName":"search_term_string"}}],"inLanguage":"es-es"},{"@type":"Organization","@id":"https:\/\/ohme-ev.com\/es\/#organization","name":"Ohme EV Espa\u00f1a","alternateName":"Ohme","url":"https:\/\/ohme-ev.com\/es\/","logo":{"@type":"ImageObject","inLanguage":"es-es","@id":"https:\/\/ohme-ev.com\/es\/#\/schema\/logo\/image\/","url":"https:\/\/ohme-ev.com\/es\/wp-content\/uploads\/sites\/17\/2025\/05\/Vector-1-e1747753854161.webp","contentUrl":"https:\/\/ohme-ev.com\/es\/wp-content\/uploads\/sites\/17\/2025\/05\/Vector-1-e1747753854161.webp","width":86,"height":81,"caption":"Ohme EV Espa\u00f1a"},"image":{"@id":"https:\/\/ohme-ev.com\/es\/#\/schema\/logo\/image\/"},"sameAs":["https:\/\/www.facebook.com\/OhmeEV\/","https:\/\/x.com\/ohmeev"]}]}},"_links":{"self":[{"href":"https:\/\/ohme-ev.com\/es\/wp-json\/wp\/v2\/news-and-press\/2880","targetHints":{"allow":["GET"]}}],"collection":[{"href":"https:\/\/ohme-ev.com\/es\/wp-json\/wp\/v2\/news-and-press"}],"about":[{"href":"https:\/\/ohme-ev.com\/es\/wp-json\/wp\/v2\/types\/news-and-press"}],"wp:featuredmedia":[{"embeddable":true,"href":"https:\/\/ohme-ev.com\/es\/wp-json\/wp\/v2\/media\/2883"}],"wp:attachment":[{"href":"https:\/\/ohme-ev.com\/es\/wp-json\/wp\/v2\/media?parent=2880"}],"curies":[{"name":"wp","href":"https:\/\/api.w.org\/{rel}","templated":true}]}}