{"id":44360,"date":"2025-10-17T08:44:06","date_gmt":"2025-10-17T08:44:06","guid":{"rendered":"https:\/\/ohme-ev.com\/de\/?p=44360"},"modified":"2025-10-17T08:44:06","modified_gmt":"2025-10-17T08:44:06","slug":"kfz-steuerbefreiung-elektroauto","status":"publish","type":"post","link":"https:\/\/ohme-ev.com\/de\/blog\/kfz-steuerbefreiung-elektroauto\/","title":{"rendered":"Kfz-Steuerbefreiung f\u00fcr Elektroautos: Warum sich der Umstieg jetzt mehr denn je lohnt"},"content":{"rendered":"\n<p>Die <strong><a href=\"https:\/\/www.bundesfinanzministerium.de\/Content\/DE\/Pressemitteilungen\/Finanzpolitik\/2025\/10\/2025-10-15-steuerbefreiung-fuer-elektroautos.html#:~:text=Die%20Bundesregierung%20setzt%20damit%20die,Bundesregierung%20damit%20weiter%20die%20Elektromobilit%C3%A4t.\">Kfz-Steuerbefreiung f\u00fcr Elektroautos<\/a><\/strong> macht den Einstieg in die Elektromobilit\u00e4t 2025 so attraktiv wie nie. Wer jetzt auf ein E-Auto wechselt, spart \u00fcber Jahre hinweg Kfz-Steuer, senkt Betriebskosten und f\u00e4hrt klimafreundlich.<\/p>\n\n\n\n<h2 class=\"wp-block-heading\" id=\"h-was-heisst-die-kfz-steuerbefreiung-fur-e-autofahrer\"><strong>Was hei\u00dft die Kfz-Steuerbefreiung f\u00fcr E-Autofahrer?<\/strong><\/h2>\n\n\n\n<p>Die Kfz-Steuerbefreiung ist ein steuerlicher Vorteil f\u00fcr alle, die ein reines Elektroauto besitzen oder planen, eines zu kaufen.<br>Das Bundesamt f\u00fcr Finanzen hat best\u00e4tigt:<br><strong>Reine Elektrofahrzeuge sind bis zum 31. Dezember 2035 vollst\u00e4ndig von der Kfz-Steuer befreit.<\/strong><\/p>\n\n\n\n<p>Diese Kfz-Steuerbefreiung f\u00fcr E-Autos gilt f\u00fcr alle Fahrzeuge, die zwischen dem 18. Mai 2011 und dem 31. Dezember 2030 erstmals zugelassen werden. Nach Ablauf der Befreiung reduziert sich die Steuer dauerhaft um 50 % (\u00a7 9 Abs. 2 KraftStG) ein klarer Vorteil gegen\u00fcber klassischen Verbrennern.<\/p>\n\n\n\n<h2 class=\"wp-block-heading\" id=\"h-warum-die-kfz-steuerbefreiung-ein-starkes-signal-ist\"><strong>Warum die Kfz-Steuerbefreiung ein starkes Signal ist<\/strong><\/h2>\n\n\n\n<p>Mit der beschlossenen Kfz-Steuerbefreiung bis 2035 setzt die Bundesregierung ein wichtiges Zeichen f\u00fcr die Zukunft der Mobilit\u00e4t.<br>SPD-Chef Lars Klingbeil erkl\u00e4rte dazu:<\/p>\n\n\n\n<p>\u201eDamit wir in den n\u00e4chsten Jahren sehr viel mehr Elektroautos auf die Stra\u00dfe bringen, m\u00fcssen wir jetzt die richtigen Anreize setzen.\u201c<\/p>\n\n\n\n<p>Auch Bundesumweltminister Carsten Schneider (SPD) k\u00fcndigte erg\u00e4nzende F\u00f6rderprogramme f\u00fcr den Kauf von E-Autos an vor allem f\u00fcr <strong>Haushalte mit kleinen und mittleren Einkommen<\/strong>.<br>Die Kombination aus <strong>Steuerbefreiung<\/strong> und <strong>F\u00f6rderung<\/strong> macht den Umstieg jetzt sehr lohnend.<\/p>\n\n\n\n<h2 class=\"wp-block-heading\" id=\"h-kfz-steuerbefreiung-gilt-nur-fur-reine-elektroautos\"><strong>Kfz-Steuerbefreiung gilt nur f\u00fcr reine Elektroautos<\/strong><\/h2>\n\n\n\n<p>Wichtig: Die Kfz-Steuerbefreiung gilt nicht f\u00fcr Plug-in-Hybride.<br>F\u00fcr sie wird die Steuer wie bei Verbrennern nach Hubraum und CO\u2082-Aussto\u00df berechnet. Allerdings f\u00e4llt sie aufgrund geringerer Emissionen oft g\u00fcnstiger aus. Den vollen steuerlichen Vorteil haben jedoch nur reine Elektroautos.<\/p>\n\n\n\n<h2 class=\"wp-block-heading\" id=\"h-steuervorteile-auch-bei-elektro-dienstwagen\"><strong>Steuervorteile auch bei Elektro-Dienstwagen<\/strong><\/h2>\n\n\n\n<p>Neben der Kfz-Steuerbefreiung profitieren E-Autos auch bei der Dienstwagensteuer.<br>Der geldwerte Vorteil f\u00fcr die private Nutzung liegt deutlich unter dem von Verbrennern, wodurch sich Elektro-Dienstwagen sowohl f\u00fcr Arbeitgeber als auch f\u00fcr Arbeitnehmer lohnen.<\/p>\n\n\n\n<p>Wer also eine E-Auto als Dienstwagen f\u00e4hrt, spart gleich doppelt bei der Kfz-Steuer und beim Dienstwagenvorteil.<\/p>\n\n\n\n<h2 class=\"wp-block-heading\" id=\"h-fazit-mit-kfz-steuerbefreiung-und-smart-charging-doppelt-sparen\"><strong>Fazit: Mit Kfz-Steuerbefreiung und Smart Charging doppelt sparen<\/strong><\/h2>\n\n\n\n<p>Die Kfz-Steuerbefreiung bis 2035 macht den Umstieg auf ein Elektroauto jetzt besonders attraktiv, doch mit der Ohme Home Pro l\u00e4sst sich noch mehr herausholen.<br>Denn dank Smart Charging l\u00e4dt dein E-Auto automatisch dann, wenn Strompreise g\u00fcnstig sind.<\/p>\n\n\n\n<p>So hast du nicht nur ein Vorteil von der Kfz-Steuerbefreiung, sondern senkst auch deine Ladekosten ganz ohne Aufwand.<br>Mit der Ohme Home Pro wird elektrisches Fahren also nicht nur steuerfrei, sondern auch intelligent, effizient und maximal kostensparend.<\/p>\n\n\n\n<p><\/p>\n","protected":false},"excerpt":{"rendered":"<p>Die Kfz-Steuerbefreiung f\u00fcr Elektroautos macht den Einstieg in die Elektromobilit\u00e4t 2025 so attraktiv wie nie. Wer jetzt auf ein E-Auto wechselt, spart \u00fcber Jahre hinweg Kfz-Steuer, senkt Betriebskosten und f\u00e4hrt klimafreundlich. Was hei\u00dft die Kfz-Steuerbefreiung f\u00fcr E-Autofahrer? Die Kfz-Steuerbefreiung ist ein steuerlicher Vorteil f\u00fcr alle, die ein reines Elektroauto besitzen oder planen, eines zu kaufen.Das [&hellip;]<\/p>\n","protected":false},"author":20,"featured_media":2624,"comment_status":"open","ping_status":"open","sticky":false,"template":"","format":"standard","meta":{"_acf_changed":false,"_helpful_status":1,"footnotes":""},"categories":[1],"tags":[],"class_list":["post-44360","post","type-post","status-publish","format-standard","has-post-thumbnail","hentry","category-ohne-kategorie"],"acf":[],"yoast_head":"<!-- This site is optimized with the Yoast SEO Premium plugin v27.4 (Yoast SEO v27.4) - https:\/\/yoast.com\/product\/yoast-seo-premium-wordpress\/ -->\n<title>Kfz-Steuerbefreiung f\u00fcr Elektroautos<\/title>\n<meta name=\"description\" content=\"Bis 2035 keine Kfz-Steuer zahlen &amp; mit Smart Charging zus\u00e4tzlich sparen, jetzt mit der Ohme Home Pro intelligent laden und profitieren.\" \/>\n<meta name=\"robots\" content=\"index, follow, max-snippet:-1, max-image-preview:large, max-video-preview:-1\" \/>\n<link rel=\"canonical\" href=\"https:\/\/ohme-ev.com\/de\/blog\/kfz-steuerbefreiung-elektroauto\/\" \/>\n<meta property=\"og:locale\" content=\"de_DE\" \/>\n<meta property=\"og:type\" content=\"article\" \/>\n<meta property=\"og:title\" content=\"Kfz-Steuerbefreiung f\u00fcr Elektroautos: Warum sich der Umstieg jetzt mehr denn je lohnt\" \/>\n<meta property=\"og:description\" content=\"Bis 2035 keine Kfz-Steuer zahlen &amp; mit Smart Charging zus\u00e4tzlich sparen, jetzt mit der Ohme Home Pro intelligent laden und profitieren.\" \/>\n<meta property=\"og:url\" content=\"https:\/\/ohme-ev.com\/de\/blog\/kfz-steuerbefreiung-elektroauto\/\" \/>\n<meta property=\"og:site_name\" content=\"Ohme EV Deutschland\" \/>\n<meta property=\"article:publisher\" content=\"https:\/\/www.facebook.com\/OhmeEV\/\" \/>\n<meta property=\"article:published_time\" content=\"2025-10-17T08:44:06+00:00\" \/>\n<meta property=\"og:image\" content=\"https:\/\/ohme-ev.com\/de\/wp-content\/uploads\/sites\/23\/2024\/08\/Screenshot-2024-08-02-163921.png\" \/>\n\t<meta property=\"og:image:width\" content=\"1312\" \/>\n\t<meta property=\"og:image:height\" content=\"874\" \/>\n\t<meta property=\"og:image:type\" content=\"image\/png\" \/>\n<meta name=\"author\" content=\"sharifriedrichohme\" \/>\n<meta name=\"twitter:card\" content=\"summary_large_image\" \/>\n<meta name=\"twitter:creator\" content=\"@ohmeev\" \/>\n<meta name=\"twitter:site\" content=\"@ohmeev\" \/>\n<meta name=\"twitter:label1\" content=\"Written by\" \/>\n\t<meta name=\"twitter:data1\" content=\"sharifriedrichohme\" \/>\n\t<meta name=\"twitter:label2\" content=\"Est. reading time\" \/>\n\t<meta name=\"twitter:data2\" content=\"2 minutes\" \/>\n<script type=\"application\/ld+json\" class=\"yoast-schema-graph\">{\"@context\":\"https:\\\/\\\/schema.org\",\"@graph\":[{\"@type\":\"Article\",\"@id\":\"https:\\\/\\\/ohme-ev.com\\\/de\\\/blog\\\/kfz-steuerbefreiung-elektroauto\\\/#article\",\"isPartOf\":{\"@id\":\"https:\\\/\\\/ohme-ev.com\\\/de\\\/blog\\\/kfz-steuerbefreiung-elektroauto\\\/\"},\"author\":{\"name\":\"sharifriedrichohme\",\"@id\":\"https:\\\/\\\/ohme-ev.com\\\/de\\\/#\\\/schema\\\/person\\\/e9cbc180fb6d3a5ac96c277d0748798a\"},\"headline\":\"Kfz-Steuerbefreiung f\u00fcr Elektroautos: Warum sich der Umstieg jetzt mehr denn je lohnt\",\"datePublished\":\"2025-10-17T08:44:06+00:00\",\"mainEntityOfPage\":{\"@id\":\"https:\\\/\\\/ohme-ev.com\\\/de\\\/blog\\\/kfz-steuerbefreiung-elektroauto\\\/\"},\"wordCount\":419,\"commentCount\":0,\"publisher\":{\"@id\":\"https:\\\/\\\/ohme-ev.com\\\/de\\\/#organization\"},\"image\":{\"@id\":\"https:\\\/\\\/ohme-ev.com\\\/de\\\/blog\\\/kfz-steuerbefreiung-elektroauto\\\/#primaryimage\"},\"thumbnailUrl\":\"https:\\\/\\\/ohme-ev.com\\\/de\\\/wp-content\\\/uploads\\\/sites\\\/23\\\/2024\\\/08\\\/Screenshot-2024-08-02-163921.png\",\"articleSection\":[\"Ohne Kategorie\"],\"inLanguage\":\"de-de\",\"potentialAction\":[{\"@type\":\"CommentAction\",\"name\":\"Comment\",\"target\":[\"https:\\\/\\\/ohme-ev.com\\\/de\\\/blog\\\/kfz-steuerbefreiung-elektroauto\\\/#respond\"]}]},{\"@type\":\"WebPage\",\"@id\":\"https:\\\/\\\/ohme-ev.com\\\/de\\\/blog\\\/kfz-steuerbefreiung-elektroauto\\\/\",\"url\":\"https:\\\/\\\/ohme-ev.com\\\/de\\\/blog\\\/kfz-steuerbefreiung-elektroauto\\\/\",\"name\":\"Kfz-Steuerbefreiung f\u00fcr Elektroautos\",\"isPartOf\":{\"@id\":\"https:\\\/\\\/ohme-ev.com\\\/de\\\/#website\"},\"primaryImageOfPage\":{\"@id\":\"https:\\\/\\\/ohme-ev.com\\\/de\\\/blog\\\/kfz-steuerbefreiung-elektroauto\\\/#primaryimage\"},\"image\":{\"@id\":\"https:\\\/\\\/ohme-ev.com\\\/de\\\/blog\\\/kfz-steuerbefreiung-elektroauto\\\/#primaryimage\"},\"thumbnailUrl\":\"https:\\\/\\\/ohme-ev.com\\\/de\\\/wp-content\\\/uploads\\\/sites\\\/23\\\/2024\\\/08\\\/Screenshot-2024-08-02-163921.png\",\"datePublished\":\"2025-10-17T08:44:06+00:00\",\"description\":\"Bis 2035 keine Kfz-Steuer zahlen & mit Smart Charging zus\u00e4tzlich sparen, jetzt mit der Ohme Home Pro intelligent laden und profitieren.\",\"breadcrumb\":{\"@id\":\"https:\\\/\\\/ohme-ev.com\\\/de\\\/blog\\\/kfz-steuerbefreiung-elektroauto\\\/#breadcrumb\"},\"inLanguage\":\"de-de\",\"potentialAction\":[{\"@type\":\"ReadAction\",\"target\":[\"https:\\\/\\\/ohme-ev.com\\\/de\\\/blog\\\/kfz-steuerbefreiung-elektroauto\\\/\"]}]},{\"@type\":\"ImageObject\",\"inLanguage\":\"de-de\",\"@id\":\"https:\\\/\\\/ohme-ev.com\\\/de\\\/blog\\\/kfz-steuerbefreiung-elektroauto\\\/#primaryimage\",\"url\":\"https:\\\/\\\/ohme-ev.com\\\/de\\\/wp-content\\\/uploads\\\/sites\\\/23\\\/2024\\\/08\\\/Screenshot-2024-08-02-163921.png\",\"contentUrl\":\"https:\\\/\\\/ohme-ev.com\\\/de\\\/wp-content\\\/uploads\\\/sites\\\/23\\\/2024\\\/08\\\/Screenshot-2024-08-02-163921.png\",\"width\":1312,\"height\":874},{\"@type\":\"BreadcrumbList\",\"@id\":\"https:\\\/\\\/ohme-ev.com\\\/de\\\/blog\\\/kfz-steuerbefreiung-elektroauto\\\/#breadcrumb\",\"itemListElement\":[{\"@type\":\"ListItem\",\"position\":1,\"name\":\"Home\",\"item\":\"https:\\\/\\\/ohme-ev.com\\\/de\\\/\"},{\"@type\":\"ListItem\",\"position\":2,\"name\":\"Kfz-Steuerbefreiung f\u00fcr Elektroautos: Warum sich der Umstieg jetzt mehr denn je lohnt\"}]},{\"@type\":\"WebSite\",\"@id\":\"https:\\\/\\\/ohme-ev.com\\\/de\\\/#website\",\"url\":\"https:\\\/\\\/ohme-ev.com\\\/de\\\/\",\"name\":\"Ohme EV Deutschland\",\"description\":\"Ohme - EV Smart Charging Solutions\",\"publisher\":{\"@id\":\"https:\\\/\\\/ohme-ev.com\\\/de\\\/#organization\"},\"potentialAction\":[{\"@type\":\"SearchAction\",\"target\":{\"@type\":\"EntryPoint\",\"urlTemplate\":\"https:\\\/\\\/ohme-ev.com\\\/de\\\/?s={search_term_string}\"},\"query-input\":{\"@type\":\"PropertyValueSpecification\",\"valueRequired\":true,\"valueName\":\"search_term_string\"}}],\"inLanguage\":\"de-de\"},{\"@type\":\"Organization\",\"@id\":\"https:\\\/\\\/ohme-ev.com\\\/de\\\/#organization\",\"name\":\"Ohme EV\",\"url\":\"https:\\\/\\\/ohme-ev.com\\\/de\\\/\",\"logo\":{\"@type\":\"ImageObject\",\"inLanguage\":\"de-de\",\"@id\":\"https:\\\/\\\/ohme-ev.com\\\/de\\\/#\\\/schema\\\/logo\\\/image\\\/\",\"url\":\"https:\\\/\\\/ohme-ev.com\\\/de\\\/wp-content\\\/uploads\\\/sites\\\/23\\\/2025\\\/07\\\/Ohme-blue-logo.webp\",\"contentUrl\":\"https:\\\/\\\/ohme-ev.com\\\/de\\\/wp-content\\\/uploads\\\/sites\\\/23\\\/2025\\\/07\\\/Ohme-blue-logo.webp\",\"width\":393,\"height\":192,\"caption\":\"Ohme EV\"},\"image\":{\"@id\":\"https:\\\/\\\/ohme-ev.com\\\/de\\\/#\\\/schema\\\/logo\\\/image\\\/\"},\"sameAs\":[\"https:\\\/\\\/www.facebook.com\\\/OhmeEV\\\/\",\"https:\\\/\\\/x.com\\\/ohmeev\",\"https:\\\/\\\/www.linkedin.com\\\/company\\\/19177772\"]},{\"@type\":\"Person\",\"@id\":\"https:\\\/\\\/ohme-ev.com\\\/de\\\/#\\\/schema\\\/person\\\/e9cbc180fb6d3a5ac96c277d0748798a\",\"name\":\"sharifriedrichohme\",\"image\":{\"@type\":\"ImageObject\",\"inLanguage\":\"de-de\",\"@id\":\"https:\\\/\\\/secure.gravatar.com\\\/avatar\\\/8758047567018bfc95e642dd5b949c62f89a54974ae823c48a875d137459ef6a?s=96&d=mm&r=g\",\"url\":\"https:\\\/\\\/secure.gravatar.com\\\/avatar\\\/8758047567018bfc95e642dd5b949c62f89a54974ae823c48a875d137459ef6a?s=96&d=mm&r=g\",\"contentUrl\":\"https:\\\/\\\/secure.gravatar.com\\\/avatar\\\/8758047567018bfc95e642dd5b949c62f89a54974ae823c48a875d137459ef6a?s=96&d=mm&r=g\",\"caption\":\"sharifriedrichohme\"}}]}<\/script>\n<!-- \/ Yoast SEO Premium plugin. -->","yoast_head_json":{"title":"Kfz-Steuerbefreiung f\u00fcr Elektroautos","description":"Bis 2035 keine Kfz-Steuer zahlen & mit Smart Charging zus\u00e4tzlich sparen, jetzt mit der Ohme Home Pro intelligent laden und profitieren.","robots":{"index":"index","follow":"follow","max-snippet":"max-snippet:-1","max-image-preview":"max-image-preview:large","max-video-preview":"max-video-preview:-1"},"canonical":"https:\/\/ohme-ev.com\/de\/blog\/kfz-steuerbefreiung-elektroauto\/","og_locale":"de_DE","og_type":"article","og_title":"Kfz-Steuerbefreiung f\u00fcr Elektroautos: Warum sich der Umstieg jetzt mehr denn je lohnt","og_description":"Bis 2035 keine Kfz-Steuer zahlen & mit Smart Charging zus\u00e4tzlich sparen, jetzt mit der Ohme Home Pro intelligent laden und profitieren.","og_url":"https:\/\/ohme-ev.com\/de\/blog\/kfz-steuerbefreiung-elektroauto\/","og_site_name":"Ohme EV Deutschland","article_publisher":"https:\/\/www.facebook.com\/OhmeEV\/","article_published_time":"2025-10-17T08:44:06+00:00","og_image":[{"width":1312,"height":874,"url":"https:\/\/ohme-ev.com\/de\/wp-content\/uploads\/sites\/23\/2024\/08\/Screenshot-2024-08-02-163921.png","type":"image\/png"}],"author":"sharifriedrichohme","twitter_card":"summary_large_image","twitter_creator":"@ohmeev","twitter_site":"@ohmeev","twitter_misc":{"Written by":"sharifriedrichohme","Est. reading time":"2 minutes"},"schema":{"@context":"https:\/\/schema.org","@graph":[{"@type":"Article","@id":"https:\/\/ohme-ev.com\/de\/blog\/kfz-steuerbefreiung-elektroauto\/#article","isPartOf":{"@id":"https:\/\/ohme-ev.com\/de\/blog\/kfz-steuerbefreiung-elektroauto\/"},"author":{"name":"sharifriedrichohme","@id":"https:\/\/ohme-ev.com\/de\/#\/schema\/person\/e9cbc180fb6d3a5ac96c277d0748798a"},"headline":"Kfz-Steuerbefreiung f\u00fcr Elektroautos: Warum sich der Umstieg jetzt mehr denn je lohnt","datePublished":"2025-10-17T08:44:06+00:00","mainEntityOfPage":{"@id":"https:\/\/ohme-ev.com\/de\/blog\/kfz-steuerbefreiung-elektroauto\/"},"wordCount":419,"commentCount":0,"publisher":{"@id":"https:\/\/ohme-ev.com\/de\/#organization"},"image":{"@id":"https:\/\/ohme-ev.com\/de\/blog\/kfz-steuerbefreiung-elektroauto\/#primaryimage"},"thumbnailUrl":"https:\/\/ohme-ev.com\/de\/wp-content\/uploads\/sites\/23\/2024\/08\/Screenshot-2024-08-02-163921.png","articleSection":["Ohne Kategorie"],"inLanguage":"de-de","potentialAction":[{"@type":"CommentAction","name":"Comment","target":["https:\/\/ohme-ev.com\/de\/blog\/kfz-steuerbefreiung-elektroauto\/#respond"]}]},{"@type":"WebPage","@id":"https:\/\/ohme-ev.com\/de\/blog\/kfz-steuerbefreiung-elektroauto\/","url":"https:\/\/ohme-ev.com\/de\/blog\/kfz-steuerbefreiung-elektroauto\/","name":"Kfz-Steuerbefreiung f\u00fcr Elektroautos","isPartOf":{"@id":"https:\/\/ohme-ev.com\/de\/#website"},"primaryImageOfPage":{"@id":"https:\/\/ohme-ev.com\/de\/blog\/kfz-steuerbefreiung-elektroauto\/#primaryimage"},"image":{"@id":"https:\/\/ohme-ev.com\/de\/blog\/kfz-steuerbefreiung-elektroauto\/#primaryimage"},"thumbnailUrl":"https:\/\/ohme-ev.com\/de\/wp-content\/uploads\/sites\/23\/2024\/08\/Screenshot-2024-08-02-163921.png","datePublished":"2025-10-17T08:44:06+00:00","description":"Bis 2035 keine Kfz-Steuer zahlen & mit Smart Charging zus\u00e4tzlich sparen, jetzt mit der Ohme Home Pro intelligent laden und profitieren.","breadcrumb":{"@id":"https:\/\/ohme-ev.com\/de\/blog\/kfz-steuerbefreiung-elektroauto\/#breadcrumb"},"inLanguage":"de-de","potentialAction":[{"@type":"ReadAction","target":["https:\/\/ohme-ev.com\/de\/blog\/kfz-steuerbefreiung-elektroauto\/"]}]},{"@type":"ImageObject","inLanguage":"de-de","@id":"https:\/\/ohme-ev.com\/de\/blog\/kfz-steuerbefreiung-elektroauto\/#primaryimage","url":"https:\/\/ohme-ev.com\/de\/wp-content\/uploads\/sites\/23\/2024\/08\/Screenshot-2024-08-02-163921.png","contentUrl":"https:\/\/ohme-ev.com\/de\/wp-content\/uploads\/sites\/23\/2024\/08\/Screenshot-2024-08-02-163921.png","width":1312,"height":874},{"@type":"BreadcrumbList","@id":"https:\/\/ohme-ev.com\/de\/blog\/kfz-steuerbefreiung-elektroauto\/#breadcrumb","itemListElement":[{"@type":"ListItem","position":1,"name":"Home","item":"https:\/\/ohme-ev.com\/de\/"},{"@type":"ListItem","position":2,"name":"Kfz-Steuerbefreiung f\u00fcr Elektroautos: Warum sich der Umstieg jetzt mehr denn je lohnt"}]},{"@type":"WebSite","@id":"https:\/\/ohme-ev.com\/de\/#website","url":"https:\/\/ohme-ev.com\/de\/","name":"Ohme EV Deutschland","description":"Ohme - EV Smart Charging Solutions","publisher":{"@id":"https:\/\/ohme-ev.com\/de\/#organization"},"potentialAction":[{"@type":"SearchAction","target":{"@type":"EntryPoint","urlTemplate":"https:\/\/ohme-ev.com\/de\/?s={search_term_string}"},"query-input":{"@type":"PropertyValueSpecification","valueRequired":true,"valueName":"search_term_string"}}],"inLanguage":"de-de"},{"@type":"Organization","@id":"https:\/\/ohme-ev.com\/de\/#organization","name":"Ohme EV","url":"https:\/\/ohme-ev.com\/de\/","logo":{"@type":"ImageObject","inLanguage":"de-de","@id":"https:\/\/ohme-ev.com\/de\/#\/schema\/logo\/image\/","url":"https:\/\/ohme-ev.com\/de\/wp-content\/uploads\/sites\/23\/2025\/07\/Ohme-blue-logo.webp","contentUrl":"https:\/\/ohme-ev.com\/de\/wp-content\/uploads\/sites\/23\/2025\/07\/Ohme-blue-logo.webp","width":393,"height":192,"caption":"Ohme EV"},"image":{"@id":"https:\/\/ohme-ev.com\/de\/#\/schema\/logo\/image\/"},"sameAs":["https:\/\/www.facebook.com\/OhmeEV\/","https:\/\/x.com\/ohmeev","https:\/\/www.linkedin.com\/company\/19177772"]},{"@type":"Person","@id":"https:\/\/ohme-ev.com\/de\/#\/schema\/person\/e9cbc180fb6d3a5ac96c277d0748798a","name":"sharifriedrichohme","image":{"@type":"ImageObject","inLanguage":"de-de","@id":"https:\/\/secure.gravatar.com\/avatar\/8758047567018bfc95e642dd5b949c62f89a54974ae823c48a875d137459ef6a?s=96&d=mm&r=g","url":"https:\/\/secure.gravatar.com\/avatar\/8758047567018bfc95e642dd5b949c62f89a54974ae823c48a875d137459ef6a?s=96&d=mm&r=g","contentUrl":"https:\/\/secure.gravatar.com\/avatar\/8758047567018bfc95e642dd5b949c62f89a54974ae823c48a875d137459ef6a?s=96&d=mm&r=g","caption":"sharifriedrichohme"}}]}},"_links":{"self":[{"href":"https:\/\/ohme-ev.com\/de\/wp-json\/wp\/v2\/posts\/44360","targetHints":{"allow":["GET"]}}],"collection":[{"href":"https:\/\/ohme-ev.com\/de\/wp-json\/wp\/v2\/posts"}],"about":[{"href":"https:\/\/ohme-ev.com\/de\/wp-json\/wp\/v2\/types\/post"}],"author":[{"embeddable":true,"href":"https:\/\/ohme-ev.com\/de\/wp-json\/wp\/v2\/users\/20"}],"replies":[{"embeddable":true,"href":"https:\/\/ohme-ev.com\/de\/wp-json\/wp\/v2\/comments?post=44360"}],"version-history":[{"count":0,"href":"https:\/\/ohme-ev.com\/de\/wp-json\/wp\/v2\/posts\/44360\/revisions"}],"wp:featuredmedia":[{"embeddable":true,"href":"https:\/\/ohme-ev.com\/de\/wp-json\/wp\/v2\/media\/2624"}],"wp:attachment":[{"href":"https:\/\/ohme-ev.com\/de\/wp-json\/wp\/v2\/media?parent=44360"}],"wp:term":[{"taxonomy":"category","embeddable":true,"href":"https:\/\/ohme-ev.com\/de\/wp-json\/wp\/v2\/categories?post=44360"},{"taxonomy":"post_tag","embeddable":true,"href":"https:\/\/ohme-ev.com\/de\/wp-json\/wp\/v2\/tags?post=44360"}],"curies":[{"name":"wp","href":"https:\/\/api.w.org\/{rel}","templated":true}]}}