{"id":3399,"date":"2025-07-07T13:34:55","date_gmt":"2025-07-07T13:34:55","guid":{"rendered":"https:\/\/ohme-ev.com\/de\/?p=3399"},"modified":"2025-07-07T13:56:55","modified_gmt":"2025-07-07T13:56:55","slug":"wallbox-foerderung-2025-e-auto-guenstig-laden","status":"publish","type":"post","link":"https:\/\/ohme-ev.com\/de\/blog\/wallbox-foerderung-2025-e-auto-guenstig-laden\/","title":{"rendered":"Wallbox-F\u00f6rderung &#8211; So l\u00e4dt dein E-Auto zu Hause g\u00fcnstiger"},"content":{"rendered":"\n<p class=\"has-black-color has-text-color has-link-color wp-elements-a4f4a10503fc93513d31e4a51c11b51c\">2025 bringt nicht nur spannende Neuerungen bei Stromtarifen, sondern auch gute Nachrichten f\u00fcr alle, die ihr E-Auto bequem zu Hause laden m\u00f6chten: Viele St\u00e4dte und Gemeinden unterst\u00fctzen dich mit attraktiven F\u00f6rderungen beim Kauf und der Installation deiner eigenen Wallbox. Auch wenn die bundesweite KfW-F\u00f6rderung f\u00fcr Wallboxen aktuell pausiert; regional geht noch einiges!<\/p>\n\n\n\n<h2 class=\"wp-block-heading\" id=\"h-warum-sich-eine-wallbox-zu-hause-lohnt\"><strong>Warum sich eine Wallbox zu Hause lohnt<\/strong><\/h2>\n\n\n\n<p>Eine eigene Wallbox ist nicht nur komfortabel, sondern auch sicher und effizient. Doch die Anschaffungskosten (inklusive Installation) k\u00f6nnen schnell zwischen 1.000\u202f\u20ac und 2.500\u202f\u20ac liegen. Zum Gl\u00fcck gibt\u2019s Unterst\u00fctzung: Viele Kommunen f\u00f6rdern private Ladepunkte, besonders wenn du auf \u00d6kostrom oder Solarenergie setzt.<\/p>\n\n\n\n<h2 class=\"wp-block-heading\" id=\"h-regionale-forderungen-im-uberblick-stand-juni-2025\"><strong>Regionale F\u00f6rderungen im \u00dcberblick (Stand: Juni 2025)<\/strong><\/h2>\n\n\n\n<h3 class=\"wp-block-heading\" id=\"h-munchen\"><strong>M\u00fcnchen<\/strong><\/h3>\n\n\n\n<ul class=\"wp-block-list\">\n<li>F\u00f6rderf\u00e4hig:&nbsp;Nur auf Privatgrund im Stadtgebiet<\/li>\n\n\n\n<li>F\u00f6rderung:\n<ul class=\"wp-block-list\">\n<li>Bis 22\u202fkW: 500\u202f\u20ac<\/li>\n\n\n\n<li>Vorr\u00fcstung: 1.000<strong>\u202f<\/strong>\u20ac<\/li>\n\n\n\n<li>Ab 22\u202fkW inkl. Vorr\u00fcstung: bis 10.000<strong>\u202f<\/strong>\u20ac<\/li>\n<\/ul>\n<\/li>\n\n\n\n<li>Voraussetzung:&nbsp;Strom aus regenerativer Quelle<\/li>\n<\/ul>\n\n\n\n<p><a href=\"https:\/\/stadt.muenchen.de\/service\/info\/sachgebiet-klimaneutrale-antriebe\/10215341\/\">Weitere Informationen zur F\u00f6rderung in M\u00fcnchen <\/a><\/p>\n\n\n\n<h3 class=\"wp-block-heading\" id=\"h-nbsp-stuttgart\"><strong>&nbsp;Stuttgart<\/strong><\/h3>\n\n\n\n<ul class=\"wp-block-list\">\n<li>F\u00f6rderung:&nbsp;Bis zu 1.000\u202f\u20ac je Wallbox bei PV-Nutzung<\/li>\n\n\n\n<li>Auch f\u00f6rderf\u00e4hig:&nbsp;Stromspeicher<\/li>\n\n\n\n<li>Ideal:&nbsp;F\u00fcr PV-gest\u00fctzte Ladeinfrastruktur<\/li>\n<\/ul>\n\n\n\n<p><a href=\"https:\/\/www.stuttgart.de\/leben\/umwelt\/energie\/foerderprogramme\/privates-laden.php\">Weitere Informationen zur F\u00f6rderung in Stuttgart<\/a><\/p>\n\n\n\n<h3 class=\"wp-block-heading\" id=\"h-nbsp-nrw\"><strong>&nbsp;NRW<\/strong><\/h3>\n\n\n\n<ul class=\"wp-block-list\">\n<li>F\u00f6rderung:&nbsp;Bis zu 2.000\u202f\u20ac (50\u202f% der Kosten)<\/li>\n\n\n\n<li>Voraussetzungen:\n<ul class=\"wp-block-list\">\n<li>E-Auto im Haushalt<\/li>\n\n\n\n<li>Strom aus PV oder \u00d6kostrom<\/li>\n<\/ul>\n<\/li>\n<\/ul>\n\n\n\n<p><a href=\"https:\/\/www.bra.nrw.de\/energie-bergbau\/foerderprogramme-fuer-klimaschutz-und-energiewende\/foerderbereiche\/lademoeglichkeiten\/foerderung-von-nicht-oeffentlich-zugaenglicher-ladeinfrastruktur-mietgebaeuden-und\">Weitere Informationen zur F\u00f6rderung in NRW<\/a><\/p>\n\n\n\n<h3 class=\"wp-block-heading\" id=\"h-nbsp-limburg-an-der-lahn\"><strong>&nbsp;Limburg an der Lahn<\/strong><\/h3>\n\n\n\n<ul class=\"wp-block-list\">\n<li>Zuschuss:&nbsp;25\u202f% bis 500\u202f\u20ac, mit \u201eLimburg Pass\u201c sogar 50\u202f%<\/li>\n\n\n\n<li>Pflicht:&nbsp;100\u202f% \u00d6kostrom<\/li>\n<\/ul>\n\n\n\n<p><a href=\"https:\/\/www.limburg.de\/Mobilit%C3%A4t-Verkehr\/Elektro-H2-Mobilit%C3%A4t-\/Limburg-gemeinsam-mehr-bewegen.php?object=tx,3251.5&amp;ModID=7&amp;FID=3252.425.1&amp;NavID=3252.202&amp;La=1\">Weitere Informationen zur F\u00f6rderung in Limburg an der Lahn<\/a><\/p>\n\n\n\n<h3 class=\"wp-block-heading\" id=\"h-nbsp-landau-in-der-pfalz\"><strong>&nbsp;Landau in der Pfalz<\/strong><\/h3>\n\n\n\n<ul class=\"wp-block-list\">\n<li>Zuschuss:&nbsp;Pauschal 600\u202f\u20ac<\/li>\n\n\n\n<li>G\u00fcltig f\u00fcr:&nbsp;Neuanschaffungen ab 29.05.2024<\/li>\n\n\n\n<li>Wichtig:&nbsp;Fachgerechte Installation erforderlich<\/li>\n<\/ul>\n\n\n\n<p><a href=\"https:\/\/landau.klimaschutzportal.rlp.de\/portal\/foerderung\/wallboxen-ladesaeulen\">Weitere Informationen zur F\u00f6rderung in Landau an der Pfalz<\/a><\/p>\n\n\n\n<h3 class=\"wp-block-heading\" id=\"h-nbsp-gemeinde-grunwald\"><strong>&nbsp;Gemeinde Gr\u00fcnwald<\/strong><\/h3>\n\n\n\n<ul class=\"wp-block-list\">\n<li>F\u00f6rderung:&nbsp;50\u202f%, max. 1.500\u202f\u20ac je Ladepunkt<\/li>\n\n\n\n<li>Voraussetzung:&nbsp;100\u202f% \u00d6kostrom oder PV \u2265\u202f4\u202fkWp<\/li>\n<\/ul>\n\n\n\n<p><a href=\"https:\/\/www.gemeinde-gruenwald.de\/rathaus\/umweltamt\/foerderungen\/iii-solare-anlagen-und-ladeinfrastruktur\/4-ladestationen-11-kw\/1220.4.Ladestationen-11-kW.html\">Weitere Informationen zur F\u00f6rderung in Gemeinde Gr\u00fcnwald<\/a><\/p>\n\n\n\n<h2 class=\"wp-block-heading\" id=\"h-stadtwerke-forderungen-nur-fur-kunden-der-stadtwerke\"><strong>Stadtwerke-F\u00f6rderungen (nur f\u00fcr Kunden der Stadtwerke)<\/strong><\/h2>\n\n\n\n<p>Auch viele Stadtwerke unterst\u00fctzen dich beim Umstieg:<\/p>\n\n\n\n<ul class=\"wp-block-list\">\n<li>Mainzer Stadtwerke:\u00a0400\u202f\u20ac bei \u00d6kostrombezug &#8211; weitere Informationen <a href=\"https:\/\/www.mainzerenergie.de\/elektromobilitaet\/foerderung\">hier<\/a><\/li>\n\n\n\n<li>Stadtwerke Konstanz:\u00a0Bis zu 150\u202f\u20ac bei \u00d6kostromtarif &#8211; weitere Informationen <a href=\"https:\/\/www.stadtwerke-konstanz.de\/parken-laden\/aktuelles\/ladeinfrastruktur-foerderung\/\">hier<\/a><\/li>\n\n\n\n<li>Stadtwerke Dachau:\u00a05 Jahre je 25\u202f\u20ac Stromgutschrift (125\u202f\u20ac gesamt) &#8211; weitere Informationen <a href=\"https:\/\/www.stadtwerke-dachau.de\/tarife-angebote\/e-mobilitaet\/ladeloesungen-fuer-ihr-zuhause\">hier<\/a><\/li>\n<\/ul>\n\n\n\n<h2 class=\"wp-block-heading\" id=\"h-was-kostet-eine-wallbox-wirklich\"><strong>Was kostet eine Wallbox wirklich?<\/strong><\/h2>\n\n\n\n<ul class=\"wp-block-list\">\n<li>Ger\u00e4t:&nbsp;ab ca. 600<strong>\u202f<\/strong>\u20ac<\/li>\n\n\n\n<li>Installation:&nbsp;800\u20131.500\u202f\u20ac (je nach Aufwand)<\/li>\n\n\n\n<li>Steuertipp:&nbsp;Bis zu 20\u202f% der Handwerkerkosten absetzbar \u2013 max. 1.200\u202f\u20ac j\u00e4hrlich (\u00a7\u202f35a EStG)<\/li>\n<\/ul>\n\n\n\n<h2 class=\"wp-block-heading\" id=\"h-jetzt-forderung-sichern-amp-clever-laden\"><strong>Jetzt F\u00f6rderung sichern &amp; clever laden<\/strong><\/h2>\n\n\n\n<p>Auch ohne bundesweite F\u00f6rderung lohnt sich die Investition in eine private Wallbox 2025 mehr denn je. Mit der richtigen Kombination aus Smart Charging, <a href=\"https:\/\/ohme-ev.com\/de\/blog\/nachhaltige-energie-in-deutschland\/\">\u00d6kostrom<\/a> und regionaler F\u00f6rderung kannst du nicht nur nachhaltig, sondern auch richtig g\u00fcnstig laden.<\/p>\n\n\n\n<p>Tipp:&nbsp;Informiere dich fr\u00fchzeitig \u00fcber deine lokale F\u00f6rderung \u2013 viele Programme sind begrenzt und schnell ausgesch\u00f6pft!<\/p>\n\n\n\n<p><\/p>\n\n\n","protected":false},"excerpt":{"rendered":"<p>2025 bringt nicht nur spannende Neuerungen bei Stromtarifen, sondern auch gute Nachrichten f\u00fcr alle, die ihr E-Auto bequem zu Hause laden m\u00f6chten: Viele St\u00e4dte und Gemeinden unterst\u00fctzen dich mit attraktiven F\u00f6rderungen beim Kauf und der Installation deiner eigenen Wallbox. Auch wenn die bundesweite KfW-F\u00f6rderung f\u00fcr Wallboxen aktuell pausiert; regional geht noch einiges! Warum sich eine [&hellip;]<\/p>\n","protected":false},"author":20,"featured_media":2539,"comment_status":"open","ping_status":"open","sticky":false,"template":"","format":"standard","meta":{"_acf_changed":false,"_helpful_status":1,"footnotes":""},"categories":[1],"tags":[],"class_list":["post-3399","post","type-post","status-publish","format-standard","has-post-thumbnail","hentry","category-ohne-kategorie"],"acf":[],"yoast_head":"<!-- This site is optimized with the Yoast SEO Premium plugin v27.5 (Yoast SEO v27.5) - https:\/\/yoast.com\/product\/yoast-seo-premium-wordpress\/ -->\n<title>Wallbox-F\u00f6rderung - So l\u00e4dt dein E-Auto zu Hause g\u00fcnstiger - Ohme EV Deutschland<\/title>\n<meta name=\"description\" content=\"Wallbox-F\u00f6rderung 2025: Jetzt Zusch\u00fcsse f\u00fcr deine E-Auto-Ladestation sichern und zu Hause g\u00fcnstiger laden!\" \/>\n<meta name=\"robots\" content=\"index, follow, max-snippet:-1, max-image-preview:large, max-video-preview:-1\" \/>\n<link rel=\"canonical\" href=\"https:\/\/ohme-ev.com\/de\/blog\/wallbox-foerderung-2025-e-auto-guenstig-laden\/\" \/>\n<meta property=\"og:locale\" content=\"de_DE\" \/>\n<meta property=\"og:type\" content=\"article\" \/>\n<meta property=\"og:title\" content=\"Wallbox-F\u00f6rderung - So l\u00e4dt dein E-Auto zu Hause g\u00fcnstiger\" \/>\n<meta property=\"og:description\" content=\"Wallbox-F\u00f6rderung 2025: Jetzt Zusch\u00fcsse f\u00fcr deine E-Auto-Ladestation sichern und zu Hause g\u00fcnstiger laden!\" \/>\n<meta property=\"og:url\" content=\"https:\/\/ohme-ev.com\/de\/blog\/wallbox-foerderung-2025-e-auto-guenstig-laden\/\" \/>\n<meta property=\"og:site_name\" content=\"Ohme EV Deutschland\" \/>\n<meta property=\"article:publisher\" content=\"https:\/\/www.facebook.com\/OhmeEV\/\" \/>\n<meta property=\"article:published_time\" content=\"2025-07-07T13:34:55+00:00\" \/>\n<meta property=\"article:modified_time\" content=\"2025-07-07T13:56:55+00:00\" \/>\n<meta property=\"og:image\" content=\"https:\/\/ohme-ev.com\/de\/wp-content\/uploads\/sites\/23\/2024\/05\/ohme10.png\" \/>\n\t<meta property=\"og:image:width\" content=\"1536\" \/>\n\t<meta property=\"og:image:height\" content=\"1025\" \/>\n\t<meta property=\"og:image:type\" content=\"image\/png\" \/>\n<meta name=\"author\" content=\"sharifriedrichohme\" \/>\n<meta name=\"twitter:card\" content=\"summary_large_image\" \/>\n<meta name=\"twitter:creator\" content=\"@ohmeev\" \/>\n<meta name=\"twitter:site\" content=\"@ohmeev\" \/>\n<meta name=\"twitter:label1\" content=\"Written by\" \/>\n\t<meta name=\"twitter:data1\" content=\"sharifriedrichohme\" \/>\n\t<meta name=\"twitter:label2\" content=\"Est. reading time\" \/>\n\t<meta name=\"twitter:data2\" content=\"2 minutes\" \/>\n<script type=\"application\/ld+json\" class=\"yoast-schema-graph\">{\"@context\":\"https:\\\/\\\/schema.org\",\"@graph\":[{\"@type\":\"Article\",\"@id\":\"https:\\\/\\\/ohme-ev.com\\\/de\\\/blog\\\/wallbox-foerderung-2025-e-auto-guenstig-laden\\\/#article\",\"isPartOf\":{\"@id\":\"https:\\\/\\\/ohme-ev.com\\\/de\\\/blog\\\/wallbox-foerderung-2025-e-auto-guenstig-laden\\\/\"},\"author\":{\"name\":\"sharifriedrichohme\",\"@id\":\"https:\\\/\\\/ohme-ev.com\\\/de\\\/#\\\/schema\\\/person\\\/e9cbc180fb6d3a5ac96c277d0748798a\"},\"headline\":\"Wallbox-F\u00f6rderung &#8211; So l\u00e4dt dein E-Auto zu Hause g\u00fcnstiger\",\"datePublished\":\"2025-07-07T13:34:55+00:00\",\"dateModified\":\"2025-07-07T13:56:55+00:00\",\"mainEntityOfPage\":{\"@id\":\"https:\\\/\\\/ohme-ev.com\\\/de\\\/blog\\\/wallbox-foerderung-2025-e-auto-guenstig-laden\\\/\"},\"wordCount\":437,\"commentCount\":0,\"publisher\":{\"@id\":\"https:\\\/\\\/ohme-ev.com\\\/de\\\/#organization\"},\"image\":{\"@id\":\"https:\\\/\\\/ohme-ev.com\\\/de\\\/blog\\\/wallbox-foerderung-2025-e-auto-guenstig-laden\\\/#primaryimage\"},\"thumbnailUrl\":\"https:\\\/\\\/ohme-ev.com\\\/de\\\/wp-content\\\/uploads\\\/sites\\\/23\\\/2024\\\/05\\\/ohme10.png\",\"articleSection\":[\"Ohne Kategorie\"],\"inLanguage\":\"de-de\",\"potentialAction\":[{\"@type\":\"CommentAction\",\"name\":\"Comment\",\"target\":[\"https:\\\/\\\/ohme-ev.com\\\/de\\\/blog\\\/wallbox-foerderung-2025-e-auto-guenstig-laden\\\/#respond\"]}]},{\"@type\":\"WebPage\",\"@id\":\"https:\\\/\\\/ohme-ev.com\\\/de\\\/blog\\\/wallbox-foerderung-2025-e-auto-guenstig-laden\\\/\",\"url\":\"https:\\\/\\\/ohme-ev.com\\\/de\\\/blog\\\/wallbox-foerderung-2025-e-auto-guenstig-laden\\\/\",\"name\":\"Wallbox-F\u00f6rderung - So l\u00e4dt dein E-Auto zu Hause g\u00fcnstiger - Ohme EV Deutschland\",\"isPartOf\":{\"@id\":\"https:\\\/\\\/ohme-ev.com\\\/de\\\/#website\"},\"primaryImageOfPage\":{\"@id\":\"https:\\\/\\\/ohme-ev.com\\\/de\\\/blog\\\/wallbox-foerderung-2025-e-auto-guenstig-laden\\\/#primaryimage\"},\"image\":{\"@id\":\"https:\\\/\\\/ohme-ev.com\\\/de\\\/blog\\\/wallbox-foerderung-2025-e-auto-guenstig-laden\\\/#primaryimage\"},\"thumbnailUrl\":\"https:\\\/\\\/ohme-ev.com\\\/de\\\/wp-content\\\/uploads\\\/sites\\\/23\\\/2024\\\/05\\\/ohme10.png\",\"datePublished\":\"2025-07-07T13:34:55+00:00\",\"dateModified\":\"2025-07-07T13:56:55+00:00\",\"description\":\"Wallbox-F\u00f6rderung 2025: Jetzt Zusch\u00fcsse f\u00fcr deine E-Auto-Ladestation sichern und zu Hause g\u00fcnstiger laden!\",\"breadcrumb\":{\"@id\":\"https:\\\/\\\/ohme-ev.com\\\/de\\\/blog\\\/wallbox-foerderung-2025-e-auto-guenstig-laden\\\/#breadcrumb\"},\"inLanguage\":\"de-de\",\"potentialAction\":[{\"@type\":\"ReadAction\",\"target\":[\"https:\\\/\\\/ohme-ev.com\\\/de\\\/blog\\\/wallbox-foerderung-2025-e-auto-guenstig-laden\\\/\"]}]},{\"@type\":\"ImageObject\",\"inLanguage\":\"de-de\",\"@id\":\"https:\\\/\\\/ohme-ev.com\\\/de\\\/blog\\\/wallbox-foerderung-2025-e-auto-guenstig-laden\\\/#primaryimage\",\"url\":\"https:\\\/\\\/ohme-ev.com\\\/de\\\/wp-content\\\/uploads\\\/sites\\\/23\\\/2024\\\/05\\\/ohme10.png\",\"contentUrl\":\"https:\\\/\\\/ohme-ev.com\\\/de\\\/wp-content\\\/uploads\\\/sites\\\/23\\\/2024\\\/05\\\/ohme10.png\",\"width\":1536,\"height\":1025},{\"@type\":\"BreadcrumbList\",\"@id\":\"https:\\\/\\\/ohme-ev.com\\\/de\\\/blog\\\/wallbox-foerderung-2025-e-auto-guenstig-laden\\\/#breadcrumb\",\"itemListElement\":[{\"@type\":\"ListItem\",\"position\":1,\"name\":\"Home\",\"item\":\"https:\\\/\\\/ohme-ev.com\\\/de\\\/\"},{\"@type\":\"ListItem\",\"position\":2,\"name\":\"Wallbox-F\u00f6rderung &#8211; So l\u00e4dt dein E-Auto zu Hause g\u00fcnstiger\"}]},{\"@type\":\"WebSite\",\"@id\":\"https:\\\/\\\/ohme-ev.com\\\/de\\\/#website\",\"url\":\"https:\\\/\\\/ohme-ev.com\\\/de\\\/\",\"name\":\"Ohme EV Deutschland\",\"description\":\"Ohme - EV Smart Charging Solutions\",\"publisher\":{\"@id\":\"https:\\\/\\\/ohme-ev.com\\\/de\\\/#organization\"},\"potentialAction\":[{\"@type\":\"SearchAction\",\"target\":{\"@type\":\"EntryPoint\",\"urlTemplate\":\"https:\\\/\\\/ohme-ev.com\\\/de\\\/?s={search_term_string}\"},\"query-input\":{\"@type\":\"PropertyValueSpecification\",\"valueRequired\":true,\"valueName\":\"search_term_string\"}}],\"inLanguage\":\"de-de\"},{\"@type\":\"Organization\",\"@id\":\"https:\\\/\\\/ohme-ev.com\\\/de\\\/#organization\",\"name\":\"Ohme EV\",\"url\":\"https:\\\/\\\/ohme-ev.com\\\/de\\\/\",\"logo\":{\"@type\":\"ImageObject\",\"inLanguage\":\"de-de\",\"@id\":\"https:\\\/\\\/ohme-ev.com\\\/de\\\/#\\\/schema\\\/logo\\\/image\\\/\",\"url\":\"https:\\\/\\\/ohme-ev.com\\\/de\\\/wp-content\\\/uploads\\\/sites\\\/23\\\/2025\\\/07\\\/Ohme-blue-logo.webp\",\"contentUrl\":\"https:\\\/\\\/ohme-ev.com\\\/de\\\/wp-content\\\/uploads\\\/sites\\\/23\\\/2025\\\/07\\\/Ohme-blue-logo.webp\",\"width\":393,\"height\":192,\"caption\":\"Ohme EV\"},\"image\":{\"@id\":\"https:\\\/\\\/ohme-ev.com\\\/de\\\/#\\\/schema\\\/logo\\\/image\\\/\"},\"sameAs\":[\"https:\\\/\\\/www.facebook.com\\\/OhmeEV\\\/\",\"https:\\\/\\\/x.com\\\/ohmeev\",\"https:\\\/\\\/www.linkedin.com\\\/company\\\/19177772\"]},{\"@type\":\"Person\",\"@id\":\"https:\\\/\\\/ohme-ev.com\\\/de\\\/#\\\/schema\\\/person\\\/e9cbc180fb6d3a5ac96c277d0748798a\",\"name\":\"sharifriedrichohme\",\"image\":{\"@type\":\"ImageObject\",\"inLanguage\":\"de-de\",\"@id\":\"https:\\\/\\\/secure.gravatar.com\\\/avatar\\\/8758047567018bfc95e642dd5b949c62f89a54974ae823c48a875d137459ef6a?s=96&d=mm&r=g\",\"url\":\"https:\\\/\\\/secure.gravatar.com\\\/avatar\\\/8758047567018bfc95e642dd5b949c62f89a54974ae823c48a875d137459ef6a?s=96&d=mm&r=g\",\"contentUrl\":\"https:\\\/\\\/secure.gravatar.com\\\/avatar\\\/8758047567018bfc95e642dd5b949c62f89a54974ae823c48a875d137459ef6a?s=96&d=mm&r=g\",\"caption\":\"sharifriedrichohme\"}}]}<\/script>\n<!-- \/ Yoast SEO Premium plugin. -->","yoast_head_json":{"title":"Wallbox-F\u00f6rderung - So l\u00e4dt dein E-Auto zu Hause g\u00fcnstiger - Ohme EV Deutschland","description":"Wallbox-F\u00f6rderung 2025: Jetzt Zusch\u00fcsse f\u00fcr deine E-Auto-Ladestation sichern und zu Hause g\u00fcnstiger laden!","robots":{"index":"index","follow":"follow","max-snippet":"max-snippet:-1","max-image-preview":"max-image-preview:large","max-video-preview":"max-video-preview:-1"},"canonical":"https:\/\/ohme-ev.com\/de\/blog\/wallbox-foerderung-2025-e-auto-guenstig-laden\/","og_locale":"de_DE","og_type":"article","og_title":"Wallbox-F\u00f6rderung - So l\u00e4dt dein E-Auto zu Hause g\u00fcnstiger","og_description":"Wallbox-F\u00f6rderung 2025: Jetzt Zusch\u00fcsse f\u00fcr deine E-Auto-Ladestation sichern und zu Hause g\u00fcnstiger laden!","og_url":"https:\/\/ohme-ev.com\/de\/blog\/wallbox-foerderung-2025-e-auto-guenstig-laden\/","og_site_name":"Ohme EV Deutschland","article_publisher":"https:\/\/www.facebook.com\/OhmeEV\/","article_published_time":"2025-07-07T13:34:55+00:00","article_modified_time":"2025-07-07T13:56:55+00:00","og_image":[{"width":1536,"height":1025,"url":"https:\/\/ohme-ev.com\/de\/wp-content\/uploads\/sites\/23\/2024\/05\/ohme10.png","type":"image\/png"}],"author":"sharifriedrichohme","twitter_card":"summary_large_image","twitter_creator":"@ohmeev","twitter_site":"@ohmeev","twitter_misc":{"Written by":"sharifriedrichohme","Est. reading time":"2 minutes"},"schema":{"@context":"https:\/\/schema.org","@graph":[{"@type":"Article","@id":"https:\/\/ohme-ev.com\/de\/blog\/wallbox-foerderung-2025-e-auto-guenstig-laden\/#article","isPartOf":{"@id":"https:\/\/ohme-ev.com\/de\/blog\/wallbox-foerderung-2025-e-auto-guenstig-laden\/"},"author":{"name":"sharifriedrichohme","@id":"https:\/\/ohme-ev.com\/de\/#\/schema\/person\/e9cbc180fb6d3a5ac96c277d0748798a"},"headline":"Wallbox-F\u00f6rderung &#8211; So l\u00e4dt dein E-Auto zu Hause g\u00fcnstiger","datePublished":"2025-07-07T13:34:55+00:00","dateModified":"2025-07-07T13:56:55+00:00","mainEntityOfPage":{"@id":"https:\/\/ohme-ev.com\/de\/blog\/wallbox-foerderung-2025-e-auto-guenstig-laden\/"},"wordCount":437,"commentCount":0,"publisher":{"@id":"https:\/\/ohme-ev.com\/de\/#organization"},"image":{"@id":"https:\/\/ohme-ev.com\/de\/blog\/wallbox-foerderung-2025-e-auto-guenstig-laden\/#primaryimage"},"thumbnailUrl":"https:\/\/ohme-ev.com\/de\/wp-content\/uploads\/sites\/23\/2024\/05\/ohme10.png","articleSection":["Ohne Kategorie"],"inLanguage":"de-de","potentialAction":[{"@type":"CommentAction","name":"Comment","target":["https:\/\/ohme-ev.com\/de\/blog\/wallbox-foerderung-2025-e-auto-guenstig-laden\/#respond"]}]},{"@type":"WebPage","@id":"https:\/\/ohme-ev.com\/de\/blog\/wallbox-foerderung-2025-e-auto-guenstig-laden\/","url":"https:\/\/ohme-ev.com\/de\/blog\/wallbox-foerderung-2025-e-auto-guenstig-laden\/","name":"Wallbox-F\u00f6rderung - So l\u00e4dt dein E-Auto zu Hause g\u00fcnstiger - Ohme EV Deutschland","isPartOf":{"@id":"https:\/\/ohme-ev.com\/de\/#website"},"primaryImageOfPage":{"@id":"https:\/\/ohme-ev.com\/de\/blog\/wallbox-foerderung-2025-e-auto-guenstig-laden\/#primaryimage"},"image":{"@id":"https:\/\/ohme-ev.com\/de\/blog\/wallbox-foerderung-2025-e-auto-guenstig-laden\/#primaryimage"},"thumbnailUrl":"https:\/\/ohme-ev.com\/de\/wp-content\/uploads\/sites\/23\/2024\/05\/ohme10.png","datePublished":"2025-07-07T13:34:55+00:00","dateModified":"2025-07-07T13:56:55+00:00","description":"Wallbox-F\u00f6rderung 2025: Jetzt Zusch\u00fcsse f\u00fcr deine E-Auto-Ladestation sichern und zu Hause g\u00fcnstiger laden!","breadcrumb":{"@id":"https:\/\/ohme-ev.com\/de\/blog\/wallbox-foerderung-2025-e-auto-guenstig-laden\/#breadcrumb"},"inLanguage":"de-de","potentialAction":[{"@type":"ReadAction","target":["https:\/\/ohme-ev.com\/de\/blog\/wallbox-foerderung-2025-e-auto-guenstig-laden\/"]}]},{"@type":"ImageObject","inLanguage":"de-de","@id":"https:\/\/ohme-ev.com\/de\/blog\/wallbox-foerderung-2025-e-auto-guenstig-laden\/#primaryimage","url":"https:\/\/ohme-ev.com\/de\/wp-content\/uploads\/sites\/23\/2024\/05\/ohme10.png","contentUrl":"https:\/\/ohme-ev.com\/de\/wp-content\/uploads\/sites\/23\/2024\/05\/ohme10.png","width":1536,"height":1025},{"@type":"BreadcrumbList","@id":"https:\/\/ohme-ev.com\/de\/blog\/wallbox-foerderung-2025-e-auto-guenstig-laden\/#breadcrumb","itemListElement":[{"@type":"ListItem","position":1,"name":"Home","item":"https:\/\/ohme-ev.com\/de\/"},{"@type":"ListItem","position":2,"name":"Wallbox-F\u00f6rderung &#8211; So l\u00e4dt dein E-Auto zu Hause g\u00fcnstiger"}]},{"@type":"WebSite","@id":"https:\/\/ohme-ev.com\/de\/#website","url":"https:\/\/ohme-ev.com\/de\/","name":"Ohme EV Deutschland","description":"Ohme - EV Smart Charging Solutions","publisher":{"@id":"https:\/\/ohme-ev.com\/de\/#organization"},"potentialAction":[{"@type":"SearchAction","target":{"@type":"EntryPoint","urlTemplate":"https:\/\/ohme-ev.com\/de\/?s={search_term_string}"},"query-input":{"@type":"PropertyValueSpecification","valueRequired":true,"valueName":"search_term_string"}}],"inLanguage":"de-de"},{"@type":"Organization","@id":"https:\/\/ohme-ev.com\/de\/#organization","name":"Ohme EV","url":"https:\/\/ohme-ev.com\/de\/","logo":{"@type":"ImageObject","inLanguage":"de-de","@id":"https:\/\/ohme-ev.com\/de\/#\/schema\/logo\/image\/","url":"https:\/\/ohme-ev.com\/de\/wp-content\/uploads\/sites\/23\/2025\/07\/Ohme-blue-logo.webp","contentUrl":"https:\/\/ohme-ev.com\/de\/wp-content\/uploads\/sites\/23\/2025\/07\/Ohme-blue-logo.webp","width":393,"height":192,"caption":"Ohme EV"},"image":{"@id":"https:\/\/ohme-ev.com\/de\/#\/schema\/logo\/image\/"},"sameAs":["https:\/\/www.facebook.com\/OhmeEV\/","https:\/\/x.com\/ohmeev","https:\/\/www.linkedin.com\/company\/19177772"]},{"@type":"Person","@id":"https:\/\/ohme-ev.com\/de\/#\/schema\/person\/e9cbc180fb6d3a5ac96c277d0748798a","name":"sharifriedrichohme","image":{"@type":"ImageObject","inLanguage":"de-de","@id":"https:\/\/secure.gravatar.com\/avatar\/8758047567018bfc95e642dd5b949c62f89a54974ae823c48a875d137459ef6a?s=96&d=mm&r=g","url":"https:\/\/secure.gravatar.com\/avatar\/8758047567018bfc95e642dd5b949c62f89a54974ae823c48a875d137459ef6a?s=96&d=mm&r=g","contentUrl":"https:\/\/secure.gravatar.com\/avatar\/8758047567018bfc95e642dd5b949c62f89a54974ae823c48a875d137459ef6a?s=96&d=mm&r=g","caption":"sharifriedrichohme"}}]}},"_links":{"self":[{"href":"https:\/\/ohme-ev.com\/de\/wp-json\/wp\/v2\/posts\/3399","targetHints":{"allow":["GET"]}}],"collection":[{"href":"https:\/\/ohme-ev.com\/de\/wp-json\/wp\/v2\/posts"}],"about":[{"href":"https:\/\/ohme-ev.com\/de\/wp-json\/wp\/v2\/types\/post"}],"author":[{"embeddable":true,"href":"https:\/\/ohme-ev.com\/de\/wp-json\/wp\/v2\/users\/20"}],"replies":[{"embeddable":true,"href":"https:\/\/ohme-ev.com\/de\/wp-json\/wp\/v2\/comments?post=3399"}],"version-history":[{"count":0,"href":"https:\/\/ohme-ev.com\/de\/wp-json\/wp\/v2\/posts\/3399\/revisions"}],"wp:featuredmedia":[{"embeddable":true,"href":"https:\/\/ohme-ev.com\/de\/wp-json\/wp\/v2\/media\/2539"}],"wp:attachment":[{"href":"https:\/\/ohme-ev.com\/de\/wp-json\/wp\/v2\/media?parent=3399"}],"wp:term":[{"taxonomy":"category","embeddable":true,"href":"https:\/\/ohme-ev.com\/de\/wp-json\/wp\/v2\/categories?post=3399"},{"taxonomy":"post_tag","embeddable":true,"href":"https:\/\/ohme-ev.com\/de\/wp-json\/wp\/v2\/tags?post=3399"}],"curies":[{"name":"wp","href":"https:\/\/api.w.org\/{rel}","templated":true}]}}