{"id":45422,"date":"2026-04-29T01:01:00","date_gmt":"2026-04-29T01:01:00","guid":{"rendered":"https:\/\/ohme-ev.com\/de\/?post_type=news-and-press&#038;p=45422"},"modified":"2026-04-27T09:58:33","modified_gmt":"2026-04-27T09:58:33","slug":"ohme-und-volkswagen-group-info-services-ag","status":"publish","type":"news-and-press","link":"https:\/\/ohme-ev.com\/de\/neuigkeiten-und-presse\/ohme-und-volkswagen-group-info-services-ag\/","title":{"rendered":"Ohme und die Volkswagen Group Info Services AG schlie\u00dfen Partnerschaft in ganz Europa \u2013 f\u00fcr einfacheres und intelligenteres Laden zu Hause f\u00fcr E-Auto-Fahrer:innen\u00a0"},"content":{"rendered":"\n<p>Hamburg, 29.04.2026 &#8211; Fahrer:innen ausgew\u00e4hlter Modelle von sechs Volkswagen-Konzernmarken k\u00f6nnen ab sofort dank einer neuen Integration von Ohme und der Volkswagen Group Info Services AG noch einfacher, intelligenter und g\u00fcnstiger zu Hause laden.<\/p>\n\n\n\n<p>Ohme und der Volkswagen-Konzern arbeiten bereits in Gro\u00dfbritannien und Irland zusammen. Die neue API-Anbindung an die Volkswagen Group Info Services AG erweitert diese Partnerschaft nun auf ganz Europa: Alle Ohme-Nutzer:innen k\u00f6nnen ihr Fahrzeug mit der Ladestation koppeln und den Ladezustand nahezu in Echtzeit abrufen. Eingeschlossen sind Elektrofahrzeuge der Marken Volkswagen, Volkswagen Nutzfahrzeuge, \u0160koda, SEAT, CUPRA und Audi.<\/p>\n\n\n\n<p>Mehr als 100.000 Volkswagen-Konzernkund:innen in ganz Europa nutzen Ohme bereits zur Verwaltung ihres Heimladevorgangs. Dank der neuen Integration sehen diese den Ladezustand ihres Fahrzeugs jetzt direkt in der Ohme-App \u2013 das R\u00e4tselraten rund um den Ladevorgang entf\u00e4llt und sie erhalten mehr Transparenz \u00fcber ihren Energieverbrauch und ihre Kosten.\u00a0<\/p>\n\n\n\n<p>\u201eWir freuen uns, dass Ohme die Volkswagen Group Charging Data nutzt, um seinen Ladeservice weiter zu verbessern\u201c, sagt Lasse Schmidt van H\u00fclst, Lead Sales &amp; Key Account Management bei der Volkswagen Group Info Services. \u201eWeil die Haushaltsstromtarife in ganz Europa immer intelligenter und dynamischer werden, kommt diese neue Integration mit der Volkswagen Group Info Services AG dank der Expertise und Software von Ohme genau zur richtigen Zeit f\u00fcr E-Auto-Fahrer:innen.\u201c<\/p>\n\n\n\n<p>\u201eWir sind wirklich stolz darauf, unsere Partnerschaft mit der Volkswagen Group Info Services AG auf diese Weise auszubauen\u201c, sagt Peter McDonald von Ohme. \u201eDer direkte Zugriff auf die Ladezustandsdaten des Fahrzeugs bedeutet, dass unsere Kund:innen ein v\u00f6llig unkompliziertes Ladeerlebnis genie\u00dfen \u2013 die App erledigt die Arbeit und findet automatisch die g\u00fcnstigsten Ladezeiten. Das ist ein klares Zeichen daf\u00fcr, wohin sich Ohme entwickelt, und unterstreicht unsere Verpflichtung, E-Auto-Fahrer:innen das bestm\u00f6gliche Erlebnis zu bieten.\u201c<\/p>\n","protected":false},"featured_media":45426,"template":"","class_list":["post-45422","news-and-press","type-news-and-press","status-publish","has-post-thumbnail","hentry"],"acf":[],"yoast_head":"<!-- This site is optimized with the Yoast SEO Premium plugin v27.5 (Yoast SEO v27.5) - https:\/\/yoast.com\/product\/yoast-seo-premium-wordpress\/ -->\n<title>Ohme und die Volkswagen Group Info Services AG schlie\u00dfen Partnerschaft in ganz Europa \u2013 f\u00fcr einfacheres und intelligenteres Laden zu Hause f\u00fcr E-Auto-Fahrer:innen\u00a0 - Ohme EV Deutschland<\/title>\n<meta name=\"description\" content=\"Ohme und die Volkswagen Group Info Services AG erweitern ihre Partnerschaft auf ganz Europa f\u00fcr einfacheres und intelligenteres Laden.\" \/>\n<meta name=\"robots\" content=\"index, follow, max-snippet:-1, max-image-preview:large, max-video-preview:-1\" \/>\n<link rel=\"canonical\" href=\"https:\/\/ohme-ev.com\/de\/neuigkeiten-und-presse\/ohme-und-volkswagen-group-info-services-ag\/\" \/>\n<meta property=\"og:locale\" content=\"de_DE\" \/>\n<meta property=\"og:type\" content=\"article\" \/>\n<meta property=\"og:title\" content=\"Ohme und die Volkswagen Group Info Services AG schlie\u00dfen Partnerschaft in ganz Europa \u2013 f\u00fcr einfacheres und intelligenteres Laden zu Hause f\u00fcr E-Auto-Fahrer:innen\u00a0\" \/>\n<meta property=\"og:description\" content=\"Ohme und die Volkswagen Group Info Services AG erweitern ihre Partnerschaft auf ganz Europa f\u00fcr einfacheres und intelligenteres Laden.\" \/>\n<meta property=\"og:url\" content=\"https:\/\/ohme-ev.com\/de\/neuigkeiten-und-presse\/ohme-und-volkswagen-group-info-services-ag\/\" \/>\n<meta property=\"og:site_name\" content=\"Ohme EV Deutschland\" \/>\n<meta property=\"article:publisher\" content=\"https:\/\/www.facebook.com\/OhmeEV\/\" \/>\n<meta property=\"og:image\" content=\"https:\/\/ohme-ev.com\/de\/wp-content\/uploads\/sites\/23\/2026\/04\/pressrelease_april2026_DE.webp\" \/>\n\t<meta property=\"og:image:width\" content=\"1280\" \/>\n\t<meta property=\"og:image:height\" content=\"720\" \/>\n\t<meta property=\"og:image:type\" content=\"image\/webp\" \/>\n<meta name=\"twitter:card\" content=\"summary_large_image\" \/>\n<meta name=\"twitter:site\" content=\"@ohmeev\" \/>\n<meta name=\"twitter:label1\" content=\"Est. reading time\" \/>\n\t<meta name=\"twitter:data1\" content=\"2 minutes\" \/>\n<script type=\"application\/ld+json\" class=\"yoast-schema-graph\">{\"@context\":\"https:\\\/\\\/schema.org\",\"@graph\":[{\"@type\":\"WebPage\",\"@id\":\"https:\\\/\\\/ohme-ev.com\\\/de\\\/neuigkeiten-und-presse\\\/ohme-und-volkswagen-group-info-services-ag\\\/\",\"url\":\"https:\\\/\\\/ohme-ev.com\\\/de\\\/neuigkeiten-und-presse\\\/ohme-und-volkswagen-group-info-services-ag\\\/\",\"name\":\"Ohme und die Volkswagen Group Info Services AG schlie\u00dfen Partnerschaft in ganz Europa \u2013 f\u00fcr einfacheres und intelligenteres Laden zu Hause f\u00fcr E-Auto-Fahrer:innen\u00a0 - Ohme EV Deutschland\",\"isPartOf\":{\"@id\":\"https:\\\/\\\/ohme-ev.com\\\/de\\\/#website\"},\"primaryImageOfPage\":{\"@id\":\"https:\\\/\\\/ohme-ev.com\\\/de\\\/neuigkeiten-und-presse\\\/ohme-und-volkswagen-group-info-services-ag\\\/#primaryimage\"},\"image\":{\"@id\":\"https:\\\/\\\/ohme-ev.com\\\/de\\\/neuigkeiten-und-presse\\\/ohme-und-volkswagen-group-info-services-ag\\\/#primaryimage\"},\"thumbnailUrl\":\"https:\\\/\\\/ohme-ev.com\\\/de\\\/wp-content\\\/uploads\\\/sites\\\/23\\\/2026\\\/04\\\/pressrelease_april2026_DE.webp\",\"datePublished\":\"2026-04-29T01:01:00+00:00\",\"description\":\"Ohme und die Volkswagen Group Info Services AG erweitern ihre Partnerschaft auf ganz Europa f\u00fcr einfacheres und intelligenteres Laden.\",\"breadcrumb\":{\"@id\":\"https:\\\/\\\/ohme-ev.com\\\/de\\\/neuigkeiten-und-presse\\\/ohme-und-volkswagen-group-info-services-ag\\\/#breadcrumb\"},\"inLanguage\":\"de-de\",\"potentialAction\":[{\"@type\":\"ReadAction\",\"target\":[\"https:\\\/\\\/ohme-ev.com\\\/de\\\/neuigkeiten-und-presse\\\/ohme-und-volkswagen-group-info-services-ag\\\/\"]}]},{\"@type\":\"ImageObject\",\"inLanguage\":\"de-de\",\"@id\":\"https:\\\/\\\/ohme-ev.com\\\/de\\\/neuigkeiten-und-presse\\\/ohme-und-volkswagen-group-info-services-ag\\\/#primaryimage\",\"url\":\"https:\\\/\\\/ohme-ev.com\\\/de\\\/wp-content\\\/uploads\\\/sites\\\/23\\\/2026\\\/04\\\/pressrelease_april2026_DE.webp\",\"contentUrl\":\"https:\\\/\\\/ohme-ev.com\\\/de\\\/wp-content\\\/uploads\\\/sites\\\/23\\\/2026\\\/04\\\/pressrelease_april2026_DE.webp\",\"width\":1280,\"height\":720},{\"@type\":\"BreadcrumbList\",\"@id\":\"https:\\\/\\\/ohme-ev.com\\\/de\\\/neuigkeiten-und-presse\\\/ohme-und-volkswagen-group-info-services-ag\\\/#breadcrumb\",\"itemListElement\":[{\"@type\":\"ListItem\",\"position\":1,\"name\":\"Home\",\"item\":\"https:\\\/\\\/ohme-ev.com\\\/de\\\/\"},{\"@type\":\"ListItem\",\"position\":2,\"name\":\"Ohme und die Volkswagen Group Info Services AG schlie\u00dfen Partnerschaft in ganz Europa \u2013 f\u00fcr einfacheres und intelligenteres Laden zu Hause f\u00fcr E-Auto-Fahrer:innen\u00a0\"}]},{\"@type\":\"WebSite\",\"@id\":\"https:\\\/\\\/ohme-ev.com\\\/de\\\/#website\",\"url\":\"https:\\\/\\\/ohme-ev.com\\\/de\\\/\",\"name\":\"Ohme EV Deutschland\",\"description\":\"Ohme - EV Smart Charging Solutions\",\"publisher\":{\"@id\":\"https:\\\/\\\/ohme-ev.com\\\/de\\\/#organization\"},\"potentialAction\":[{\"@type\":\"SearchAction\",\"target\":{\"@type\":\"EntryPoint\",\"urlTemplate\":\"https:\\\/\\\/ohme-ev.com\\\/de\\\/?s={search_term_string}\"},\"query-input\":{\"@type\":\"PropertyValueSpecification\",\"valueRequired\":true,\"valueName\":\"search_term_string\"}}],\"inLanguage\":\"de-de\"},{\"@type\":\"Organization\",\"@id\":\"https:\\\/\\\/ohme-ev.com\\\/de\\\/#organization\",\"name\":\"Ohme EV\",\"url\":\"https:\\\/\\\/ohme-ev.com\\\/de\\\/\",\"logo\":{\"@type\":\"ImageObject\",\"inLanguage\":\"de-de\",\"@id\":\"https:\\\/\\\/ohme-ev.com\\\/de\\\/#\\\/schema\\\/logo\\\/image\\\/\",\"url\":\"https:\\\/\\\/ohme-ev.com\\\/de\\\/wp-content\\\/uploads\\\/sites\\\/23\\\/2025\\\/07\\\/Ohme-blue-logo.webp\",\"contentUrl\":\"https:\\\/\\\/ohme-ev.com\\\/de\\\/wp-content\\\/uploads\\\/sites\\\/23\\\/2025\\\/07\\\/Ohme-blue-logo.webp\",\"width\":393,\"height\":192,\"caption\":\"Ohme EV\"},\"image\":{\"@id\":\"https:\\\/\\\/ohme-ev.com\\\/de\\\/#\\\/schema\\\/logo\\\/image\\\/\"},\"sameAs\":[\"https:\\\/\\\/www.facebook.com\\\/OhmeEV\\\/\",\"https:\\\/\\\/x.com\\\/ohmeev\",\"https:\\\/\\\/www.linkedin.com\\\/company\\\/19177772\"]}]}<\/script>\n<!-- \/ Yoast SEO Premium plugin. -->","yoast_head_json":{"title":"Ohme und die Volkswagen Group Info Services AG schlie\u00dfen Partnerschaft in ganz Europa \u2013 f\u00fcr einfacheres und intelligenteres Laden zu Hause f\u00fcr E-Auto-Fahrer:innen\u00a0 - Ohme EV Deutschland","description":"Ohme und die Volkswagen Group Info Services AG erweitern ihre Partnerschaft auf ganz Europa f\u00fcr einfacheres und intelligenteres Laden.","robots":{"index":"index","follow":"follow","max-snippet":"max-snippet:-1","max-image-preview":"max-image-preview:large","max-video-preview":"max-video-preview:-1"},"canonical":"https:\/\/ohme-ev.com\/de\/neuigkeiten-und-presse\/ohme-und-volkswagen-group-info-services-ag\/","og_locale":"de_DE","og_type":"article","og_title":"Ohme und die Volkswagen Group Info Services AG schlie\u00dfen Partnerschaft in ganz Europa \u2013 f\u00fcr einfacheres und intelligenteres Laden zu Hause f\u00fcr E-Auto-Fahrer:innen\u00a0","og_description":"Ohme und die Volkswagen Group Info Services AG erweitern ihre Partnerschaft auf ganz Europa f\u00fcr einfacheres und intelligenteres Laden.","og_url":"https:\/\/ohme-ev.com\/de\/neuigkeiten-und-presse\/ohme-und-volkswagen-group-info-services-ag\/","og_site_name":"Ohme EV Deutschland","article_publisher":"https:\/\/www.facebook.com\/OhmeEV\/","og_image":[{"width":1280,"height":720,"url":"https:\/\/ohme-ev.com\/de\/wp-content\/uploads\/sites\/23\/2026\/04\/pressrelease_april2026_DE.webp","type":"image\/webp"}],"twitter_card":"summary_large_image","twitter_site":"@ohmeev","twitter_misc":{"Est. reading time":"2 minutes"},"schema":{"@context":"https:\/\/schema.org","@graph":[{"@type":"WebPage","@id":"https:\/\/ohme-ev.com\/de\/neuigkeiten-und-presse\/ohme-und-volkswagen-group-info-services-ag\/","url":"https:\/\/ohme-ev.com\/de\/neuigkeiten-und-presse\/ohme-und-volkswagen-group-info-services-ag\/","name":"Ohme und die Volkswagen Group Info Services AG schlie\u00dfen Partnerschaft in ganz Europa \u2013 f\u00fcr einfacheres und intelligenteres Laden zu Hause f\u00fcr E-Auto-Fahrer:innen\u00a0 - Ohme EV Deutschland","isPartOf":{"@id":"https:\/\/ohme-ev.com\/de\/#website"},"primaryImageOfPage":{"@id":"https:\/\/ohme-ev.com\/de\/neuigkeiten-und-presse\/ohme-und-volkswagen-group-info-services-ag\/#primaryimage"},"image":{"@id":"https:\/\/ohme-ev.com\/de\/neuigkeiten-und-presse\/ohme-und-volkswagen-group-info-services-ag\/#primaryimage"},"thumbnailUrl":"https:\/\/ohme-ev.com\/de\/wp-content\/uploads\/sites\/23\/2026\/04\/pressrelease_april2026_DE.webp","datePublished":"2026-04-29T01:01:00+00:00","description":"Ohme und die Volkswagen Group Info Services AG erweitern ihre Partnerschaft auf ganz Europa f\u00fcr einfacheres und intelligenteres Laden.","breadcrumb":{"@id":"https:\/\/ohme-ev.com\/de\/neuigkeiten-und-presse\/ohme-und-volkswagen-group-info-services-ag\/#breadcrumb"},"inLanguage":"de-de","potentialAction":[{"@type":"ReadAction","target":["https:\/\/ohme-ev.com\/de\/neuigkeiten-und-presse\/ohme-und-volkswagen-group-info-services-ag\/"]}]},{"@type":"ImageObject","inLanguage":"de-de","@id":"https:\/\/ohme-ev.com\/de\/neuigkeiten-und-presse\/ohme-und-volkswagen-group-info-services-ag\/#primaryimage","url":"https:\/\/ohme-ev.com\/de\/wp-content\/uploads\/sites\/23\/2026\/04\/pressrelease_april2026_DE.webp","contentUrl":"https:\/\/ohme-ev.com\/de\/wp-content\/uploads\/sites\/23\/2026\/04\/pressrelease_april2026_DE.webp","width":1280,"height":720},{"@type":"BreadcrumbList","@id":"https:\/\/ohme-ev.com\/de\/neuigkeiten-und-presse\/ohme-und-volkswagen-group-info-services-ag\/#breadcrumb","itemListElement":[{"@type":"ListItem","position":1,"name":"Home","item":"https:\/\/ohme-ev.com\/de\/"},{"@type":"ListItem","position":2,"name":"Ohme und die Volkswagen Group Info Services AG schlie\u00dfen Partnerschaft in ganz Europa \u2013 f\u00fcr einfacheres und intelligenteres Laden zu Hause f\u00fcr E-Auto-Fahrer:innen\u00a0"}]},{"@type":"WebSite","@id":"https:\/\/ohme-ev.com\/de\/#website","url":"https:\/\/ohme-ev.com\/de\/","name":"Ohme EV Deutschland","description":"Ohme - EV Smart Charging Solutions","publisher":{"@id":"https:\/\/ohme-ev.com\/de\/#organization"},"potentialAction":[{"@type":"SearchAction","target":{"@type":"EntryPoint","urlTemplate":"https:\/\/ohme-ev.com\/de\/?s={search_term_string}"},"query-input":{"@type":"PropertyValueSpecification","valueRequired":true,"valueName":"search_term_string"}}],"inLanguage":"de-de"},{"@type":"Organization","@id":"https:\/\/ohme-ev.com\/de\/#organization","name":"Ohme EV","url":"https:\/\/ohme-ev.com\/de\/","logo":{"@type":"ImageObject","inLanguage":"de-de","@id":"https:\/\/ohme-ev.com\/de\/#\/schema\/logo\/image\/","url":"https:\/\/ohme-ev.com\/de\/wp-content\/uploads\/sites\/23\/2025\/07\/Ohme-blue-logo.webp","contentUrl":"https:\/\/ohme-ev.com\/de\/wp-content\/uploads\/sites\/23\/2025\/07\/Ohme-blue-logo.webp","width":393,"height":192,"caption":"Ohme EV"},"image":{"@id":"https:\/\/ohme-ev.com\/de\/#\/schema\/logo\/image\/"},"sameAs":["https:\/\/www.facebook.com\/OhmeEV\/","https:\/\/x.com\/ohmeev","https:\/\/www.linkedin.com\/company\/19177772"]}]}},"_links":{"self":[{"href":"https:\/\/ohme-ev.com\/de\/wp-json\/wp\/v2\/news-and-press\/45422","targetHints":{"allow":["GET"]}}],"collection":[{"href":"https:\/\/ohme-ev.com\/de\/wp-json\/wp\/v2\/news-and-press"}],"about":[{"href":"https:\/\/ohme-ev.com\/de\/wp-json\/wp\/v2\/types\/news-and-press"}],"wp:featuredmedia":[{"embeddable":true,"href":"https:\/\/ohme-ev.com\/de\/wp-json\/wp\/v2\/media\/45426"}],"wp:attachment":[{"href":"https:\/\/ohme-ev.com\/de\/wp-json\/wp\/v2\/media?parent=45422"}],"curies":[{"name":"wp","href":"https:\/\/api.w.org\/{rel}","templated":true}]}}