{"id":3341,"date":"2024-12-18T11:00:00","date_gmt":"2024-12-18T11:00:00","guid":{"rendered":"https:\/\/ohme-ev.com\/be-nl\/?p=3341"},"modified":"2025-04-16T07:17:44","modified_gmt":"2025-04-16T07:17:44","slug":"belgie-verdubbelt-mogelijkheden-voor-ultrasnel-laden-in-2024","status":"publish","type":"post","link":"https:\/\/ohme-ev.com\/be-nl\/blog\/belgie-verdubbelt-mogelijkheden-voor-ultrasnel-laden-in-2024\/","title":{"rendered":"Belgi\u00eb verdubbelt mogelijkheden voor ultrasnel laden in 2024"},"content":{"rendered":"\n<p>Ondertussen weet je wel al dat we hier bij Ohme gefocust zijn op het <a href=\"https:\/\/ohme-ev.com\/be-nl\/hoe-werken-ohme-laders\/\">thuis opladen<\/a> van EVs. Dat is namelijk de goedkoopste en gemakkelijkste optie. Maar natuurlijk beseffen we ook dat je tijdens langere trajecten soms gebruik moet maken van een openbare lader. En dan wil je liefst ultrasnel laden. Wel, op dat vlak is er goed nieuws: Belgi\u00eb doet het namelijk beter en beter op vlak van snellaadpalen!<\/p>\n\n\n\n<p>Op vraag van de EV-bestuurder zag Belgi\u00eb, volgens gegevens van <a href=\"https:\/\/www.gireve.com\/beyond-ev-charging-10-how-ultra-fast-charging-evolved-in-belgium\/\">Gireve<\/a>, in 2024 een ongelofelijke toename van maar liefst 119% in het aantal snellaadpalen van 100kW of meer. Dat betekent dat het aantal beschikbare snellaadpalen de afgelopen 12 maanden meer dan verdubbeld is!<\/p>\n\n\n<div class=\"wp-block-image\">\n<figure class=\"aligncenter size-large\"><img loading=\"lazy\" decoding=\"async\" width=\"1024\" height=\"578\" src=\"https:\/\/ohme-ev.com\/be-nl\/wp-content\/uploads\/sites\/20\/2023\/08\/Support_black-car-charger-header_UK-1024x578.jpg\" alt=\"Person plugging a charging cable into an electric vehicle\" class=\"wp-image-1513\" srcset=\"https:\/\/ohme-ev.com\/be-nl\/wp-content\/uploads\/sites\/20\/2023\/08\/Support_black-car-charger-header_UK-1024x578.jpg 1024w, https:\/\/ohme-ev.com\/be-nl\/wp-content\/uploads\/sites\/20\/2023\/08\/Support_black-car-charger-header_UK-300x169.jpg 300w, https:\/\/ohme-ev.com\/be-nl\/wp-content\/uploads\/sites\/20\/2023\/08\/Support_black-car-charger-header_UK-768x433.jpg 768w, https:\/\/ohme-ev.com\/be-nl\/wp-content\/uploads\/sites\/20\/2023\/08\/Support_black-car-charger-header_UK-1536x867.jpg 1536w, https:\/\/ohme-ev.com\/be-nl\/wp-content\/uploads\/sites\/20\/2023\/08\/Support_black-car-charger-header_UK-798x450.jpg 798w, https:\/\/ohme-ev.com\/be-nl\/wp-content\/uploads\/sites\/20\/2023\/08\/Support_black-car-charger-header_UK.jpg 1868w\" sizes=\"auto, (max-width: 1024px) 100vw, 1024px\" \/><\/figure>\n<\/div>\n\n\n<p><\/p>\n\n\n\n<p>Het aantal snellaadpalen is in 2024 in heel Belgi\u00eb dus gestegen tot 3.162, wat ons tot een totaal aantal beschikbare oplaadpunten brengt van maar liefst 77.443 &#8211; een stijging van 72% ten opzichte van 2023.<\/p>\n\n\n\n<p>En wat ook positief is: naast die stijging is de publieke laadmarkt het voorbije jaar ook behoorlijk gefragmenteerd. Er zijn dus extra aanbieders van openbare laadpunten bijgekomen. Een jaar geleden waren er nog maar een 30-tal aanbieders in Belgi\u00eb en nu zijn dat er al bijna 60. Naast de traditionele gevestigde Europese bedrijven betreden er namelijk ook wat nieuwe lokale bedrijven de markt, zoals <a href=\"https:\/\/sparki.be\/en\/\">Sparki<\/a> en <a href=\"https:\/\/optiloadenergy.eu\/\">Optiload<\/a>.<\/p>\n\n\n\n<p>Goed nieuws dus, al die snellaadpalen, als je voor een langer traject de weg op moet. Wij wensen je alvast een leuke rit!<\/p>\n","protected":false},"excerpt":{"rendered":"<p>Ondertussen weet je wel al dat we hier bij Ohme gefocust zijn op het thuis opladen van EVs. Dat is namelijk de goedkoopste en gemakkelijkste optie. Maar natuurlijk beseffen we ook dat je tijdens langere trajecten soms gebruik moet maken van een openbare lader. En dan wil je liefst ultrasnel laden. Wel, op dat vlak [&hellip;]<\/p>\n","protected":false},"author":38,"featured_media":3350,"comment_status":"open","ping_status":"open","sticky":false,"template":"","format":"standard","meta":{"_acf_changed":false,"_helpful_status":1,"footnotes":""},"categories":[1],"tags":[218,281],"class_list":["post-3341","post","type-post","status-publish","format-standard","has-post-thumbnail","hentry","category-uncategorized","tag-evs","tag-ev-bestuurders-2"],"acf":[],"yoast_head":"<!-- This site is optimized with the Yoast SEO Premium plugin v27.4 (Yoast SEO v27.4) - https:\/\/yoast.com\/product\/yoast-seo-premium-wordpress\/ -->\n<title>Belgi\u00eb verdubbelt mogelijkheden voor ultrasnel laden in 2024 - Ohme EV Belgi\u00eb<\/title>\n<meta name=\"description\" content=\"Een langere rit voor de boeg? Geen paniek! Op meer en meer plaatsen in Belgi\u00eb kan je jouw EV nu ultrasnel laden aan snellaadpalen!\" \/>\n<meta name=\"robots\" content=\"index, follow, max-snippet:-1, max-image-preview:large, max-video-preview:-1\" \/>\n<link rel=\"canonical\" href=\"https:\/\/ohme-ev.com\/be-nl\/blog\/belgie-verdubbelt-mogelijkheden-voor-ultrasnel-laden-in-2024\/\" \/>\n<meta property=\"og:locale\" content=\"nl_NL\" \/>\n<meta property=\"og:type\" content=\"article\" \/>\n<meta property=\"og:title\" content=\"Belgi\u00eb verdubbelt mogelijkheden voor ultrasnel laden in 2024\" \/>\n<meta property=\"og:description\" content=\"Een langere rit voor de boeg? Geen paniek! Op meer en meer plaatsen in Belgi\u00eb kan je jouw EV nu ultrasnel laden aan snellaadpalen!\" \/>\n<meta property=\"og:url\" content=\"https:\/\/ohme-ev.com\/be-nl\/blog\/belgie-verdubbelt-mogelijkheden-voor-ultrasnel-laden-in-2024\/\" \/>\n<meta property=\"og:site_name\" content=\"Ohme EV Belgi\u00eb\" \/>\n<meta property=\"article:publisher\" content=\"https:\/\/www.facebook.com\/OhmeEV\/\" \/>\n<meta property=\"article:published_time\" content=\"2024-12-18T11:00:00+00:00\" \/>\n<meta property=\"article:modified_time\" content=\"2025-04-16T07:17:44+00:00\" \/>\n<meta property=\"og:image\" content=\"https:\/\/ohme-ev.com\/be-nl\/wp-content\/uploads\/sites\/20\/2024\/12\/carsharing-4382651_1280-1.webp\" \/>\n\t<meta property=\"og:image:width\" content=\"1280\" \/>\n\t<meta property=\"og:image:height\" content=\"853\" \/>\n\t<meta property=\"og:image:type\" content=\"image\/webp\" \/>\n<meta name=\"author\" content=\"valeriegorreuxohme\" \/>\n<meta name=\"twitter:card\" content=\"summary_large_image\" \/>\n<meta name=\"twitter:creator\" content=\"@ohmeev\" \/>\n<meta name=\"twitter:site\" content=\"@ohmeev\" \/>\n<meta name=\"twitter:label1\" content=\"Written by\" \/>\n\t<meta name=\"twitter:data1\" content=\"valeriegorreuxohme\" \/>\n\t<meta name=\"twitter:label2\" content=\"Est. reading time\" \/>\n\t<meta name=\"twitter:data2\" content=\"2 minutes\" \/>\n<script type=\"application\/ld+json\" class=\"yoast-schema-graph\">{\"@context\":\"https:\\\/\\\/schema.org\",\"@graph\":[{\"@type\":\"Article\",\"@id\":\"https:\\\/\\\/ohme-ev.com\\\/be-nl\\\/blog\\\/belgie-verdubbelt-mogelijkheden-voor-ultrasnel-laden-in-2024\\\/#article\",\"isPartOf\":{\"@id\":\"https:\\\/\\\/ohme-ev.com\\\/be-nl\\\/blog\\\/belgie-verdubbelt-mogelijkheden-voor-ultrasnel-laden-in-2024\\\/\"},\"author\":{\"name\":\"valeriegorreuxohme\",\"@id\":\"https:\\\/\\\/ohme-ev.com\\\/be-nl\\\/#\\\/schema\\\/person\\\/b4478ff0694f01efc51e3e764f50479e\"},\"headline\":\"Belgi\u00eb verdubbelt mogelijkheden voor ultrasnel laden in 2024\",\"datePublished\":\"2024-12-18T11:00:00+00:00\",\"dateModified\":\"2025-04-16T07:17:44+00:00\",\"mainEntityOfPage\":{\"@id\":\"https:\\\/\\\/ohme-ev.com\\\/be-nl\\\/blog\\\/belgie-verdubbelt-mogelijkheden-voor-ultrasnel-laden-in-2024\\\/\"},\"wordCount\":236,\"commentCount\":0,\"image\":{\"@id\":\"https:\\\/\\\/ohme-ev.com\\\/be-nl\\\/blog\\\/belgie-verdubbelt-mogelijkheden-voor-ultrasnel-laden-in-2024\\\/#primaryimage\"},\"thumbnailUrl\":\"https:\\\/\\\/ohme-ev.com\\\/be-nl\\\/wp-content\\\/uploads\\\/sites\\\/20\\\/2024\\\/12\\\/carsharing-4382651_1280-1.webp\",\"keywords\":[\"EVs\",\"EV-Bestuurders\"],\"inLanguage\":\"nl-be\",\"potentialAction\":[{\"@type\":\"CommentAction\",\"name\":\"Comment\",\"target\":[\"https:\\\/\\\/ohme-ev.com\\\/be-nl\\\/blog\\\/belgie-verdubbelt-mogelijkheden-voor-ultrasnel-laden-in-2024\\\/#respond\"]}]},{\"@type\":\"WebPage\",\"@id\":\"https:\\\/\\\/ohme-ev.com\\\/be-nl\\\/blog\\\/belgie-verdubbelt-mogelijkheden-voor-ultrasnel-laden-in-2024\\\/\",\"url\":\"https:\\\/\\\/ohme-ev.com\\\/be-nl\\\/blog\\\/belgie-verdubbelt-mogelijkheden-voor-ultrasnel-laden-in-2024\\\/\",\"name\":\"Belgi\u00eb verdubbelt mogelijkheden voor ultrasnel laden in 2024 - Ohme EV Belgi\u00eb\",\"isPartOf\":{\"@id\":\"https:\\\/\\\/ohme-ev.com\\\/be-nl\\\/#website\"},\"primaryImageOfPage\":{\"@id\":\"https:\\\/\\\/ohme-ev.com\\\/be-nl\\\/blog\\\/belgie-verdubbelt-mogelijkheden-voor-ultrasnel-laden-in-2024\\\/#primaryimage\"},\"image\":{\"@id\":\"https:\\\/\\\/ohme-ev.com\\\/be-nl\\\/blog\\\/belgie-verdubbelt-mogelijkheden-voor-ultrasnel-laden-in-2024\\\/#primaryimage\"},\"thumbnailUrl\":\"https:\\\/\\\/ohme-ev.com\\\/be-nl\\\/wp-content\\\/uploads\\\/sites\\\/20\\\/2024\\\/12\\\/carsharing-4382651_1280-1.webp\",\"datePublished\":\"2024-12-18T11:00:00+00:00\",\"dateModified\":\"2025-04-16T07:17:44+00:00\",\"author\":{\"@id\":\"https:\\\/\\\/ohme-ev.com\\\/be-nl\\\/#\\\/schema\\\/person\\\/b4478ff0694f01efc51e3e764f50479e\"},\"description\":\"Een langere rit voor de boeg? Geen paniek! Op meer en meer plaatsen in Belgi\u00eb kan je jouw EV nu ultrasnel laden aan snellaadpalen!\",\"breadcrumb\":{\"@id\":\"https:\\\/\\\/ohme-ev.com\\\/be-nl\\\/blog\\\/belgie-verdubbelt-mogelijkheden-voor-ultrasnel-laden-in-2024\\\/#breadcrumb\"},\"inLanguage\":\"nl-be\",\"potentialAction\":[{\"@type\":\"ReadAction\",\"target\":[\"https:\\\/\\\/ohme-ev.com\\\/be-nl\\\/blog\\\/belgie-verdubbelt-mogelijkheden-voor-ultrasnel-laden-in-2024\\\/\"]}]},{\"@type\":\"ImageObject\",\"inLanguage\":\"nl-be\",\"@id\":\"https:\\\/\\\/ohme-ev.com\\\/be-nl\\\/blog\\\/belgie-verdubbelt-mogelijkheden-voor-ultrasnel-laden-in-2024\\\/#primaryimage\",\"url\":\"https:\\\/\\\/ohme-ev.com\\\/be-nl\\\/wp-content\\\/uploads\\\/sites\\\/20\\\/2024\\\/12\\\/carsharing-4382651_1280-1.webp\",\"contentUrl\":\"https:\\\/\\\/ohme-ev.com\\\/be-nl\\\/wp-content\\\/uploads\\\/sites\\\/20\\\/2024\\\/12\\\/carsharing-4382651_1280-1.webp\",\"width\":1280,\"height\":853},{\"@type\":\"BreadcrumbList\",\"@id\":\"https:\\\/\\\/ohme-ev.com\\\/be-nl\\\/blog\\\/belgie-verdubbelt-mogelijkheden-voor-ultrasnel-laden-in-2024\\\/#breadcrumb\",\"itemListElement\":[{\"@type\":\"ListItem\",\"position\":1,\"name\":\"Home\",\"item\":\"https:\\\/\\\/ohme-ev.com\\\/be-nl\\\/\"},{\"@type\":\"ListItem\",\"position\":2,\"name\":\"Belgi\u00eb verdubbelt mogelijkheden voor ultrasnel laden in 2024\"}]},{\"@type\":\"WebSite\",\"@id\":\"https:\\\/\\\/ohme-ev.com\\\/be-nl\\\/#website\",\"url\":\"https:\\\/\\\/ohme-ev.com\\\/be-nl\\\/\",\"name\":\"Ohme EV Belgi\u00eb\",\"description\":\"Ohme - Slimme EV-laadoplossingen\",\"potentialAction\":[{\"@type\":\"SearchAction\",\"target\":{\"@type\":\"EntryPoint\",\"urlTemplate\":\"https:\\\/\\\/ohme-ev.com\\\/be-nl\\\/?s={search_term_string}\"},\"query-input\":{\"@type\":\"PropertyValueSpecification\",\"valueRequired\":true,\"valueName\":\"search_term_string\"}}],\"inLanguage\":\"nl-be\"},{\"@type\":\"Person\",\"@id\":\"https:\\\/\\\/ohme-ev.com\\\/be-nl\\\/#\\\/schema\\\/person\\\/b4478ff0694f01efc51e3e764f50479e\",\"name\":\"valeriegorreuxohme\",\"image\":{\"@type\":\"ImageObject\",\"inLanguage\":\"nl-be\",\"@id\":\"https:\\\/\\\/secure.gravatar.com\\\/avatar\\\/ddbf9325682bfe44e0270f90fc3c1854e9c9ac44d53a3da42eae8b835996a4f7?s=96&d=mm&r=g\",\"url\":\"https:\\\/\\\/secure.gravatar.com\\\/avatar\\\/ddbf9325682bfe44e0270f90fc3c1854e9c9ac44d53a3da42eae8b835996a4f7?s=96&d=mm&r=g\",\"contentUrl\":\"https:\\\/\\\/secure.gravatar.com\\\/avatar\\\/ddbf9325682bfe44e0270f90fc3c1854e9c9ac44d53a3da42eae8b835996a4f7?s=96&d=mm&r=g\",\"caption\":\"valeriegorreuxohme\"}}]}<\/script>\n<!-- \/ Yoast SEO Premium plugin. -->","yoast_head_json":{"title":"Belgi\u00eb verdubbelt mogelijkheden voor ultrasnel laden in 2024 - Ohme EV Belgi\u00eb","description":"Een langere rit voor de boeg? Geen paniek! Op meer en meer plaatsen in Belgi\u00eb kan je jouw EV nu ultrasnel laden aan snellaadpalen!","robots":{"index":"index","follow":"follow","max-snippet":"max-snippet:-1","max-image-preview":"max-image-preview:large","max-video-preview":"max-video-preview:-1"},"canonical":"https:\/\/ohme-ev.com\/be-nl\/blog\/belgie-verdubbelt-mogelijkheden-voor-ultrasnel-laden-in-2024\/","og_locale":"nl_NL","og_type":"article","og_title":"Belgi\u00eb verdubbelt mogelijkheden voor ultrasnel laden in 2024","og_description":"Een langere rit voor de boeg? Geen paniek! Op meer en meer plaatsen in Belgi\u00eb kan je jouw EV nu ultrasnel laden aan snellaadpalen!","og_url":"https:\/\/ohme-ev.com\/be-nl\/blog\/belgie-verdubbelt-mogelijkheden-voor-ultrasnel-laden-in-2024\/","og_site_name":"Ohme EV Belgi\u00eb","article_publisher":"https:\/\/www.facebook.com\/OhmeEV\/","article_published_time":"2024-12-18T11:00:00+00:00","article_modified_time":"2025-04-16T07:17:44+00:00","og_image":[{"width":1280,"height":853,"url":"https:\/\/ohme-ev.com\/be-nl\/wp-content\/uploads\/sites\/20\/2024\/12\/carsharing-4382651_1280-1.webp","type":"image\/webp"}],"author":"valeriegorreuxohme","twitter_card":"summary_large_image","twitter_creator":"@ohmeev","twitter_site":"@ohmeev","twitter_misc":{"Written by":"valeriegorreuxohme","Est. reading time":"2 minutes"},"schema":{"@context":"https:\/\/schema.org","@graph":[{"@type":"Article","@id":"https:\/\/ohme-ev.com\/be-nl\/blog\/belgie-verdubbelt-mogelijkheden-voor-ultrasnel-laden-in-2024\/#article","isPartOf":{"@id":"https:\/\/ohme-ev.com\/be-nl\/blog\/belgie-verdubbelt-mogelijkheden-voor-ultrasnel-laden-in-2024\/"},"author":{"name":"valeriegorreuxohme","@id":"https:\/\/ohme-ev.com\/be-nl\/#\/schema\/person\/b4478ff0694f01efc51e3e764f50479e"},"headline":"Belgi\u00eb verdubbelt mogelijkheden voor ultrasnel laden in 2024","datePublished":"2024-12-18T11:00:00+00:00","dateModified":"2025-04-16T07:17:44+00:00","mainEntityOfPage":{"@id":"https:\/\/ohme-ev.com\/be-nl\/blog\/belgie-verdubbelt-mogelijkheden-voor-ultrasnel-laden-in-2024\/"},"wordCount":236,"commentCount":0,"image":{"@id":"https:\/\/ohme-ev.com\/be-nl\/blog\/belgie-verdubbelt-mogelijkheden-voor-ultrasnel-laden-in-2024\/#primaryimage"},"thumbnailUrl":"https:\/\/ohme-ev.com\/be-nl\/wp-content\/uploads\/sites\/20\/2024\/12\/carsharing-4382651_1280-1.webp","keywords":["EVs","EV-Bestuurders"],"inLanguage":"nl-be","potentialAction":[{"@type":"CommentAction","name":"Comment","target":["https:\/\/ohme-ev.com\/be-nl\/blog\/belgie-verdubbelt-mogelijkheden-voor-ultrasnel-laden-in-2024\/#respond"]}]},{"@type":"WebPage","@id":"https:\/\/ohme-ev.com\/be-nl\/blog\/belgie-verdubbelt-mogelijkheden-voor-ultrasnel-laden-in-2024\/","url":"https:\/\/ohme-ev.com\/be-nl\/blog\/belgie-verdubbelt-mogelijkheden-voor-ultrasnel-laden-in-2024\/","name":"Belgi\u00eb verdubbelt mogelijkheden voor ultrasnel laden in 2024 - Ohme EV Belgi\u00eb","isPartOf":{"@id":"https:\/\/ohme-ev.com\/be-nl\/#website"},"primaryImageOfPage":{"@id":"https:\/\/ohme-ev.com\/be-nl\/blog\/belgie-verdubbelt-mogelijkheden-voor-ultrasnel-laden-in-2024\/#primaryimage"},"image":{"@id":"https:\/\/ohme-ev.com\/be-nl\/blog\/belgie-verdubbelt-mogelijkheden-voor-ultrasnel-laden-in-2024\/#primaryimage"},"thumbnailUrl":"https:\/\/ohme-ev.com\/be-nl\/wp-content\/uploads\/sites\/20\/2024\/12\/carsharing-4382651_1280-1.webp","datePublished":"2024-12-18T11:00:00+00:00","dateModified":"2025-04-16T07:17:44+00:00","author":{"@id":"https:\/\/ohme-ev.com\/be-nl\/#\/schema\/person\/b4478ff0694f01efc51e3e764f50479e"},"description":"Een langere rit voor de boeg? Geen paniek! Op meer en meer plaatsen in Belgi\u00eb kan je jouw EV nu ultrasnel laden aan snellaadpalen!","breadcrumb":{"@id":"https:\/\/ohme-ev.com\/be-nl\/blog\/belgie-verdubbelt-mogelijkheden-voor-ultrasnel-laden-in-2024\/#breadcrumb"},"inLanguage":"nl-be","potentialAction":[{"@type":"ReadAction","target":["https:\/\/ohme-ev.com\/be-nl\/blog\/belgie-verdubbelt-mogelijkheden-voor-ultrasnel-laden-in-2024\/"]}]},{"@type":"ImageObject","inLanguage":"nl-be","@id":"https:\/\/ohme-ev.com\/be-nl\/blog\/belgie-verdubbelt-mogelijkheden-voor-ultrasnel-laden-in-2024\/#primaryimage","url":"https:\/\/ohme-ev.com\/be-nl\/wp-content\/uploads\/sites\/20\/2024\/12\/carsharing-4382651_1280-1.webp","contentUrl":"https:\/\/ohme-ev.com\/be-nl\/wp-content\/uploads\/sites\/20\/2024\/12\/carsharing-4382651_1280-1.webp","width":1280,"height":853},{"@type":"BreadcrumbList","@id":"https:\/\/ohme-ev.com\/be-nl\/blog\/belgie-verdubbelt-mogelijkheden-voor-ultrasnel-laden-in-2024\/#breadcrumb","itemListElement":[{"@type":"ListItem","position":1,"name":"Home","item":"https:\/\/ohme-ev.com\/be-nl\/"},{"@type":"ListItem","position":2,"name":"Belgi\u00eb verdubbelt mogelijkheden voor ultrasnel laden in 2024"}]},{"@type":"WebSite","@id":"https:\/\/ohme-ev.com\/be-nl\/#website","url":"https:\/\/ohme-ev.com\/be-nl\/","name":"Ohme EV Belgi\u00eb","description":"Ohme - Slimme EV-laadoplossingen","potentialAction":[{"@type":"SearchAction","target":{"@type":"EntryPoint","urlTemplate":"https:\/\/ohme-ev.com\/be-nl\/?s={search_term_string}"},"query-input":{"@type":"PropertyValueSpecification","valueRequired":true,"valueName":"search_term_string"}}],"inLanguage":"nl-be"},{"@type":"Person","@id":"https:\/\/ohme-ev.com\/be-nl\/#\/schema\/person\/b4478ff0694f01efc51e3e764f50479e","name":"valeriegorreuxohme","image":{"@type":"ImageObject","inLanguage":"nl-be","@id":"https:\/\/secure.gravatar.com\/avatar\/ddbf9325682bfe44e0270f90fc3c1854e9c9ac44d53a3da42eae8b835996a4f7?s=96&d=mm&r=g","url":"https:\/\/secure.gravatar.com\/avatar\/ddbf9325682bfe44e0270f90fc3c1854e9c9ac44d53a3da42eae8b835996a4f7?s=96&d=mm&r=g","contentUrl":"https:\/\/secure.gravatar.com\/avatar\/ddbf9325682bfe44e0270f90fc3c1854e9c9ac44d53a3da42eae8b835996a4f7?s=96&d=mm&r=g","caption":"valeriegorreuxohme"}}]}},"_links":{"self":[{"href":"https:\/\/ohme-ev.com\/be-nl\/wp-json\/wp\/v2\/posts\/3341","targetHints":{"allow":["GET"]}}],"collection":[{"href":"https:\/\/ohme-ev.com\/be-nl\/wp-json\/wp\/v2\/posts"}],"about":[{"href":"https:\/\/ohme-ev.com\/be-nl\/wp-json\/wp\/v2\/types\/post"}],"author":[{"embeddable":true,"href":"https:\/\/ohme-ev.com\/be-nl\/wp-json\/wp\/v2\/users\/38"}],"replies":[{"embeddable":true,"href":"https:\/\/ohme-ev.com\/be-nl\/wp-json\/wp\/v2\/comments?post=3341"}],"version-history":[{"count":0,"href":"https:\/\/ohme-ev.com\/be-nl\/wp-json\/wp\/v2\/posts\/3341\/revisions"}],"wp:featuredmedia":[{"embeddable":true,"href":"https:\/\/ohme-ev.com\/be-nl\/wp-json\/wp\/v2\/media\/3350"}],"wp:attachment":[{"href":"https:\/\/ohme-ev.com\/be-nl\/wp-json\/wp\/v2\/media?parent=3341"}],"wp:term":[{"taxonomy":"category","embeddable":true,"href":"https:\/\/ohme-ev.com\/be-nl\/wp-json\/wp\/v2\/categories?post=3341"},{"taxonomy":"post_tag","embeddable":true,"href":"https:\/\/ohme-ev.com\/be-nl\/wp-json\/wp\/v2\/tags?post=3341"}],"curies":[{"name":"wp","href":"https:\/\/api.w.org\/{rel}","templated":true}]}}