{"id":4971,"date":"2025-07-11T14:38:51","date_gmt":"2025-07-11T14:38:51","guid":{"rendered":"https:\/\/ohme-ev.com\/be-nl\/?p=4209"},"modified":"2025-07-11T14:38:54","modified_gmt":"2025-07-11T14:38:54","slug":"quel-est-le-cout-reel-de-la-conduite","status":"publish","type":"post","link":"https:\/\/ohme-ev.com\/be-fr\/blog\/quel-est-le-cout-reel-de-la-conduite\/","title":{"rendered":"Quel est le co\u00fbt r\u00e9el de la conduite ? Nous comparons les co\u00fbts de l&#8217;essence et du diesel, de la recharge publique, de la recharge \u00e0 domicile et de la recharge intelligente."},"content":{"rendered":"\n<p>La conduite \u00e9lectrique est en plein essor en Belgique. Mais quels sont les co\u00fbts r\u00e9els de consommation lorsqu&#8217;on passe d&#8217;une voiture traditionnelle \u00e0 moteur \u00e0 combustion interne (MCI) \u00e0 une voiture \u00e9lectrique (VE) ? Et comment les co\u00fbts diff\u00e8rent-ils entre la recharge publique, la recharge \u00e0 domicile et la recharge intelligente avec un tarif d&#8217;\u00e9nergie dynamique ?<\/p>\n\n\n\n<p>Dans ce blog, nous comparons quatre sc\u00e9narios en termes de <strong>prix par kilom\u00e8tre, de facilit\u00e9 d&#8217;utilisation et de respect de l&#8217;environnement<\/strong>. Vous d\u00e9couvrirez ainsi quel mode de conduite est le plus avantageux en Belgique aujourd&#8217;hui.<\/p>\n\n\n\n<h2 class=\"wp-block-heading\" id=\"h-1-rouler-a-l-essence-au-diesel\"><strong><strong>1. Rouler \u00e0 l&#8217;essence\/au diesel<\/strong><\/strong><\/h2>\n\n\n\n<p>Bien que les inconv\u00e9nients des voitures \u00e9quip\u00e9es de moteurs \u00e0 combustion interne traditionnels soient de plus en plus \u00e9vidents, elles sont encore majoritaires sur les routes. Une voiture traditionnelle offre beaucoup de commodit\u00e9, gr\u00e2ce au vaste r\u00e9seau de stations-service de la Belgique. Mais les prix des carburants ne cessent d&#8217;augmenter et les \u00e9missions sont \u00e9lev\u00e9es&#8230;. Pas id\u00e9al pour votre portefeuille ni pour le climat !<\/p>\n\n\n\n<ul class=\"wp-block-list\">\n<li><strong>Co\u00fbt du carburant pour 100 km<\/strong> : 11,34 \u20ac*.<\/li>\n\n\n\n<li><strong>\u00c9missions de CO\u2082<\/strong> : \u00e9lev\u00e9es<\/li>\n\n\n\n<li><strong>Facilit\u00e9 d&#8217;utilisation<\/strong> : la conduite \u00e0 l&#8217;essence reste pour l&#8217;instant <strong>la plus facile en termes d&#8217;infrastructure.<\/strong> Il y a des stations-service partout, vous faites le plein en quelques minutes et vous n&#8217;avez pas \u00e0 vous soucier des temps de charge ou de la capacit\u00e9 du r\u00e9seau. Pour ceux qui parcourent de longues distances ou qui sont souvent sur la route, cela reste un choix pratique pour le moment.<\/li>\n\n\n\n<li><strong>Impact \u00e9cologique<\/strong> : l&#8217;empreinte \u00e9cologique d&#8217;une voiture \u00e0 essence est consid\u00e9rable. <strong>La consommation de combustibles fossiles g\u00e9n\u00e8re beaucoup d&#8217;\u00e9missions de CO\u2082 et de pollution atmosph\u00e9rique.<\/strong> Les voitures \u00e0 essence \u00e9mettent donc plus, en moyenne, que n&#8217;importe quelle alternative \u00e9lectrique.<\/li>\n<\/ul>\n\n\n\n<p>Aujourd&#8217;hui, rouler \u00e0 l&#8217;essence reste pratique, mais c&#8217;est loin d&#8217;\u00eatre bon march\u00e9 ou durable.<\/p>\n\n\n\n<div style=\"height:21px\" aria-hidden=\"true\" class=\"wp-block-spacer\"><\/div>\n\n\n<div class=\"wp-block-image\">\n<figure class=\"aligncenter size-large\"><img decoding=\"async\" src=\"https:\/\/ohme-ev.com\/be-nl\/wp-content\/uploads\/sites\/20\/2025\/07\/Picture1-1024x683.webp\" alt=\"\" class=\"wp-image-4217\" \/><\/figure>\n<\/div>\n\n\n<div style=\"height:19px\" aria-hidden=\"true\" class=\"wp-block-spacer\"><\/div>\n\n\n\n<h2 class=\"wp-block-heading\" id=\"h-2-conduite-electrique-avec-recharge-publique\"><strong><strong>2. Conduite \u00e9lectrique avec recharge publique<\/strong><\/strong><\/h2>\n\n\n\n<p>De nombreux conducteurs de VE utilisent des bornes de recharge publiques, en particulier dans les villes, o\u00f9 les gens ont moins de chances d&#8217;avoir leur propre place de parking. La Belgique est en train de mettre en place un vaste r\u00e9seau de bornes de recharge, mais les co\u00fbts de recharge \u00e0 ces bornes sont souvent beaucoup plus \u00e9lev\u00e9s que les co\u00fbts de recharge \u00e0 domicile.<\/p>\n\n\n\n<ul class=\"wp-block-list\">\n<li><strong>Co\u00fbt de charge pour 100 km<\/strong> : 10 \u20ac (pour les bornes \u00e0 courant alternatif) \/ 13 \u20ac (pour les bornes \u00e0 courant continu ou les bornes rapides)**.<\/li>\n\n\n\n<li><strong>\u00c9missions de CO\u2082 (indirectes)<\/strong> : Inf\u00e9rieures \u00e0 celles de l&#8217;essence, en fonction du mix \u00e9nerg\u00e9tique (\u00e9nergie verte ou \u00e9nergie issue de combustibles fossiles).<\/li>\n\n\n\n<li><strong>Commodit\u00e9<\/strong> : la recharge publique offre une alternative pratique pour ceux qui ne disposent pas d&#8217;une all\u00e9e ou d&#8217;un garage. Dans les villes, <strong>de plus en plus de bornes de recharge sont disponibles, mais vous \u00eates tributaire de la disponibilit\u00e9, de la vitesse de recharge et des \u00e9ventuels temps d&#8217;attente.<\/strong> En outre, les tarifs varient consid\u00e9rablement d&#8217;un fournisseur \u00e0 l&#8217;autre, ce qui rend parfois la situation impr\u00e9visible. Les \u00e9ventuels frais de blocage signifient \u00e9galement que vous ne pouvez pas laisser votre voiture \u00e0 la borne pendant toute une journ\u00e9e si vous ne voulez pas payer de frais. Les bornes rapides peuvent \u00e9galement, comme leur nom l&#8217;indique, recharger votre batterie en un rien de temps. Cependant, la charge rapide n&#8217;est pas tr\u00e8s bonne pour votre batterie, il est donc pr\u00e9f\u00e9rable de la limiter aux moments o\u00f9 elle est vraiment n\u00e9cessaire, par exemple lors de longs trajets. Elle est \u00e9galement plus ch\u00e8re que les bornes publiques classiques. Il est donc pr\u00e9f\u00e9rable pour votre portefeuille de limiter autant que possible l&#8217;utilisation des bornes rapides.<\/li>\n\n\n\n<li><strong>Impact \u00e9cologique<\/strong> : une voiture \u00e9lectrique produit moins d&#8217;\u00e9missions directes qu&#8217;une voiture \u00e0 essence. Toutefois, <strong>l&#8217;impact environnemental d\u00e9pend fortement de l&#8217;\u00e9lectricit\u00e9 utilis\u00e9e.<\/strong> Si la station de recharge propose de l&#8217;\u00e9lectricit\u00e9 verte (ou si vous rechargez pendant les p\u00e9riodes de forte production solaire ou \u00e9olienne), votre empreinte \u00e9cologique diminue consid\u00e9rablement. Malheureusement, les stations de recharge publiques ne sont pas toujours transparentes \u00e0 cet \u00e9gard.<\/li>\n<\/ul>\n\n\n\n<p>La recharge publique est une bonne solution interm\u00e9diaire, mais ce n&#8217;est pas le choix le plus \u00e9conomique pour une utilisation quotidienne.<\/p>\n\n\n\n<div style=\"height:29px\" aria-hidden=\"true\" class=\"wp-block-spacer\"><\/div>\n\n\n<div class=\"wp-block-image\">\n<figure class=\"aligncenter size-large\"><img decoding=\"async\" src=\"https:\/\/ohme-ev.com\/be-nl\/wp-content\/uploads\/sites\/20\/2024\/12\/carsharing-4382651_1280-1-1024x682.webp\" alt=\"\" class=\"wp-image-3350\" \/><\/figure>\n<\/div>\n\n\n<div style=\"height:23px\" aria-hidden=\"true\" class=\"wp-block-spacer\"><\/div>\n\n\n\n<h2 class=\"wp-block-heading\" id=\"h-3-conduite-electrique-avec-recharge-a-domicile-tarif-fixe\"><strong><strong>3. Conduite \u00e9lectrique avec recharge \u00e0 domicile (tarif fixe)<\/strong><\/strong><\/h2>\n\n\n\n<p>Vous disposez d&#8217;une all\u00e9e ou d&#8217;un garage ? Dans ce cas, la recharge \u00e0 domicile est une \u00e9tape logique et \u00e9conomique. Avec un tarif d&#8217;\u00e9lectricit\u00e9 fixe, vous savez \u00e0 l&#8217;avance \u00e0 quoi vous en tenir et vous rechargez souvent moins cher que dans le public.<\/p>\n\n\n\n<ul class=\"wp-block-list\">\n<li><strong>Co\u00fbt de la recharge pour 100 km <\/strong>: 7,39 \u20ac***<\/li>\n\n\n\n<li><strong>\u00c9missions de CO\u2082 (indirectes)<\/strong> : Moins \u00e9lev\u00e9es, surtout avec l&#8217;\u00e9lectricit\u00e9 verte<\/li>\n\n\n\n<li><strong>Facilit\u00e9 d&#8217;utilisation <\/strong>: la recharge \u00e0 domicile est <strong>particuli\u00e8rement confortable<\/strong>. Vous branchez la voiture le soir et elle est compl\u00e8tement charg\u00e9e le matin. Pas de d\u00e9placement vers une station de recharge, pas de temps d&#8217;attente. Vous pouvez planifier vous-m\u00eame vos moments de charge, ce qui augmente consid\u00e9rablement le confort.<\/li>\n\n\n\n<li><strong>Impact \u00e9cologique<\/strong> : si vous rechargez votre voiture \u00e0 la maison avec un contrat d&#8217;\u00e9lectricit\u00e9 standard, vous roulez d\u00e9j\u00e0 beaucoup plus vert. De plus, <strong>si vous choisissez un fournisseur d&#8217;\u00e9lectricit\u00e9 100 % verte, vous ne produisez pratiquement pas d&#8217;\u00e9missions. <\/strong>Vous avez \u00e9galement plus de contr\u00f4le sur l&#8217;origine de votre \u00e9lectricit\u00e9 que sur les bornes de recharge publiques..<\/li>\n<\/ul>\n\n\n\n<p>La recharge \u00e0 domicile est d\u00e9j\u00e0 beaucoup plus efficace et moins ch\u00e8re que la recharge publique, et beaucoup plus durable que l&#8217;essence.<\/p>\n\n\n\n<div style=\"height:24px\" aria-hidden=\"true\" class=\"wp-block-spacer\"><\/div>\n\n\n<div class=\"wp-block-image\">\n<figure class=\"aligncenter size-full\"><img decoding=\"async\" src=\"https:\/\/ohme-ev.com\/be-nl\/wp-content\/uploads\/sites\/20\/2025\/07\/Picture2-2.webp\" alt=\"\" class=\"wp-image-4218\" \/><\/figure>\n<\/div>\n\n\n<div style=\"height:17px\" aria-hidden=\"true\" class=\"wp-block-spacer\"><\/div>\n\n\n\n<h2 class=\"wp-block-heading\" id=\"h-4-conduite-electrique-avec-recharge-intelligente-a-domicile-et-tarif-dynamique\"><strong><strong>4. Conduite \u00e9lectrique avec recharge intelligente \u00e0 domicile et tarif dynamique<\/strong><\/strong><\/h2>\n\n\n\n<p>Vous voulez tirer le meilleur parti de votre voiture \u00e9lectrique ? La recharge intelligente avec un tarif d&#8217;\u00e9nergie dynamique est le meilleur choix. <strong>Gr\u00e2ce \u00e0 l&#8217;int\u00e9gration unique des tarifs intelligents dans l\u2019appli d&#8217;Ohme, votre voiture se recharge automatiquement lorsque l&#8217;\u00e9nergie est la moins ch\u00e8re (et souvent la plus verte).<\/strong><\/p>\n\n\n\n<ul class=\"wp-block-list\">\n<li><strong>Co\u00fbt de la recharge pour 100 km <\/strong>: 4,50 \u20ac****. (Si vous chargez au taux moyen, si vous ne chargez qu&#8217;aux heures les moins ch\u00e8res, votre facture diminuera consid\u00e9rablement).<\/li>\n\n\n\n<li><strong>\u00c9missions de CO\u2082 (indirectes)<\/strong> : Les plus faibles, en particulier lorsque la charge a lieu pendant les pics d&#8217;\u00e9nergie renouvelable.<\/li>\n\n\n\n<li><strong>Facilit\u00e9 d&#8217;utilisation<\/strong> : la recharge intelligente avec l&#8217;int\u00e9gration tarifaire unique d&#8217;Ohme fonctionne de mani\u00e8re e<strong>nti\u00e8rement automatique<\/strong>. Vous d\u00e9terminez quand votre voiture doit \u00eatre pr\u00eate, et la station de recharge intelligente choisit elle-m\u00eame les moments les moins chers (et souvent les plus durables) pour charger. Vous ne devez rien organiser vous-m\u00eame et vous profitez au maximum des fluctuations de prix sur le march\u00e9 de l&#8217;\u00e9nergie. Les jours o\u00f9 il y a beaucoup d&#8217;\u00e9nergie renouvelable, vous pouvez m\u00eame \u00eatre pay\u00e9 pour charger ! <strong>Vous b\u00e9n\u00e9ficiez ainsi d&#8217;un confort ultime et d&#8217;\u00e9conomies sans effort.<\/strong><\/li>\n\n\n\n<li><strong>Impact \u00e9cologique<\/strong> : en rechargeant lorsque l&#8217;\u00e9nergie solaire ou \u00e9olienne est abondante, vous r\u00e9duisez vos \u00e9missions de carbone. La recharge intelligente contribue \u00e9galement \u00e0 maintenir l&#8217;\u00e9quilibre du r\u00e9seau \u00e9lectrique, ce qui est essentiel pour r\u00e9ussir la transition \u00e9nerg\u00e9tique et \u00e9viter les hausses de prix. <strong>Ainsi, non seulement vous conduisez de mani\u00e8re \u00e9conomique, mais vous contribuez aussi activement \u00e0 un avenir plus durable.<\/strong><\/li>\n<\/ul>\n\n\n\n<p>Avec des tarifs dynamiques et une solution de recharge intelligente, non seulement vous rechargez \u00e0 moindre co\u00fbt, mais vous contribuez \u00e9galement \u00e0 \u00e9quilibrer le r\u00e9seau \u00e9lectrique et \u00e0 acc\u00e9l\u00e9rer la transition \u00e9nerg\u00e9tique.<\/p>\n\n\n\n<div style=\"height:25px\" aria-hidden=\"true\" class=\"wp-block-spacer\"><\/div>\n\n\n<div class=\"wp-block-image\">\n<figure class=\"aligncenter size-large\"><img decoding=\"async\" src=\"https:\/\/ohme-ev.com\/be-nl\/wp-content\/uploads\/sites\/20\/2024\/09\/ezgif-5-d14ea6d070-1024x683.webp\" alt=\"\" class=\"wp-image-2765\" \/><\/figure>\n<\/div>\n\n\n<div style=\"height:17px\" aria-hidden=\"true\" class=\"wp-block-spacer\"><\/div>\n\n\n\n<h2 class=\"wp-block-heading\" id=\"h-qu-est-ce-que-cela-signifie-concretement-en-euros\"><strong><strong>Qu&#8217;est-ce que cela signifie concr\u00e8tement en euros ?<\/strong><\/strong><\/h2>\n\n\n\n<p>Mettons les quatre sc\u00e9narios en parall\u00e8le. Sur la base d&#8217;une distance moyenne de 15 000 km par an***** : <\/p>\n\n\n\n<ul class=\"wp-block-list\">\n<li><strong>Voiture \u00e0 essence :<\/strong> 1 701 euros par an<\/li>\n\n\n\n<li><strong>VE avec recharge publique<\/strong> : 1 500 euros par an (1 950 euros si vous n&#8217;utilisez que des bornes rapides)<\/li>\n\n\n\n<li><strong>VE avec recharge \u00e0 domicile (tarif fixe)<\/strong> : 1 109 \u20ac par an<\/li>\n\n\n\n<li><strong>VE avec recharge intelligente via un tarif dynamique<\/strong> : 675 \u20ac par an<\/li>\n<\/ul>\n\n\n\n<div style=\"height:25px\" aria-hidden=\"true\" class=\"wp-block-spacer\"><\/div>\n\n\n<div class=\"wp-block-image\">\n<figure class=\"aligncenter size-large\"><img loading=\"lazy\" decoding=\"async\" width=\"1024\" height=\"576\" src=\"https:\/\/ohme-ev.com\/be-fr\/wp-content\/uploads\/sites\/19\/2025\/07\/Comparison-prices-2-2-1024x576.webp\" alt=\"\" class=\"wp-image-4975\" srcset=\"https:\/\/ohme-ev.com\/be-fr\/wp-content\/uploads\/sites\/19\/2025\/07\/Comparison-prices-2-2-1024x576.webp 1024w, https:\/\/ohme-ev.com\/be-fr\/wp-content\/uploads\/sites\/19\/2025\/07\/Comparison-prices-2-2-300x169.webp 300w, https:\/\/ohme-ev.com\/be-fr\/wp-content\/uploads\/sites\/19\/2025\/07\/Comparison-prices-2-2-768x432.webp 768w, https:\/\/ohme-ev.com\/be-fr\/wp-content\/uploads\/sites\/19\/2025\/07\/Comparison-prices-2-2-1536x864.webp 1536w, https:\/\/ohme-ev.com\/be-fr\/wp-content\/uploads\/sites\/19\/2025\/07\/Comparison-prices-2-2-327x184.webp 327w, https:\/\/ohme-ev.com\/be-fr\/wp-content\/uploads\/sites\/19\/2025\/07\/Comparison-prices-2-2-340x191.webp 340w, https:\/\/ohme-ev.com\/be-fr\/wp-content\/uploads\/sites\/19\/2025\/07\/Comparison-prices-2-2.webp 1920w\" sizes=\"auto, (max-width: 1024px) 100vw, 1024px\" \/><\/figure>\n<\/div>\n\n\n<div style=\"height:25px\" aria-hidden=\"true\" class=\"wp-block-spacer\"><\/div>\n\n\n\n<p>En passant d&#8217;une voiture \u00e0 essence \u00e0 une voiture \u00e9lectrique que vous rechargez \u00e0 domicile avec un tarif fixe, vous pouvez \u00e9conomiser <strong>pr\u00e8s de 600 \u20ac, soit 35 % par an<\/strong>. Si vous optez pour une borne domestique intelligent avec un tarif dynamique, cela va m\u00eame jusqu&#8217;\u00e0 <strong>plus de 1 000 \u20ac ou 60 %<\/strong>. <strong>La diff\u00e9rence entre la recharge avec un tarif fixe et la recharge intelligente avec un tarif dynamique est \u00e9galement significative : 434 euros, soit 39 % !<\/strong> C&#8217;est de l&#8217;argent mieux d\u00e9pens\u00e9 pour des choses agr\u00e9ables, et vous conduisez de mani\u00e8re plus \u00e9cologique !<\/p>\n\n\n\n<h2 class=\"wp-block-heading\" id=\"h-conclusion-quelle-est-la-facon-la-plus-intelligente-de-conduire-aujourd-hui\"><strong>Conclusion : quelle est la fa\u00e7on la plus intelligente de conduire aujourd&#8217;hui ?<\/strong><\/h2>\n\n\n\n<p>La comparaison est claire :<\/p>\n\n\n\n<ul class=\"wp-block-list\">\n<li><strong>Les voitures \u00e0 essence<\/strong> co\u00fbtent cher et sont mauvaises pour l&#8217;environnement.<\/li>\n\n\n\n<li><strong>La recharge publique<\/strong> est plus co\u00fbteuse que n\u00e9cessaire.<\/li>\n\n\n\n<li><strong>La recharge \u00e0 domicile<\/strong> permet de r\u00e9aliser des \u00e9conomies et est plus pratique.<\/li>\n\n\n\n<li><strong>La recharge intelligente avec un tarif dynamique<\/strong> est aujourd&#8217;hui la mani\u00e8re la plus \u00e9conomique, la plus durable et la plus intelligente de rouler \u00e9lectrique en Belgique.<\/li>\n<\/ul>\n\n\n\n<p>Conseil : Combinez votre voiture \u00e9lectrique avec une borne de recharge intelligente d&#8217;Ohme et b\u00e9n\u00e9ficiez automatiquement des tarifs d&#8217;\u00e9lectricit\u00e9 les plus bas. Vous voulez en savoir plus ? Vous pouvez lire tous les d\u00e9tails sur cette <a href=\"https:\/\/ohme-ev.com\/be-fr\/integration-tarifaire\/\">page<\/a>.<\/p>\n\n\n\n<p>* Calcul bas\u00e9 sur un taux moyen de 1,89 \u20ac par litre (moyenne du diesel 95 et 98, 2024). &#8211; <a href=\"https:\/\/www.fiscusonweb.be\/algemeen\/gemiddelde-brandstofprijs\">Fiscus on Web | Gemiddelde brandstofprijs<\/a><\/p>\n\n\n\n<p>** Sur la base d&#8217;un prix moyen de 0,50 \u20ac\/kWh pour les chargeurs \u00e0 courant alternatif et de 0,65 \u20ac\/kWh pour les chargeurs \u00e0 courant continu (chargeurs rapides). &#8211; <a href=\"https:\/\/www.laadkaarten.be\/laadkosten\/\">Prijs &amp; kosten elektrisch laden: hoeveel kost elektrisch laden?<\/a><\/p>\n\n\n\n<p>*** Bas\u00e9 sur une moyenne de 0,3695 \u20ac (moyenne de la Flandre, de la Wallonie et de Bruxelles) &#8211; <a href=\"https:\/\/www.creg.be\/nl\/consumenten\/prijzen-en-tarieven\/creg-tarief-voor-terugbetaling-thuisladen-bedrijfswagens\"><a href=\"https:\/\/www.creg.be\/fr\/consommateurs\/prix-et-tarifs\/tarif-creg-pour-le-remboursement-de-la-recharge-a-domicile-des\">Tarif CREG pour le remboursement de la recharge \u00e0 domicile des voitures de soci\u00e9t\u00e9 | CREG : Commission de R\u00e9gulation de l&#8217;\u00c9lectricit\u00e9 et du Gaz<\/a><\/a><\/p>\n\n\n\n<p>**** Bas\u00e9 sur un tarif dynamique moyen de 0,225 \u20ac\/kWh (bas\u00e9 sur les formules des fournisseurs, les prix du march\u00e9 et la documentation d&#8217;Engie sur les tarifs dynamiques). &#8211; <a href=\"https:\/\/www.engie.be\/nl\/dynamic-tarief\/dagelijks-gebruik\/\">Dagelijks gebruik | ENGIE<\/a> \/ <a href=\"https:\/\/aleasoft.com\/energy-markets\/epex-spot-belgium-prices-demand\/\">EPEX SPOT &#8211; Belgium &#8211; AleaSoft Energy Forecasting<\/a><\/p>\n\n\n\n<p>***** Calcul\u00e9 sur une moyenne de 15 000 km par an pour une consommation moyenne de 20 kWh\/100 km pour les voitures \u00e9lectriques et de 6 litres\/100 km pour les voitures \u00e0 moteur \u00e0 combustion interne.<\/p>\n\n\n\n<p><\/p>\n<noscript class=\"ninja-forms-noscript-message\">\n\tNotice: JavaScript is required for this content.<\/noscript>\n<div id=\"nf-form-8-cont\" class=\"nf-form-cont\" aria-live=\"polite\" aria-labelledby=\"nf-form-title-8\" aria-describedby=\"nf-form-errors-8\" role=\"form\">\n\n    <div class=\"nf-loading-spinner\"><\/div>\n\n<\/div>\n        <!-- That data is being printed as a workaround to page builders reordering the order of the scripts loaded-->\n        <script>var formDisplay=1;var nfForms=nfForms||[];var form=[];form.id='8';form.settings={\"objectType\":\"Form Setting\",\"editActive\":true,\"title\":\"Demander un devis\",\"form_title\":\"Sales enquiry\",\"default_label_pos\":\"above\",\"show_title\":\"1\",\"clear_complete\":\"1\",\"hide_complete\":\"1\",\"logged_in\":\"0\",\"wrapper_class\":\"\",\"element_class\":\"\",\"form_title_heading_level\":\"3\",\"key\":\"sales-enquiry\",\"add_submit\":\"1\",\"changeEmailErrorMsg\":\"Veuillez fournir une adresse email valide\",\"changeDateErrorMsg\":\"Please enter a valid date!\",\"confirmFieldErrorMsg\":\"These fields must match!\",\"fieldNumberNumMinError\":\"Number Min Error\",\"fieldNumberNumMaxError\":\"Number Max Error\",\"fieldNumberIncrementBy\":\"Please increment by \",\"formErrorsCorrectErrors\":\"Please correct errors before submitting this form.\",\"validateRequiredField\":\"Champ obligatoire\",\"honeypotHoneypotError\":\"Honeypot Error\",\"fieldsMarkedRequired\":\"Fields marked with an <span class=\\\"ninja-forms-req-symbol\\\">*<\\\/span> are required\",\"currency\":\"\",\"unique_field_error\":\"A form with this value has already been submitted.\",\"not_logged_in_msg\":\"\",\"sub_limit_msg\":\"The form has reached its submission limit.\",\"calculations\":[],\"formContentData\":[\"html_1699438208521\",\"name\",\"email\",\"phone\",\"postcode\",\"terms_accept\",\"message\",\"envoyer_1705334112969\",\"html_1699438495962\"],\"drawerDisabled\":false,\"manual_key\":\"1\",\"allow_public_link\":0,\"embed_form\":\"\",\"conditions\":[],\"mp_breadcrumb\":1,\"mp_progress_bar\":1,\"mp_display_titles\":0,\"ninjaForms\":\"Ninja Forms\",\"fieldTextareaRTEInsertLink\":\"Insert Link\",\"fieldTextareaRTEInsertMedia\":\"Insert Media\",\"fieldTextareaRTESelectAFile\":\"Select a file\",\"formHoneypot\":\"If you are a human seeing this field, please leave it empty.\",\"fileUploadOldCodeFileUploadInProgress\":\"File Upload in Progress.\",\"fileUploadOldCodeFileUpload\":\"FILE UPLOAD\",\"currencySymbol\":\"&#36;\",\"thousands_sep\":\",\",\"decimal_point\":\".\",\"siteLocale\":\"fr-be\",\"dateFormat\":\"m\\\/d\\\/Y\",\"startOfWeek\":\"1\",\"of\":\"of\",\"previousMonth\":\"Previous Month\",\"nextMonth\":\"Next Month\",\"months\":[\"January\",\"February\",\"March\",\"April\",\"May\",\"June\",\"July\",\"August\",\"September\",\"October\",\"November\",\"December\"],\"monthsShort\":[\"Jan\",\"Feb\",\"Mar\",\"Apr\",\"May\",\"Jun\",\"Jul\",\"Aug\",\"Sep\",\"Oct\",\"Nov\",\"Dec\"],\"weekdays\":[\"Sunday\",\"Monday\",\"Tuesday\",\"Wednesday\",\"Thursday\",\"Friday\",\"Saturday\"],\"weekdaysShort\":[\"Sun\",\"Mon\",\"Tue\",\"Wed\",\"Thu\",\"Fri\",\"Sat\"],\"weekdaysMin\":[\"Su\",\"Mo\",\"Tu\",\"We\",\"Th\",\"Fr\",\"Sa\"],\"recaptchaConsentMissing\":\"reCaptcha validation couldn&#039;t load.\",\"recaptchaMissingCookie\":\"reCaptcha v3 validation couldn&#039;t load the cookie needed to submit the form.\",\"recaptchaConsentEvent\":\"Accept reCaptcha cookies before sending the form.\",\"currency_symbol\":\"\",\"beforeForm\":\"\",\"beforeFields\":\"\",\"afterFields\":\"\",\"afterForm\":\"\"};form.fields=[{\"objectType\":\"Field\",\"objectDomain\":\"fields\",\"editActive\":false,\"order\":1,\"idAttribute\":\"id\",\"label\":\"\",\"type\":\"html\",\"default\":\"<p>Laissez nous vos coordonn\\u00e9es et nous vous mettrons en relation avec l\\u2019un de nos installateurs certifi\\u00e9s.<br><\\\/p>\",\"container_class\":\"\",\"element_class\":\"\",\"key\":\"html_1699438208521\",\"drawerDisabled\":false,\"field_label\":\"HTML\",\"field_key\":\"html_1699438208521\",\"admin_label\":\"\",\"id\":52,\"beforeField\":\"\",\"afterField\":\"\",\"value\":\"<p>Laissez nous vos coordonn\\u00e9es et nous vous mettrons en relation avec l\\u2019un de nos installateurs certifi\\u00e9s.<br><\\\/p>\",\"label_pos\":\"above\",\"parentType\":\"html\",\"element_templates\":[\"html\",\"input\"],\"old_classname\":\"\",\"wrap_template\":\"wrap\"},{\"objectType\":\"Field\",\"objectDomain\":\"fields\",\"editActive\":false,\"order\":2,\"idAttribute\":\"id\",\"type\":\"textbox\",\"label\":\"Nom et pr\\u00e9nom\",\"key\":\"name\",\"label_pos\":\"above\",\"required\":1,\"default\":\"\",\"placeholder\":\"\",\"container_class\":\"\",\"element_class\":\"\",\"input_limit\":\"\",\"input_limit_type\":\"characters\",\"input_limit_msg\":\"Character(s) left\",\"manual_key\":1,\"admin_label\":\"\",\"help_text\":\"\",\"mask\":\"\",\"custom_mask\":\"\",\"custom_name_attribute\":\"\",\"personally_identifiable\":\"\",\"value\":\"\",\"drawerDisabled\":\"\",\"field_label\":\"Name\",\"field_key\":\"name\",\"id\":53,\"beforeField\":\"\",\"afterField\":\"\",\"parentType\":\"textbox\",\"element_templates\":[\"textbox\",\"input\"],\"old_classname\":\"\",\"wrap_template\":\"wrap\"},{\"objectType\":\"Field\",\"objectDomain\":\"fields\",\"editActive\":false,\"order\":3,\"idAttribute\":\"id\",\"type\":\"email\",\"label\":\"Addresse email\",\"key\":\"email\",\"label_pos\":\"above\",\"required\":1,\"default\":\"\",\"placeholder\":\"\",\"container_class\":\"\",\"element_class\":\"\",\"admin_label\":\"\",\"help_text\":\"\",\"custom_name_attribute\":\"email\",\"personally_identifiable\":1,\"value\":\"\",\"manual_key\":1,\"drawerDisabled\":false,\"field_label\":\"Email\",\"field_key\":\"email\",\"id\":54,\"beforeField\":\"\",\"afterField\":\"\",\"parentType\":\"email\",\"element_templates\":[\"email\",\"input\"],\"old_classname\":\"\",\"wrap_template\":\"wrap\"},{\"objectType\":\"Field\",\"objectDomain\":\"fields\",\"editActive\":false,\"order\":4,\"idAttribute\":\"id\",\"type\":\"phone\",\"label\":\"Num\\u00e9ro de t\\u00e9l\\u00e9phone\",\"key\":\"phone\",\"label_pos\":\"above\",\"required\":1,\"default\":\"\",\"placeholder\":\"\",\"container_class\":\"\",\"element_class\":\"\",\"input_limit\":\"\",\"input_limit_type\":\"characters\",\"input_limit_msg\":\"Character(s) left\",\"manual_key\":1,\"admin_label\":\"\",\"help_text\":\"\",\"mask\":\"\",\"custom_mask\":\"\",\"custom_name_attribute\":\"phone\",\"personally_identifiable\":1,\"value\":\"\",\"drawerDisabled\":\"\",\"field_label\":\"Phone\",\"field_key\":\"phone\",\"id\":55,\"beforeField\":\"\",\"afterField\":\"\",\"parentType\":\"textbox\",\"element_templates\":[\"tel\",\"textbox\",\"input\"],\"old_classname\":\"\",\"wrap_template\":\"wrap\"},{\"objectType\":\"Field\",\"objectDomain\":\"fields\",\"editActive\":false,\"order\":5,\"idAttribute\":\"id\",\"type\":\"zip\",\"label\":\"Code postal\",\"key\":\"postcode\",\"label_pos\":\"above\",\"required\":1,\"default\":\"\",\"placeholder\":\"\",\"container_class\":\"\",\"element_class\":\"\",\"input_limit\":\"\",\"input_limit_type\":\"characters\",\"input_limit_msg\":\"Character(s) left\",\"manual_key\":1,\"admin_label\":\"\",\"help_text\":\"\",\"mask\":\"\",\"custom_mask\":\"\",\"custom_name_attribute\":\"zip\",\"personally_identifiable\":\"\",\"value\":\"\",\"drawerDisabled\":\"\",\"field_label\":\"Postcode\",\"field_key\":\"postcode\",\"id\":56,\"beforeField\":\"\",\"afterField\":\"\",\"parentType\":\"zip\",\"element_templates\":[\"zip\",\"textbox\",\"input\",\"textbox\",\"input\"],\"old_classname\":\"\",\"wrap_template\":\"wrap\"},{\"objectType\":\"Field\",\"objectDomain\":\"fields\",\"editActive\":false,\"order\":6,\"idAttribute\":\"id\",\"label\":\"J\\u2019autorise Ohme \\u00e0 me tenir inform\\u00e9 par e-mail des actualit\\u00e9s concernant leurs produits, des offres sp\\u00e9ciales ou des conseils pour \\u00e9conomiser sur mes sessions de recharge.\",\"type\":\"checkbox\",\"key\":\"terms_accept\",\"label_pos\":\"right\",\"required\":false,\"container_class\":\"\",\"element_class\":\"\",\"manual_key\":true,\"admin_label\":\"\",\"help_text\":\"\",\"default_value\":\"unchecked\",\"checked_value\":\"Checked\",\"unchecked_value\":\"Unchecked\",\"checked_calc_value\":\"\",\"unchecked_calc_value\":\"\",\"drawerDisabled\":false,\"id\":408,\"beforeField\":\"\",\"afterField\":\"\",\"value\":\"\",\"parentType\":\"checkbox\",\"element_templates\":[\"checkbox\",\"input\"],\"old_classname\":\"\",\"wrap_template\":\"wrap\"},{\"objectType\":\"Field\",\"objectDomain\":\"fields\",\"editActive\":false,\"order\":7,\"idAttribute\":\"id\",\"type\":\"textarea\",\"label\":\"Infos suppl\\u00e9mentaires\",\"key\":\"message\",\"label_pos\":\"above\",\"required\":1,\"default\":\"\",\"placeholder\":\"\",\"container_class\":\"\",\"element_class\":\"\",\"input_limit\":\"\",\"input_limit_type\":\"characters\",\"input_limit_msg\":\"Character(s) left\",\"manual_key\":1,\"admin_label\":\"\",\"help_text\":\"\",\"textarea_rte\":\"\",\"disable_rte_mobile\":\"\",\"textarea_media\":\"\",\"value\":\"\",\"drawerDisabled\":\"\",\"field_label\":\"Message (optional)\",\"field_key\":\"message\",\"id\":57,\"beforeField\":\"\",\"afterField\":\"\",\"parentType\":\"textarea\",\"element_templates\":[\"textarea\",\"input\"],\"old_classname\":\"\",\"wrap_template\":\"wrap\"},{\"objectType\":\"Field\",\"objectDomain\":\"fields\",\"editActive\":false,\"order\":8,\"idAttribute\":\"id\",\"type\":\"submit\",\"label\":\"Envoyer\",\"processing_label\":\"Traitement\",\"container_class\":\"\",\"element_class\":\"\",\"key\":\"envoyer_1705334112969\",\"drawerDisabled\":\"\",\"field_label\":\"Submit\",\"field_key\":\"submit_1699438564067\",\"admin_label\":\"\",\"id\":58,\"beforeField\":\"\",\"afterField\":\"\",\"value\":\"\",\"label_pos\":\"above\",\"parentType\":\"textbox\",\"element_templates\":[\"submit\",\"button\",\"input\"],\"old_classname\":\"\",\"wrap_template\":\"wrap-no-label\"},{\"objectType\":\"Field\",\"objectDomain\":\"fields\",\"editActive\":false,\"order\":9,\"idAttribute\":\"id\",\"type\":\"html\",\"label\":\"\",\"default\":\"<p>En renseignant vos donn\\u00e9es, vous nous autorisez \\u00e0 les traiter conform\\u00e9ment \\u00e0 notre&nbsp;<a href=\\\"https:\\\/\\\/ohme-ev.com\\\/be-fr\\\/engagement-de-confidentialite\\\/\\\" target=\\\"_blank\\\">politique de confidentialit\\u00e9<\\\/a>.<br><\\\/p>\",\"container_class\":\"\",\"element_class\":\"\",\"key\":\"html_1699438495962\",\"drawerDisabled\":false,\"field_label\":\"HTML\",\"field_key\":\"html_1699438495962\",\"admin_label\":\"\",\"id\":59,\"beforeField\":\"\",\"afterField\":\"\",\"value\":\"<p>En renseignant vos donn\\u00e9es, vous nous autorisez \\u00e0 les traiter conform\\u00e9ment \\u00e0 notre&nbsp;<a href=\\\"https:\\\/\\\/ohme-ev.com\\\/be-fr\\\/engagement-de-confidentialite\\\/\\\" target=\\\"_blank\\\">politique de confidentialit\\u00e9<\\\/a>.<br><\\\/p>\",\"label_pos\":\"above\",\"parentType\":\"html\",\"element_templates\":[\"html\",\"input\"],\"old_classname\":\"\",\"wrap_template\":\"wrap\"}];nfForms.push(form);<\/script>\n        ","protected":false},"excerpt":{"rendered":"<p>La conduite \u00e9lectrique est en plein essor en Belgique. Mais quels sont les co\u00fbts r\u00e9els de consommation lorsqu&#8217;on passe d&#8217;une voiture traditionnelle \u00e0 moteur \u00e0 combustion interne (MCI) \u00e0 une voiture \u00e9lectrique (VE) ? Et comment les co\u00fbts diff\u00e8rent-ils entre la recharge publique, la recharge \u00e0 domicile et la recharge intelligente avec un tarif d&#8217;\u00e9nergie [&hellip;]<\/p>\n","protected":false},"author":38,"featured_media":4976,"comment_status":"open","ping_status":"open","sticky":false,"template":"","format":"standard","meta":{"_acf_changed":false,"_helpful_status":1,"footnotes":""},"categories":[1],"tags":[178,179,181,182,184,185],"class_list":["post-4971","post","type-post","status-publish","format-standard","has-post-thumbnail","hentry","category-uncategorized","tag-conducteurs-de-ve","tag-ve","tag-energie","tag-gestion-de-flotte","tag-solutions-de-recharge","tag-recharge-intelligente"],"acf":[],"yoast_head":"<!-- This site is optimized with the Yoast SEO Premium plugin v27.5 (Yoast SEO v27.5) - https:\/\/yoast.com\/product\/yoast-seo-premium-wordpress\/ -->\n<title>Quel est le co\u00fbt r\u00e9el de la conduite ? Nous comparons les co\u00fbts de l&#039;essence et du diesel, de la recharge publique, de la recharge \u00e0 domicile et de la recharge intelligente. - Ohme EV Belgique<\/title>\n<meta name=\"description\" content=\"Quel est le co\u00fbt r\u00e9el de la conduite ? Nous comparons les voitures traditionnelles aux voitures \u00e9lectriques et les diff\u00e9rentes fa\u00e7ons de les recharger.\" \/>\n<meta name=\"robots\" content=\"index, follow, max-snippet:-1, max-image-preview:large, max-video-preview:-1\" \/>\n<link rel=\"canonical\" href=\"https:\/\/ohme-ev.com\/be-fr\/blog\/quel-est-le-cout-reel-de-la-conduite\/\" \/>\n<meta property=\"og:locale\" content=\"fr_FR\" \/>\n<meta property=\"og:type\" content=\"article\" \/>\n<meta property=\"og:title\" content=\"Quel est le co\u00fbt r\u00e9el de la conduite ? Nous comparons les co\u00fbts de l&#039;essence et du diesel, de la recharge publique, de la recharge \u00e0 domicile et de la recharge intelligente.\" \/>\n<meta property=\"og:description\" content=\"Quel est le co\u00fbt r\u00e9el de la conduite ? Nous comparons les voitures traditionnelles aux voitures \u00e9lectriques et les diff\u00e9rentes fa\u00e7ons de les recharger.\" \/>\n<meta property=\"og:url\" content=\"https:\/\/ohme-ev.com\/be-fr\/blog\/quel-est-le-cout-reel-de-la-conduite\/\" \/>\n<meta property=\"og:site_name\" content=\"Ohme EV Belgique\" \/>\n<meta property=\"article:publisher\" content=\"https:\/\/www.facebook.com\/OhmeEV\/\" \/>\n<meta property=\"article:published_time\" content=\"2025-07-11T14:38:51+00:00\" \/>\n<meta property=\"article:modified_time\" content=\"2025-07-11T14:38:54+00:00\" \/>\n<meta property=\"og:image\" content=\"https:\/\/ohme-ev.com\/be-fr\/wp-content\/uploads\/sites\/19\/2025\/07\/Picture2-2.webp\" \/>\n\t<meta property=\"og:image:width\" content=\"729\" \/>\n\t<meta property=\"og:image:height\" content=\"410\" \/>\n\t<meta property=\"og:image:type\" content=\"image\/webp\" \/>\n<meta name=\"author\" content=\"valeriegorreuxohme\" \/>\n<meta name=\"twitter:card\" content=\"summary_large_image\" \/>\n<meta name=\"twitter:creator\" content=\"@ohmeev\" \/>\n<meta name=\"twitter:site\" content=\"@ohmeev\" \/>\n<meta name=\"twitter:label1\" content=\"Written by\" \/>\n\t<meta name=\"twitter:data1\" content=\"valeriegorreuxohme\" \/>\n\t<meta name=\"twitter:label2\" content=\"Est. reading time\" \/>\n\t<meta name=\"twitter:data2\" content=\"9 minutes\" \/>\n<script type=\"application\/ld+json\" class=\"yoast-schema-graph\">{\"@context\":\"https:\\\/\\\/schema.org\",\"@graph\":[{\"@type\":\"Article\",\"@id\":\"https:\\\/\\\/ohme-ev.com\\\/be-fr\\\/blog\\\/quel-est-le-cout-reel-de-la-conduite\\\/#article\",\"isPartOf\":{\"@id\":\"https:\\\/\\\/ohme-ev.com\\\/be-fr\\\/blog\\\/quel-est-le-cout-reel-de-la-conduite\\\/\"},\"author\":{\"name\":\"valeriegorreuxohme\",\"@id\":\"https:\\\/\\\/ohme-ev.com\\\/be-fr\\\/#\\\/schema\\\/person\\\/b4478ff0694f01efc51e3e764f50479e\"},\"headline\":\"Quel est le co\u00fbt r\u00e9el de la conduite ? Nous comparons les co\u00fbts de l&#8217;essence et du diesel, de la recharge publique, de la recharge \u00e0 domicile et de la recharge intelligente.\",\"datePublished\":\"2025-07-11T14:38:51+00:00\",\"dateModified\":\"2025-07-11T14:38:54+00:00\",\"mainEntityOfPage\":{\"@id\":\"https:\\\/\\\/ohme-ev.com\\\/be-fr\\\/blog\\\/quel-est-le-cout-reel-de-la-conduite\\\/\"},\"wordCount\":1715,\"commentCount\":0,\"image\":{\"@id\":\"https:\\\/\\\/ohme-ev.com\\\/be-fr\\\/blog\\\/quel-est-le-cout-reel-de-la-conduite\\\/#primaryimage\"},\"thumbnailUrl\":\"https:\\\/\\\/ohme-ev.com\\\/be-fr\\\/wp-content\\\/uploads\\\/sites\\\/19\\\/2025\\\/07\\\/Picture2-2.webp\",\"keywords\":[\"Conducteurs de VE\",\"VE\",\"Energie\",\"Gestion de Flotte\",\"Solutions de Recharge\",\"Recharge Intelligente\"],\"inLanguage\":\"fr-be\",\"potentialAction\":[{\"@type\":\"CommentAction\",\"name\":\"Comment\",\"target\":[\"https:\\\/\\\/ohme-ev.com\\\/be-fr\\\/blog\\\/quel-est-le-cout-reel-de-la-conduite\\\/#respond\"]}]},{\"@type\":\"WebPage\",\"@id\":\"https:\\\/\\\/ohme-ev.com\\\/be-fr\\\/blog\\\/quel-est-le-cout-reel-de-la-conduite\\\/\",\"url\":\"https:\\\/\\\/ohme-ev.com\\\/be-fr\\\/blog\\\/quel-est-le-cout-reel-de-la-conduite\\\/\",\"name\":\"Quel est le co\u00fbt r\u00e9el de la conduite ? Nous comparons les co\u00fbts de l'essence et du diesel, de la recharge publique, de la recharge \u00e0 domicile et de la recharge intelligente. - Ohme EV Belgique\",\"isPartOf\":{\"@id\":\"https:\\\/\\\/ohme-ev.com\\\/be-fr\\\/#website\"},\"primaryImageOfPage\":{\"@id\":\"https:\\\/\\\/ohme-ev.com\\\/be-fr\\\/blog\\\/quel-est-le-cout-reel-de-la-conduite\\\/#primaryimage\"},\"image\":{\"@id\":\"https:\\\/\\\/ohme-ev.com\\\/be-fr\\\/blog\\\/quel-est-le-cout-reel-de-la-conduite\\\/#primaryimage\"},\"thumbnailUrl\":\"https:\\\/\\\/ohme-ev.com\\\/be-fr\\\/wp-content\\\/uploads\\\/sites\\\/19\\\/2025\\\/07\\\/Picture2-2.webp\",\"datePublished\":\"2025-07-11T14:38:51+00:00\",\"dateModified\":\"2025-07-11T14:38:54+00:00\",\"author\":{\"@id\":\"https:\\\/\\\/ohme-ev.com\\\/be-fr\\\/#\\\/schema\\\/person\\\/b4478ff0694f01efc51e3e764f50479e\"},\"description\":\"Quel est le co\u00fbt r\u00e9el de la conduite ? Nous comparons les voitures traditionnelles aux voitures \u00e9lectriques et les diff\u00e9rentes fa\u00e7ons de les recharger.\",\"breadcrumb\":{\"@id\":\"https:\\\/\\\/ohme-ev.com\\\/be-fr\\\/blog\\\/quel-est-le-cout-reel-de-la-conduite\\\/#breadcrumb\"},\"inLanguage\":\"fr-be\",\"potentialAction\":[{\"@type\":\"ReadAction\",\"target\":[\"https:\\\/\\\/ohme-ev.com\\\/be-fr\\\/blog\\\/quel-est-le-cout-reel-de-la-conduite\\\/\"]}]},{\"@type\":\"ImageObject\",\"inLanguage\":\"fr-be\",\"@id\":\"https:\\\/\\\/ohme-ev.com\\\/be-fr\\\/blog\\\/quel-est-le-cout-reel-de-la-conduite\\\/#primaryimage\",\"url\":\"https:\\\/\\\/ohme-ev.com\\\/be-fr\\\/wp-content\\\/uploads\\\/sites\\\/19\\\/2025\\\/07\\\/Picture2-2.webp\",\"contentUrl\":\"https:\\\/\\\/ohme-ev.com\\\/be-fr\\\/wp-content\\\/uploads\\\/sites\\\/19\\\/2025\\\/07\\\/Picture2-2.webp\",\"width\":729,\"height\":410},{\"@type\":\"BreadcrumbList\",\"@id\":\"https:\\\/\\\/ohme-ev.com\\\/be-fr\\\/blog\\\/quel-est-le-cout-reel-de-la-conduite\\\/#breadcrumb\",\"itemListElement\":[{\"@type\":\"ListItem\",\"position\":1,\"name\":\"Home\",\"item\":\"https:\\\/\\\/ohme-ev.com\\\/be-fr\\\/\"},{\"@type\":\"ListItem\",\"position\":2,\"name\":\"Quel est le co\u00fbt r\u00e9el de la conduite ? Nous comparons les co\u00fbts de l&#8217;essence et du diesel, de la recharge publique, de la recharge \u00e0 domicile et de la recharge intelligente.\"}]},{\"@type\":\"WebSite\",\"@id\":\"https:\\\/\\\/ohme-ev.com\\\/be-fr\\\/#website\",\"url\":\"https:\\\/\\\/ohme-ev.com\\\/be-fr\\\/\",\"name\":\"Ohme EV Belgique\",\"description\":\"Ohme - EV Smart Charging Solutions\",\"potentialAction\":[{\"@type\":\"SearchAction\",\"target\":{\"@type\":\"EntryPoint\",\"urlTemplate\":\"https:\\\/\\\/ohme-ev.com\\\/be-fr\\\/?s={search_term_string}\"},\"query-input\":{\"@type\":\"PropertyValueSpecification\",\"valueRequired\":true,\"valueName\":\"search_term_string\"}}],\"inLanguage\":\"fr-be\"},{\"@type\":\"Person\",\"@id\":\"https:\\\/\\\/ohme-ev.com\\\/be-fr\\\/#\\\/schema\\\/person\\\/b4478ff0694f01efc51e3e764f50479e\",\"name\":\"valeriegorreuxohme\",\"image\":{\"@type\":\"ImageObject\",\"inLanguage\":\"fr-be\",\"@id\":\"https:\\\/\\\/secure.gravatar.com\\\/avatar\\\/ddbf9325682bfe44e0270f90fc3c1854e9c9ac44d53a3da42eae8b835996a4f7?s=96&d=mm&r=g\",\"url\":\"https:\\\/\\\/secure.gravatar.com\\\/avatar\\\/ddbf9325682bfe44e0270f90fc3c1854e9c9ac44d53a3da42eae8b835996a4f7?s=96&d=mm&r=g\",\"contentUrl\":\"https:\\\/\\\/secure.gravatar.com\\\/avatar\\\/ddbf9325682bfe44e0270f90fc3c1854e9c9ac44d53a3da42eae8b835996a4f7?s=96&d=mm&r=g\",\"caption\":\"valeriegorreuxohme\"}}]}<\/script>\n<!-- \/ Yoast SEO Premium plugin. -->","yoast_head_json":{"title":"Quel est le co\u00fbt r\u00e9el de la conduite ? Nous comparons les co\u00fbts de l'essence et du diesel, de la recharge publique, de la recharge \u00e0 domicile et de la recharge intelligente. - Ohme EV Belgique","description":"Quel est le co\u00fbt r\u00e9el de la conduite ? Nous comparons les voitures traditionnelles aux voitures \u00e9lectriques et les diff\u00e9rentes fa\u00e7ons de les recharger.","robots":{"index":"index","follow":"follow","max-snippet":"max-snippet:-1","max-image-preview":"max-image-preview:large","max-video-preview":"max-video-preview:-1"},"canonical":"https:\/\/ohme-ev.com\/be-fr\/blog\/quel-est-le-cout-reel-de-la-conduite\/","og_locale":"fr_FR","og_type":"article","og_title":"Quel est le co\u00fbt r\u00e9el de la conduite ? Nous comparons les co\u00fbts de l'essence et du diesel, de la recharge publique, de la recharge \u00e0 domicile et de la recharge intelligente.","og_description":"Quel est le co\u00fbt r\u00e9el de la conduite ? Nous comparons les voitures traditionnelles aux voitures \u00e9lectriques et les diff\u00e9rentes fa\u00e7ons de les recharger.","og_url":"https:\/\/ohme-ev.com\/be-fr\/blog\/quel-est-le-cout-reel-de-la-conduite\/","og_site_name":"Ohme EV Belgique","article_publisher":"https:\/\/www.facebook.com\/OhmeEV\/","article_published_time":"2025-07-11T14:38:51+00:00","article_modified_time":"2025-07-11T14:38:54+00:00","og_image":[{"width":729,"height":410,"url":"https:\/\/ohme-ev.com\/be-fr\/wp-content\/uploads\/sites\/19\/2025\/07\/Picture2-2.webp","type":"image\/webp"}],"author":"valeriegorreuxohme","twitter_card":"summary_large_image","twitter_creator":"@ohmeev","twitter_site":"@ohmeev","twitter_misc":{"Written by":"valeriegorreuxohme","Est. reading time":"9 minutes"},"schema":{"@context":"https:\/\/schema.org","@graph":[{"@type":"Article","@id":"https:\/\/ohme-ev.com\/be-fr\/blog\/quel-est-le-cout-reel-de-la-conduite\/#article","isPartOf":{"@id":"https:\/\/ohme-ev.com\/be-fr\/blog\/quel-est-le-cout-reel-de-la-conduite\/"},"author":{"name":"valeriegorreuxohme","@id":"https:\/\/ohme-ev.com\/be-fr\/#\/schema\/person\/b4478ff0694f01efc51e3e764f50479e"},"headline":"Quel est le co\u00fbt r\u00e9el de la conduite ? Nous comparons les co\u00fbts de l&#8217;essence et du diesel, de la recharge publique, de la recharge \u00e0 domicile et de la recharge intelligente.","datePublished":"2025-07-11T14:38:51+00:00","dateModified":"2025-07-11T14:38:54+00:00","mainEntityOfPage":{"@id":"https:\/\/ohme-ev.com\/be-fr\/blog\/quel-est-le-cout-reel-de-la-conduite\/"},"wordCount":1715,"commentCount":0,"image":{"@id":"https:\/\/ohme-ev.com\/be-fr\/blog\/quel-est-le-cout-reel-de-la-conduite\/#primaryimage"},"thumbnailUrl":"https:\/\/ohme-ev.com\/be-fr\/wp-content\/uploads\/sites\/19\/2025\/07\/Picture2-2.webp","keywords":["Conducteurs de VE","VE","Energie","Gestion de Flotte","Solutions de Recharge","Recharge Intelligente"],"inLanguage":"fr-be","potentialAction":[{"@type":"CommentAction","name":"Comment","target":["https:\/\/ohme-ev.com\/be-fr\/blog\/quel-est-le-cout-reel-de-la-conduite\/#respond"]}]},{"@type":"WebPage","@id":"https:\/\/ohme-ev.com\/be-fr\/blog\/quel-est-le-cout-reel-de-la-conduite\/","url":"https:\/\/ohme-ev.com\/be-fr\/blog\/quel-est-le-cout-reel-de-la-conduite\/","name":"Quel est le co\u00fbt r\u00e9el de la conduite ? Nous comparons les co\u00fbts de l'essence et du diesel, de la recharge publique, de la recharge \u00e0 domicile et de la recharge intelligente. - Ohme EV Belgique","isPartOf":{"@id":"https:\/\/ohme-ev.com\/be-fr\/#website"},"primaryImageOfPage":{"@id":"https:\/\/ohme-ev.com\/be-fr\/blog\/quel-est-le-cout-reel-de-la-conduite\/#primaryimage"},"image":{"@id":"https:\/\/ohme-ev.com\/be-fr\/blog\/quel-est-le-cout-reel-de-la-conduite\/#primaryimage"},"thumbnailUrl":"https:\/\/ohme-ev.com\/be-fr\/wp-content\/uploads\/sites\/19\/2025\/07\/Picture2-2.webp","datePublished":"2025-07-11T14:38:51+00:00","dateModified":"2025-07-11T14:38:54+00:00","author":{"@id":"https:\/\/ohme-ev.com\/be-fr\/#\/schema\/person\/b4478ff0694f01efc51e3e764f50479e"},"description":"Quel est le co\u00fbt r\u00e9el de la conduite ? Nous comparons les voitures traditionnelles aux voitures \u00e9lectriques et les diff\u00e9rentes fa\u00e7ons de les recharger.","breadcrumb":{"@id":"https:\/\/ohme-ev.com\/be-fr\/blog\/quel-est-le-cout-reel-de-la-conduite\/#breadcrumb"},"inLanguage":"fr-be","potentialAction":[{"@type":"ReadAction","target":["https:\/\/ohme-ev.com\/be-fr\/blog\/quel-est-le-cout-reel-de-la-conduite\/"]}]},{"@type":"ImageObject","inLanguage":"fr-be","@id":"https:\/\/ohme-ev.com\/be-fr\/blog\/quel-est-le-cout-reel-de-la-conduite\/#primaryimage","url":"https:\/\/ohme-ev.com\/be-fr\/wp-content\/uploads\/sites\/19\/2025\/07\/Picture2-2.webp","contentUrl":"https:\/\/ohme-ev.com\/be-fr\/wp-content\/uploads\/sites\/19\/2025\/07\/Picture2-2.webp","width":729,"height":410},{"@type":"BreadcrumbList","@id":"https:\/\/ohme-ev.com\/be-fr\/blog\/quel-est-le-cout-reel-de-la-conduite\/#breadcrumb","itemListElement":[{"@type":"ListItem","position":1,"name":"Home","item":"https:\/\/ohme-ev.com\/be-fr\/"},{"@type":"ListItem","position":2,"name":"Quel est le co\u00fbt r\u00e9el de la conduite ? Nous comparons les co\u00fbts de l&#8217;essence et du diesel, de la recharge publique, de la recharge \u00e0 domicile et de la recharge intelligente."}]},{"@type":"WebSite","@id":"https:\/\/ohme-ev.com\/be-fr\/#website","url":"https:\/\/ohme-ev.com\/be-fr\/","name":"Ohme EV Belgique","description":"Ohme - EV Smart Charging Solutions","potentialAction":[{"@type":"SearchAction","target":{"@type":"EntryPoint","urlTemplate":"https:\/\/ohme-ev.com\/be-fr\/?s={search_term_string}"},"query-input":{"@type":"PropertyValueSpecification","valueRequired":true,"valueName":"search_term_string"}}],"inLanguage":"fr-be"},{"@type":"Person","@id":"https:\/\/ohme-ev.com\/be-fr\/#\/schema\/person\/b4478ff0694f01efc51e3e764f50479e","name":"valeriegorreuxohme","image":{"@type":"ImageObject","inLanguage":"fr-be","@id":"https:\/\/secure.gravatar.com\/avatar\/ddbf9325682bfe44e0270f90fc3c1854e9c9ac44d53a3da42eae8b835996a4f7?s=96&d=mm&r=g","url":"https:\/\/secure.gravatar.com\/avatar\/ddbf9325682bfe44e0270f90fc3c1854e9c9ac44d53a3da42eae8b835996a4f7?s=96&d=mm&r=g","contentUrl":"https:\/\/secure.gravatar.com\/avatar\/ddbf9325682bfe44e0270f90fc3c1854e9c9ac44d53a3da42eae8b835996a4f7?s=96&d=mm&r=g","caption":"valeriegorreuxohme"}}]}},"_links":{"self":[{"href":"https:\/\/ohme-ev.com\/be-fr\/wp-json\/wp\/v2\/posts\/4971","targetHints":{"allow":["GET"]}}],"collection":[{"href":"https:\/\/ohme-ev.com\/be-fr\/wp-json\/wp\/v2\/posts"}],"about":[{"href":"https:\/\/ohme-ev.com\/be-fr\/wp-json\/wp\/v2\/types\/post"}],"author":[{"embeddable":true,"href":"https:\/\/ohme-ev.com\/be-fr\/wp-json\/wp\/v2\/users\/38"}],"replies":[{"embeddable":true,"href":"https:\/\/ohme-ev.com\/be-fr\/wp-json\/wp\/v2\/comments?post=4971"}],"version-history":[{"count":0,"href":"https:\/\/ohme-ev.com\/be-fr\/wp-json\/wp\/v2\/posts\/4971\/revisions"}],"wp:featuredmedia":[{"embeddable":true,"href":"https:\/\/ohme-ev.com\/be-fr\/wp-json\/wp\/v2\/media\/4976"}],"wp:attachment":[{"href":"https:\/\/ohme-ev.com\/be-fr\/wp-json\/wp\/v2\/media?parent=4971"}],"wp:term":[{"taxonomy":"category","embeddable":true,"href":"https:\/\/ohme-ev.com\/be-fr\/wp-json\/wp\/v2\/categories?post=4971"},{"taxonomy":"post_tag","embeddable":true,"href":"https:\/\/ohme-ev.com\/be-fr\/wp-json\/wp\/v2\/tags?post=4971"}],"curies":[{"name":"wp","href":"https:\/\/api.w.org\/{rel}","templated":true}]}}