{"id":4691,"date":"2025-04-01T06:00:00","date_gmt":"2025-04-01T06:00:00","guid":{"rendered":"https:\/\/ohme-ev.com\/be-nl\/?p=3742"},"modified":"2025-04-16T07:49:28","modified_gmt":"2025-04-16T07:49:28","slug":"les-plus-grands-mythes-sur-les-ve-demystifies","status":"publish","type":"post","link":"https:\/\/ohme-ev.com\/be-fr\/blog\/les-plus-grands-mythes-sur-les-ve-demystifies\/","title":{"rendered":"Les plus grands mythes sur les VE d\u00e9mystifi\u00e9s"},"content":{"rendered":"\n<p>Les v\u00e9hicules \u00e9lectriques (VE) sont en plein essor, mais il existe encore beaucoup d&#8217;id\u00e9es fausses \u00e0 leur sujet. Qu&#8217;il s&#8217;agisse du co\u00fbt, de l&#8217;autonomie ou du temps de charge, de nombreux mythes sur les VE circulent et emp\u00eachent certaines personnes de passer \u00e0 l&#8217;\u00e9lectrique. Il est temps de d\u00e9monter ces mythes un par un !<\/p>\n\n\n\n<h2 class=\"wp-block-heading\"><strong>1. \u00ab Les VE sont trop chers \u00e0 l&#8217;achat \u00bb<\/strong><\/h2>\n\n\n\n<p>C&#8217;est peut-\u00eatre l&#8217;id\u00e9e fausse la plus r\u00e9pandue \u00e0 propos des voitures \u00e9lectriques. Il est vrai que le prix d&#8217;achat des VE est souvent plus \u00e9lev\u00e9 que celui des voitures \u00e0 essence ou diesel, mais <strong>si l&#8217;on consid\u00e8re le co\u00fbt total (TCO &#8211; Total Cost of Ownership), ils sont souvent plus \u00e9conomiques.<\/strong><\/p>\n\n\n\n<p><strong>Pourquoi?<\/strong><\/p>\n\n\n\n<ul class=\"wp-block-list\">\n<li>Les <strong>co\u00fbts de charge sont moins \u00e9lev\u00e9s<\/strong> : Rouler \u00e0 l&#8217;\u00e9lectricit\u00e9 est moins cher qu&#8217;\u00e0 l&#8217;essence ou au diesel.<\/li>\n\n\n\n<li><strong>Moins d&#8217;entretien<\/strong> : les VE ont moins de pi\u00e8ces mobiles, ce qui signifie que vous d\u00e9pensez moins en r\u00e9parations et en entretien.<\/li>\n\n\n\n<li><strong>All\u00e9gements fiscaux <\/strong>: En Belgique, il existe des all\u00e8gements fiscaux qui rendent le passage \u00e0 la conduite \u00e9lectrique plus int\u00e9ressant sur le plan financier.<\/li>\n<\/ul>\n\n\n\n<p><strong>Conclusion<\/strong>: m\u00eame si le prix d&#8217;achat initial est plus \u00e9lev\u00e9, vous \u00e9conomiserez beaucoup d&#8217;argent \u00e0 long terme !<\/p>\n\n\n\n<p>Vous voulez en savoir plus sur le co\u00fbt total de possession d&#8217;un v\u00e9hicule \u00e9lectrique ? Vous trouverez tous les d\u00e9tails dans <a href=\"https:\/\/ohme-ev.com\/be-fr\/blog\/reduire-le-tco-de-votre-ve-grace-au-smart-charging\/\">cet article<\/a>.<\/p>\n\n\n\n<h2 class=\"wp-block-heading\"><strong>2. \u00ab Il n&#8217;y a pas assez de stations de recharge \u00bb<\/strong><\/h2>\n\n\n\n<p>Cet argument \u00e9tait peut-\u00eatre valable il y a quelques ann\u00e9es, mais entre-temps, la Belgique est \u00e9quip\u00e9e d&#8217;<strong>un r\u00e9seau de bornes de recharge qui ne cesse de s&#8217;\u00e9tendre.<\/strong><\/p>\n\n\n\n<p><strong>Faits<\/strong>:<\/p>\n\n\n\n<ul class=\"wp-block-list\">\n<li>La Belgique compte actuellement <strong>pr\u00e8s de 80.000 points de charge publics<\/strong>, dont plus de 3.000 sont des chargeurs rapides.*<\/li>\n\n\n\n<li>La <strong>recharge \u00e0 domicile<\/strong> est l&#8217;option la plus r\u00e9pandue et la plus \u00e9conomique pour de nombreux conducteurs de VE.<\/li>\n\n\n\n<li>Gr\u00e2ce \u00e0 l&#8217;int\u00e9gration tarifaire unique d&#8217;Ohme, avec une borne intelligent comme l\u2019<a href=\"https:\/\/ohme-ev.com\/be-fr\/produit\/ohme-home-pro\/\">Ohme Home Pro<\/a> ou l&#8217;<a href=\"https:\/\/ohme-ev.com\/be-fr\/produit\/ohme-epod\/\">Ohme ePod<\/a>, <strong>vous chargez automatiquement lorsque l&#8217;\u00e9lectricit\u00e9 est la moins ch\u00e8re.<\/strong><\/li>\n<\/ul>\n\n\n\n<p><strong>Conclusion<\/strong>: avec la croissance du r\u00e9seau de recharge et la possibilit\u00e9 de recharger \u00e0 la maison ou au travail, \u00ab le manque de stations de recharge \u00bb n&#8217;est plus une excuse valable !<\/p>\n\n\n\n<h2 class=\"wp-block-heading\"><strong>3. \u00ab La recharge prend une \u00e9ternit\u00e9 \u00bb<\/strong><\/h2>\n\n\n\n<p>Beaucoup de gens pensent encore que la recharge d&#8217;un VE prend un temps extr\u00eamement long, mais ce n&#8217;est <strong>pas toujours le cas<\/strong>.<\/p>\n\n\n\n<p><strong>La r\u00e9alit\u00e9<\/strong>:<\/p>\n\n\n\n<ul class=\"wp-block-list\">\n<li><strong>La charge rapide<\/strong> : Avec un chargeur rapide, vous pouvez charger un VE \u00e0 80 % en 20 \u00e0 30 minutes &#8211; parfait pour une petite pause pendant un long trajet. La charge rapide n&#8217;est cependant pas id\u00e9ale pour votre batterie, alors limitez-la aux moments o\u00f9 elle est vraiment n\u00e9cessaire.<\/li>\n\n\n\n<li><strong>Chargement \u00e0 domicile<\/strong> : Avec une borne de recharge de 7,4 kW, 11 kW ou 22 kW vous pouvez recharger compl\u00e8tement votre voiture pendant que vous dormez ou que vous travaillez tranquillement \u00e0 la maison, par exemple.<\/li>\n<\/ul>\n\n\n\n<p><strong>Conclusion<\/strong>: selon le chargeur et le type de VE, <strong>la recharge peut \u00eatre aussi facile que celle de votre smartphone<\/strong>.<\/p>\n\n\n\n<h2 class=\"wp-block-heading\"><strong>4. \u00ab Les batteries des VE ne durent pas longtemps et sont mauvaises pour l&#8217;environnement \u00bb<\/strong><\/h2>\n\n\n\n<p>Les batteries des VE sont <strong>con\u00e7ues pour durer au moins 10 ans<\/strong> et de nombreux constructeurs automobiles offrent m\u00eame <strong>des garanties de 8 ans ou plus.<\/strong><\/p>\n\n\n\n<p><strong>En outre<\/strong>:<\/p>\n\n\n\n<ul class=\"wp-block-list\">\n<li><strong>Recyclage &amp; r\u00e9utilisation<\/strong> : les anciennes batteries sont de plus en plus souvent r\u00e9utilis\u00e9es pour le stockage de l&#8217;\u00e9nergie dans les maisons ou les r\u00e9seaux.<\/li>\n\n\n\n<li><strong>Moins d&#8217;\u00e9missions de CO\u2082<\/strong> : Sur leur dur\u00e9e de vie, les VE ont une empreinte carbone beaucoup plus faible que les voitures \u00e0 carburant fossile, m\u00eame en incluant la production des batteries.<\/li>\n<\/ul>\n\n\n\n<p><strong>Conclusion<\/strong>: les VE restent le choix le plus durable, et la technologie des batteries ne fait que s&#8217;am\u00e9liorer !<\/p>\n\n\n\n<h2 class=\"wp-block-heading\"><strong>5. \u00ab Les VE ne supportent pas bien le froid \u00bb<\/strong><\/h2>\n\n\n\n<p>Il est vrai que les VE <strong>sont l\u00e9g\u00e8rement moins efficaces par temps froid<\/strong>, mais il en va de m\u00eame pour les voitures \u00e0 essence et diesel.<\/p>\n\n\n\n<p><strong>Comment les VE font face au froid <\/strong>:<\/p>\n\n\n\n<ul class=\"wp-block-list\">\n<li><strong>Pr\u00e9chauffage<\/strong> : les VE peuvent \u00eatre <strong>pr\u00e9chauff\u00e9s alors qu&#8217;ils sont encore branch\u00e9s<\/strong>, ce qui permet d&#8217;\u00e9conomiser la charge de la batterie et de pr\u00e9server l&#8217;autonomie.<\/li>\n\n\n\n<li><strong>De meilleures batteries<\/strong> : les VE modernes sont dot\u00e9s de <strong>syst\u00e8mes de gestion thermique<\/strong> qui prot\u00e8gent la batterie des temp\u00e9ratures extr\u00eames.<\/li>\n<\/ul>\n\n\n\n<p><strong>Conclusion<\/strong>: les hivers belges sont loin d&#8217;\u00eatre arctiques et, avec une utilisation intelligente, vous ne remarquerez pratiquement pas de diff\u00e9rence de performance. Dans <a href=\"https:\/\/ohme-ev.com\/be-fr\/blog\/assurez-vous-que-votre-ve-est-prete-a-affronter-le-froid\/\">cet article<\/a>, vous trouverez plusieurs conseils pour blinder votre VE contre le froid !<\/p>\n\n\n\n<h2 class=\"wp-block-heading\"><strong>6. \u00ab Les VE n&#8217;ont pas assez d&#8217;autonomie pour les longs trajets \u00bb<\/strong><\/h2>\n\n\n\n<p>Beaucoup de gens pensent qu&#8217;ils <strong>doivent recharger constamment<\/strong>, mais les VE modernes ont souvent <strong>une grande autonomie<\/strong>.<\/p>\n\n\n\n<p><strong>Faits<\/strong>:<\/p>\n\n\n\n<ul class=\"wp-block-list\">\n<li>La plupart des nouveaux VE peuvent parcourir <strong>400 \u00e0 600 km<\/strong> avec une batterie pleine.<\/li>\n\n\n\n<li>Des <strong>applications comme Chargemap<\/strong> vous aident \u00e0 trouver facilement une station de recharge sur votre itin\u00e9raire.<\/li>\n<\/ul>\n\n\n\n<p><strong>Conclusion<\/strong>: le <a href=\"https:\/\/www.fleet.be\/les-belges-champions-deurope-en-distance-et-temps-de-trajet-domicile-travail\/?lang=fr\">trajet domicile-travail moyen en Belgique est de 39 km<\/a>, donc \u00e0 moins que vous ne vous rendiez dans le sud de la France tous les jours, l&#8217;autonomie d&#8217;un VE moderne est plus que suffisante !<\/p>\n\n\n\n<h2 class=\"wp-block-heading\"><strong>Ne laissez pas les mythes vous freiner !<\/strong><\/h2>\n\n\n\n<p>Le passage \u00e0 la conduite \u00e9lectrique pr\u00e9sente des <strong>avantages financiers, \u00e9cologiques et pratiques.<\/strong> Vous avez encore des doutes ? La meilleure fa\u00e7on de juger un v\u00e9hicule \u00e9lectrique est d&#8217;en faire l&#8217;exp\u00e9rience !<\/p>\n\n\n<div id=\"\" class=\"blockWrapper top-default bottom-default   \">\n\n<div class=\"standalone-cta blockWrapper\">\n    <div class=\"contentWrapper\">\n        \n            <a href=\"https:\/\/ohme-ev.com\/be-fr\/comment-fonctionne-votre-station-de-recharge-ohme\/\" target=\"_self\" >\n            <button class=\"ohme-btn primary button\" title=\"\">D\u00e9couvrez comment la recharge intelligente avec Ohme rend votre exp\u00e9rience de conduite encore meilleure !<\/button>\n        <\/a>\n        <\/div>\n<\/div>\n\n<\/div>\n\n\n<p><\/p>\n\n\n\n<p class=\"has-small-font-size\">* <a href=\"https:\/\/www.gireve.com\/beyond-ev-charging-10-how-ultra-fast-charging-evolved-in-belgium\/\">https:\/\/www.gireve.com\/beyond-ev-charging-10-how-ultra-fast-charging-evolved-in-belgium\/<\/a> \/ <a href=\"https:\/\/mobilityportal.eu\/belgium-fast-charging-hub\/?utm_source=chatgpt.com\">Belgium solidifies its position as a fast-charging hub: How did it double its CPOs in just one year? &#8211; Mobility Portal<\/a><\/p>\n\n\n\n<p><\/p>\n","protected":false},"excerpt":{"rendered":"<p>Les v\u00e9hicules \u00e9lectriques (VE) sont en plein essor, mais il existe encore beaucoup d&#8217;id\u00e9es fausses \u00e0 leur sujet. Qu&#8217;il s&#8217;agisse du co\u00fbt, de l&#8217;autonomie ou du temps de charge, de nombreux mythes sur les VE circulent et emp\u00eachent certaines personnes de passer \u00e0 l&#8217;\u00e9lectrique. Il est temps de d\u00e9monter ces mythes un par un ! [&hellip;]<\/p>\n","protected":false},"author":38,"featured_media":2151,"comment_status":"open","ping_status":"open","sticky":false,"template":"","format":"standard","meta":{"_acf_changed":false,"_helpful_status":1,"footnotes":""},"categories":[1],"tags":[178,179,182],"class_list":["post-4691","post","type-post","status-publish","format-standard","has-post-thumbnail","hentry","category-uncategorized","tag-conducteurs-de-ve","tag-ve","tag-gestion-de-flotte"],"acf":[],"yoast_head":"<!-- This site is optimized with the Yoast SEO Premium plugin v27.5 (Yoast SEO v27.5) - https:\/\/yoast.com\/product\/yoast-seo-premium-wordpress\/ -->\n<title>Les plus grands mythes sur les VE d\u00e9mystifi\u00e9s - Ohme EV Belgique<\/title>\n<meta name=\"description\" content=\"De nombreux mythes circulent encore sur les VE, ce qui fait que les gens h\u00e9sitent souvent \u00e0 passer \u00e0 un VE. Nous en dressons la liste pour vous !\" \/>\n<meta name=\"robots\" content=\"index, follow, max-snippet:-1, max-image-preview:large, max-video-preview:-1\" \/>\n<link rel=\"canonical\" href=\"https:\/\/ohme-ev.com\/be-fr\/blog\/les-plus-grands-mythes-sur-les-ve-demystifies\/\" \/>\n<meta property=\"og:locale\" content=\"fr_FR\" \/>\n<meta property=\"og:type\" content=\"article\" \/>\n<meta property=\"og:title\" content=\"Les plus grands mythes sur les VE d\u00e9mystifi\u00e9s\" \/>\n<meta property=\"og:description\" content=\"De nombreux mythes circulent encore sur les VE, ce qui fait que les gens h\u00e9sitent souvent \u00e0 passer \u00e0 un VE. Nous en dressons la liste pour vous !\" \/>\n<meta property=\"og:url\" content=\"https:\/\/ohme-ev.com\/be-fr\/blog\/les-plus-grands-mythes-sur-les-ve-demystifies\/\" \/>\n<meta property=\"og:site_name\" content=\"Ohme EV Belgique\" \/>\n<meta property=\"article:publisher\" content=\"https:\/\/www.facebook.com\/OhmeEV\/\" \/>\n<meta property=\"article:published_time\" content=\"2025-04-01T06:00:00+00:00\" \/>\n<meta property=\"article:modified_time\" content=\"2025-04-16T07:49:28+00:00\" \/>\n<meta property=\"og:image\" content=\"https:\/\/ohme-ev.com\/be-fr\/wp-content\/uploads\/sites\/19\/2023\/09\/ohme-polestar-ire-hi-res.jpg\" \/>\n\t<meta property=\"og:image:width\" content=\"1536\" \/>\n\t<meta property=\"og:image:height\" content=\"1025\" \/>\n\t<meta property=\"og:image:type\" content=\"image\/jpeg\" \/>\n<meta name=\"author\" content=\"valeriegorreuxohme\" \/>\n<meta name=\"twitter:card\" content=\"summary_large_image\" \/>\n<meta name=\"twitter:creator\" content=\"@ohmeev\" \/>\n<meta name=\"twitter:site\" content=\"@ohmeev\" \/>\n<meta name=\"twitter:label1\" content=\"Written by\" \/>\n\t<meta name=\"twitter:data1\" content=\"valeriegorreuxohme\" \/>\n\t<meta name=\"twitter:label2\" content=\"Est. reading time\" \/>\n\t<meta name=\"twitter:data2\" content=\"5 minutes\" \/>\n<script type=\"application\/ld+json\" class=\"yoast-schema-graph\">{\"@context\":\"https:\\\/\\\/schema.org\",\"@graph\":[{\"@type\":\"Article\",\"@id\":\"https:\\\/\\\/ohme-ev.com\\\/be-fr\\\/blog\\\/les-plus-grands-mythes-sur-les-ve-demystifies\\\/#article\",\"isPartOf\":{\"@id\":\"https:\\\/\\\/ohme-ev.com\\\/be-fr\\\/blog\\\/les-plus-grands-mythes-sur-les-ve-demystifies\\\/\"},\"author\":{\"name\":\"valeriegorreuxohme\",\"@id\":\"https:\\\/\\\/ohme-ev.com\\\/be-fr\\\/#\\\/schema\\\/person\\\/b4478ff0694f01efc51e3e764f50479e\"},\"headline\":\"Les plus grands mythes sur les VE d\u00e9mystifi\u00e9s\",\"datePublished\":\"2025-04-01T06:00:00+00:00\",\"dateModified\":\"2025-04-16T07:49:28+00:00\",\"mainEntityOfPage\":{\"@id\":\"https:\\\/\\\/ohme-ev.com\\\/be-fr\\\/blog\\\/les-plus-grands-mythes-sur-les-ve-demystifies\\\/\"},\"wordCount\":957,\"commentCount\":0,\"image\":{\"@id\":\"https:\\\/\\\/ohme-ev.com\\\/be-fr\\\/blog\\\/les-plus-grands-mythes-sur-les-ve-demystifies\\\/#primaryimage\"},\"thumbnailUrl\":\"https:\\\/\\\/ohme-ev.com\\\/be-fr\\\/wp-content\\\/uploads\\\/sites\\\/19\\\/2023\\\/09\\\/ohme-polestar-ire-hi-res.jpg\",\"keywords\":[\"Conducteurs de VE\",\"VE\",\"Gestion de Flotte\"],\"inLanguage\":\"fr-be\",\"potentialAction\":[{\"@type\":\"CommentAction\",\"name\":\"Comment\",\"target\":[\"https:\\\/\\\/ohme-ev.com\\\/be-fr\\\/blog\\\/les-plus-grands-mythes-sur-les-ve-demystifies\\\/#respond\"]}]},{\"@type\":\"WebPage\",\"@id\":\"https:\\\/\\\/ohme-ev.com\\\/be-fr\\\/blog\\\/les-plus-grands-mythes-sur-les-ve-demystifies\\\/\",\"url\":\"https:\\\/\\\/ohme-ev.com\\\/be-fr\\\/blog\\\/les-plus-grands-mythes-sur-les-ve-demystifies\\\/\",\"name\":\"Les plus grands mythes sur les VE d\u00e9mystifi\u00e9s - Ohme EV Belgique\",\"isPartOf\":{\"@id\":\"https:\\\/\\\/ohme-ev.com\\\/be-fr\\\/#website\"},\"primaryImageOfPage\":{\"@id\":\"https:\\\/\\\/ohme-ev.com\\\/be-fr\\\/blog\\\/les-plus-grands-mythes-sur-les-ve-demystifies\\\/#primaryimage\"},\"image\":{\"@id\":\"https:\\\/\\\/ohme-ev.com\\\/be-fr\\\/blog\\\/les-plus-grands-mythes-sur-les-ve-demystifies\\\/#primaryimage\"},\"thumbnailUrl\":\"https:\\\/\\\/ohme-ev.com\\\/be-fr\\\/wp-content\\\/uploads\\\/sites\\\/19\\\/2023\\\/09\\\/ohme-polestar-ire-hi-res.jpg\",\"datePublished\":\"2025-04-01T06:00:00+00:00\",\"dateModified\":\"2025-04-16T07:49:28+00:00\",\"author\":{\"@id\":\"https:\\\/\\\/ohme-ev.com\\\/be-fr\\\/#\\\/schema\\\/person\\\/b4478ff0694f01efc51e3e764f50479e\"},\"description\":\"De nombreux mythes circulent encore sur les VE, ce qui fait que les gens h\u00e9sitent souvent \u00e0 passer \u00e0 un VE. Nous en dressons la liste pour vous !\",\"breadcrumb\":{\"@id\":\"https:\\\/\\\/ohme-ev.com\\\/be-fr\\\/blog\\\/les-plus-grands-mythes-sur-les-ve-demystifies\\\/#breadcrumb\"},\"inLanguage\":\"fr-be\",\"potentialAction\":[{\"@type\":\"ReadAction\",\"target\":[\"https:\\\/\\\/ohme-ev.com\\\/be-fr\\\/blog\\\/les-plus-grands-mythes-sur-les-ve-demystifies\\\/\"]}]},{\"@type\":\"ImageObject\",\"inLanguage\":\"fr-be\",\"@id\":\"https:\\\/\\\/ohme-ev.com\\\/be-fr\\\/blog\\\/les-plus-grands-mythes-sur-les-ve-demystifies\\\/#primaryimage\",\"url\":\"https:\\\/\\\/ohme-ev.com\\\/be-fr\\\/wp-content\\\/uploads\\\/sites\\\/19\\\/2023\\\/09\\\/ohme-polestar-ire-hi-res.jpg\",\"contentUrl\":\"https:\\\/\\\/ohme-ev.com\\\/be-fr\\\/wp-content\\\/uploads\\\/sites\\\/19\\\/2023\\\/09\\\/ohme-polestar-ire-hi-res.jpg\",\"width\":1536,\"height\":1025,\"caption\":\"Ohme Home Pro Polestar 2\"},{\"@type\":\"BreadcrumbList\",\"@id\":\"https:\\\/\\\/ohme-ev.com\\\/be-fr\\\/blog\\\/les-plus-grands-mythes-sur-les-ve-demystifies\\\/#breadcrumb\",\"itemListElement\":[{\"@type\":\"ListItem\",\"position\":1,\"name\":\"Home\",\"item\":\"https:\\\/\\\/ohme-ev.com\\\/be-fr\\\/\"},{\"@type\":\"ListItem\",\"position\":2,\"name\":\"Les plus grands mythes sur les VE d\u00e9mystifi\u00e9s\"}]},{\"@type\":\"WebSite\",\"@id\":\"https:\\\/\\\/ohme-ev.com\\\/be-fr\\\/#website\",\"url\":\"https:\\\/\\\/ohme-ev.com\\\/be-fr\\\/\",\"name\":\"Ohme EV Belgique\",\"description\":\"Ohme - EV Smart Charging Solutions\",\"potentialAction\":[{\"@type\":\"SearchAction\",\"target\":{\"@type\":\"EntryPoint\",\"urlTemplate\":\"https:\\\/\\\/ohme-ev.com\\\/be-fr\\\/?s={search_term_string}\"},\"query-input\":{\"@type\":\"PropertyValueSpecification\",\"valueRequired\":true,\"valueName\":\"search_term_string\"}}],\"inLanguage\":\"fr-be\"},{\"@type\":\"Person\",\"@id\":\"https:\\\/\\\/ohme-ev.com\\\/be-fr\\\/#\\\/schema\\\/person\\\/b4478ff0694f01efc51e3e764f50479e\",\"name\":\"valeriegorreuxohme\",\"image\":{\"@type\":\"ImageObject\",\"inLanguage\":\"fr-be\",\"@id\":\"https:\\\/\\\/secure.gravatar.com\\\/avatar\\\/ddbf9325682bfe44e0270f90fc3c1854e9c9ac44d53a3da42eae8b835996a4f7?s=96&d=mm&r=g\",\"url\":\"https:\\\/\\\/secure.gravatar.com\\\/avatar\\\/ddbf9325682bfe44e0270f90fc3c1854e9c9ac44d53a3da42eae8b835996a4f7?s=96&d=mm&r=g\",\"contentUrl\":\"https:\\\/\\\/secure.gravatar.com\\\/avatar\\\/ddbf9325682bfe44e0270f90fc3c1854e9c9ac44d53a3da42eae8b835996a4f7?s=96&d=mm&r=g\",\"caption\":\"valeriegorreuxohme\"}}]}<\/script>\n<!-- \/ Yoast SEO Premium plugin. -->","yoast_head_json":{"title":"Les plus grands mythes sur les VE d\u00e9mystifi\u00e9s - Ohme EV Belgique","description":"De nombreux mythes circulent encore sur les VE, ce qui fait que les gens h\u00e9sitent souvent \u00e0 passer \u00e0 un VE. Nous en dressons la liste pour vous !","robots":{"index":"index","follow":"follow","max-snippet":"max-snippet:-1","max-image-preview":"max-image-preview:large","max-video-preview":"max-video-preview:-1"},"canonical":"https:\/\/ohme-ev.com\/be-fr\/blog\/les-plus-grands-mythes-sur-les-ve-demystifies\/","og_locale":"fr_FR","og_type":"article","og_title":"Les plus grands mythes sur les VE d\u00e9mystifi\u00e9s","og_description":"De nombreux mythes circulent encore sur les VE, ce qui fait que les gens h\u00e9sitent souvent \u00e0 passer \u00e0 un VE. Nous en dressons la liste pour vous !","og_url":"https:\/\/ohme-ev.com\/be-fr\/blog\/les-plus-grands-mythes-sur-les-ve-demystifies\/","og_site_name":"Ohme EV Belgique","article_publisher":"https:\/\/www.facebook.com\/OhmeEV\/","article_published_time":"2025-04-01T06:00:00+00:00","article_modified_time":"2025-04-16T07:49:28+00:00","og_image":[{"width":1536,"height":1025,"url":"https:\/\/ohme-ev.com\/be-fr\/wp-content\/uploads\/sites\/19\/2023\/09\/ohme-polestar-ire-hi-res.jpg","type":"image\/jpeg"}],"author":"valeriegorreuxohme","twitter_card":"summary_large_image","twitter_creator":"@ohmeev","twitter_site":"@ohmeev","twitter_misc":{"Written by":"valeriegorreuxohme","Est. reading time":"5 minutes"},"schema":{"@context":"https:\/\/schema.org","@graph":[{"@type":"Article","@id":"https:\/\/ohme-ev.com\/be-fr\/blog\/les-plus-grands-mythes-sur-les-ve-demystifies\/#article","isPartOf":{"@id":"https:\/\/ohme-ev.com\/be-fr\/blog\/les-plus-grands-mythes-sur-les-ve-demystifies\/"},"author":{"name":"valeriegorreuxohme","@id":"https:\/\/ohme-ev.com\/be-fr\/#\/schema\/person\/b4478ff0694f01efc51e3e764f50479e"},"headline":"Les plus grands mythes sur les VE d\u00e9mystifi\u00e9s","datePublished":"2025-04-01T06:00:00+00:00","dateModified":"2025-04-16T07:49:28+00:00","mainEntityOfPage":{"@id":"https:\/\/ohme-ev.com\/be-fr\/blog\/les-plus-grands-mythes-sur-les-ve-demystifies\/"},"wordCount":957,"commentCount":0,"image":{"@id":"https:\/\/ohme-ev.com\/be-fr\/blog\/les-plus-grands-mythes-sur-les-ve-demystifies\/#primaryimage"},"thumbnailUrl":"https:\/\/ohme-ev.com\/be-fr\/wp-content\/uploads\/sites\/19\/2023\/09\/ohme-polestar-ire-hi-res.jpg","keywords":["Conducteurs de VE","VE","Gestion de Flotte"],"inLanguage":"fr-be","potentialAction":[{"@type":"CommentAction","name":"Comment","target":["https:\/\/ohme-ev.com\/be-fr\/blog\/les-plus-grands-mythes-sur-les-ve-demystifies\/#respond"]}]},{"@type":"WebPage","@id":"https:\/\/ohme-ev.com\/be-fr\/blog\/les-plus-grands-mythes-sur-les-ve-demystifies\/","url":"https:\/\/ohme-ev.com\/be-fr\/blog\/les-plus-grands-mythes-sur-les-ve-demystifies\/","name":"Les plus grands mythes sur les VE d\u00e9mystifi\u00e9s - Ohme EV Belgique","isPartOf":{"@id":"https:\/\/ohme-ev.com\/be-fr\/#website"},"primaryImageOfPage":{"@id":"https:\/\/ohme-ev.com\/be-fr\/blog\/les-plus-grands-mythes-sur-les-ve-demystifies\/#primaryimage"},"image":{"@id":"https:\/\/ohme-ev.com\/be-fr\/blog\/les-plus-grands-mythes-sur-les-ve-demystifies\/#primaryimage"},"thumbnailUrl":"https:\/\/ohme-ev.com\/be-fr\/wp-content\/uploads\/sites\/19\/2023\/09\/ohme-polestar-ire-hi-res.jpg","datePublished":"2025-04-01T06:00:00+00:00","dateModified":"2025-04-16T07:49:28+00:00","author":{"@id":"https:\/\/ohme-ev.com\/be-fr\/#\/schema\/person\/b4478ff0694f01efc51e3e764f50479e"},"description":"De nombreux mythes circulent encore sur les VE, ce qui fait que les gens h\u00e9sitent souvent \u00e0 passer \u00e0 un VE. Nous en dressons la liste pour vous !","breadcrumb":{"@id":"https:\/\/ohme-ev.com\/be-fr\/blog\/les-plus-grands-mythes-sur-les-ve-demystifies\/#breadcrumb"},"inLanguage":"fr-be","potentialAction":[{"@type":"ReadAction","target":["https:\/\/ohme-ev.com\/be-fr\/blog\/les-plus-grands-mythes-sur-les-ve-demystifies\/"]}]},{"@type":"ImageObject","inLanguage":"fr-be","@id":"https:\/\/ohme-ev.com\/be-fr\/blog\/les-plus-grands-mythes-sur-les-ve-demystifies\/#primaryimage","url":"https:\/\/ohme-ev.com\/be-fr\/wp-content\/uploads\/sites\/19\/2023\/09\/ohme-polestar-ire-hi-res.jpg","contentUrl":"https:\/\/ohme-ev.com\/be-fr\/wp-content\/uploads\/sites\/19\/2023\/09\/ohme-polestar-ire-hi-res.jpg","width":1536,"height":1025,"caption":"Ohme Home Pro Polestar 2"},{"@type":"BreadcrumbList","@id":"https:\/\/ohme-ev.com\/be-fr\/blog\/les-plus-grands-mythes-sur-les-ve-demystifies\/#breadcrumb","itemListElement":[{"@type":"ListItem","position":1,"name":"Home","item":"https:\/\/ohme-ev.com\/be-fr\/"},{"@type":"ListItem","position":2,"name":"Les plus grands mythes sur les VE d\u00e9mystifi\u00e9s"}]},{"@type":"WebSite","@id":"https:\/\/ohme-ev.com\/be-fr\/#website","url":"https:\/\/ohme-ev.com\/be-fr\/","name":"Ohme EV Belgique","description":"Ohme - EV Smart Charging Solutions","potentialAction":[{"@type":"SearchAction","target":{"@type":"EntryPoint","urlTemplate":"https:\/\/ohme-ev.com\/be-fr\/?s={search_term_string}"},"query-input":{"@type":"PropertyValueSpecification","valueRequired":true,"valueName":"search_term_string"}}],"inLanguage":"fr-be"},{"@type":"Person","@id":"https:\/\/ohme-ev.com\/be-fr\/#\/schema\/person\/b4478ff0694f01efc51e3e764f50479e","name":"valeriegorreuxohme","image":{"@type":"ImageObject","inLanguage":"fr-be","@id":"https:\/\/secure.gravatar.com\/avatar\/ddbf9325682bfe44e0270f90fc3c1854e9c9ac44d53a3da42eae8b835996a4f7?s=96&d=mm&r=g","url":"https:\/\/secure.gravatar.com\/avatar\/ddbf9325682bfe44e0270f90fc3c1854e9c9ac44d53a3da42eae8b835996a4f7?s=96&d=mm&r=g","contentUrl":"https:\/\/secure.gravatar.com\/avatar\/ddbf9325682bfe44e0270f90fc3c1854e9c9ac44d53a3da42eae8b835996a4f7?s=96&d=mm&r=g","caption":"valeriegorreuxohme"}}]}},"_links":{"self":[{"href":"https:\/\/ohme-ev.com\/be-fr\/wp-json\/wp\/v2\/posts\/4691","targetHints":{"allow":["GET"]}}],"collection":[{"href":"https:\/\/ohme-ev.com\/be-fr\/wp-json\/wp\/v2\/posts"}],"about":[{"href":"https:\/\/ohme-ev.com\/be-fr\/wp-json\/wp\/v2\/types\/post"}],"author":[{"embeddable":true,"href":"https:\/\/ohme-ev.com\/be-fr\/wp-json\/wp\/v2\/users\/38"}],"replies":[{"embeddable":true,"href":"https:\/\/ohme-ev.com\/be-fr\/wp-json\/wp\/v2\/comments?post=4691"}],"version-history":[{"count":0,"href":"https:\/\/ohme-ev.com\/be-fr\/wp-json\/wp\/v2\/posts\/4691\/revisions"}],"wp:featuredmedia":[{"embeddable":true,"href":"https:\/\/ohme-ev.com\/be-fr\/wp-json\/wp\/v2\/media\/2151"}],"wp:attachment":[{"href":"https:\/\/ohme-ev.com\/be-fr\/wp-json\/wp\/v2\/media?parent=4691"}],"wp:term":[{"taxonomy":"category","embeddable":true,"href":"https:\/\/ohme-ev.com\/be-fr\/wp-json\/wp\/v2\/categories?post=4691"},{"taxonomy":"post_tag","embeddable":true,"href":"https:\/\/ohme-ev.com\/be-fr\/wp-json\/wp\/v2\/tags?post=4691"}],"curies":[{"name":"wp","href":"https:\/\/api.w.org\/{rel}","templated":true}]}}