{"id":4515,"date":"2025-02-04T09:00:00","date_gmt":"2025-02-04T09:00:00","guid":{"rendered":"https:\/\/ohme-ev.com\/be-nl\/?p=3503"},"modified":"2025-04-16T09:41:22","modified_gmt":"2025-04-16T09:41:22","slug":"5-avantages-de-l-ohme-epod","status":"publish","type":"post","link":"https:\/\/ohme-ev.com\/be-fr\/blog\/5-avantages-de-l-ohme-epod\/","title":{"rendered":"5 avantages de l\u2019Ohme ePod"},"content":{"rendered":"\n<p>L&#8217;ePod d&#8217;Ohme est l&#8217;une des solutions de recharge intelligente les plus efficaces et les plus polyvalentes pour les propri\u00e9taires de VE. Que vous soyez nouveau dans le monde des VE ou que vous cherchiez \u00e0 am\u00e9liorer votre installation de recharge, l&#8217;ePod offre de nombreuses fonctionnalit\u00e9s intelligentes. Voici les cinq avantages &nbsp;de l\u2019Ohme ePod qui font de ce chargeur un choix de premier ordre :<\/p>\n\n\n\n<h2 class=\"wp-block-heading\"><strong><strong>1. Une conception fiable et durable<\/strong><\/strong><\/h2>\n\n\n\n<p>L&#8217;ePod d&#8217;Ohme est con\u00e7u pour durer, avec un bo\u00eetier robuste et r\u00e9sistant aux intemp\u00e9ries, id\u00e9al pour les installations int\u00e9rieures et ext\u00e9rieures. Qu&#8217;il pleuve ou qu&#8217;il vente, l&#8217;ePod vous garantit une recharge fiable \u00e0 tout moment !<\/p>\n\n\n\n<h2 class=\"wp-block-heading\"><strong><strong>2. Technologie de charge intelligente<\/strong><\/strong><\/h2>\n\n\n\n<p>Comme tous les chargeurs Ohme, l&#8217;ePod fonctionne de mani\u00e8re transparente avec l&#8217;application Ohme, ce qui vous donne un contr\u00f4le total sur la charge. Gr\u00e2ce aux donn\u00e9es \u00e9nerg\u00e9tiques en temps r\u00e9el, vous pouvez programmer des sessions de charge pendant les heures creuses ou lorsque la plupart des \u00e9nergies renouvelables sont disponibles. Il ne s&#8217;agit pas d&#8217;un simple chargeur, mais d&#8217;un partenaire intelligent qui vous permet de r\u00e9duire vos co\u00fbts \u00e9nerg\u00e9tiques et votre empreinte carbone.<\/p>\n\n\n\n<h2 class=\"wp-block-heading\"><strong><strong>3. Une simplicit\u00e9 \u00e9l\u00e9gante et compacte<\/strong><\/strong><\/h2>\n\n\n\n<p>L&#8217;ePod est con\u00e7u pour s&#8217;adapter \u00e0 n&#8217;importe quel endroit. Son design \u00e9l\u00e9gant et compact le rend discret, mais ses performances restent tout aussi puissantes. Que vous l&#8217;installiez \u00e0 la maison ou sur votre lieu de travail, l&#8217;ePod est un compl\u00e9ment fonctionnel et \u00e9l\u00e9gant \u00e0 votre installation EV.<\/p>\n\n\n<div class=\"wp-block-image\">\n<figure class=\"aligncenter size-medium\"><img loading=\"lazy\" decoding=\"async\" width=\"300\" height=\"292\" src=\"https:\/\/ohme-ev.com\/be-nl\/wp-content\/uploads\/sites\/20\/2023\/07\/Product-details-large-collage_ePod-dark-background-front_UK-300x292.jpg\" alt=\"Large front view image of Ohme ePod\" class=\"wp-image-1879\" srcset=\"https:\/\/ohme-ev.com\/be-fr\/wp-content\/uploads\/sites\/19\/2023\/07\/Product-details-large-collage_ePod-dark-background-front_UK-300x292.jpg 300w, https:\/\/ohme-ev.com\/be-fr\/wp-content\/uploads\/sites\/19\/2023\/07\/Product-details-large-collage_ePod-dark-background-front_UK-1024x998.jpg 1024w, https:\/\/ohme-ev.com\/be-fr\/wp-content\/uploads\/sites\/19\/2023\/07\/Product-details-large-collage_ePod-dark-background-front_UK-768x749.jpg 768w, https:\/\/ohme-ev.com\/be-fr\/wp-content\/uploads\/sites\/19\/2023\/07\/Product-details-large-collage_ePod-dark-background-front_UK-1536x1497.jpg 1536w, https:\/\/ohme-ev.com\/be-fr\/wp-content\/uploads\/sites\/19\/2023\/07\/Product-details-large-collage_ePod-dark-background-front_UK-462x450.jpg 462w, https:\/\/ohme-ev.com\/be-fr\/wp-content\/uploads\/sites\/19\/2023\/07\/Product-details-large-collage_ePod-dark-background-front_UK.jpg 1818w\" sizes=\"auto, (max-width: 300px) 100vw, 300px\" \/><\/figure>\n<\/div>\n\n\n<div style=\"height:55px\" aria-hidden=\"true\" class=\"wp-block-spacer\"><\/div>\n\n\n\n<h2 class=\"wp-block-heading\"><strong><strong>4. Enti\u00e8rement compatible avec tous les VE<\/strong><\/strong><\/h2>\n\n\n\n<p>Quel que soit le v\u00e9hicule \u00e9lectrique que vous conduisez, l&#8217;ePod d&#8217;Ohme ne vous posera aucun probl\u00e8me. Il est compatible avec toutes les marques et tous les mod\u00e8les de VE, de sorte que vous pouvez toujours recharger facilement votre v\u00e9hicule. De plus, l&#8217;ePod est un mod\u00e8le \u00e0 prise. Vous pouvez donc charger avec votre propre c\u00e2ble !<\/p>\n\n\n\n<h2 class=\"wp-block-heading\"><strong><strong>5. Pr\u00eat pour l&#8217;avenir<\/strong><\/strong><\/h2>\n\n\n\n<p>L&#8217;ePod soutient un avenir durable en s&#8217;int\u00e9grant aux tarifs \u00e9nerg\u00e9tiques dynamiques et aux sources d&#8217;\u00e9nergie renouvelables, telles que les panneaux solaires. Ce n&#8217;est pas un simple chargeur, c&#8217;est le partenaire id\u00e9al pour vous aider \u00e0 aligner votre consommation d&#8217;\u00e9nergie sur un avenir plus vert. En outre, l&#8217;ePod est disponible dans une version de 22 kW. Une solution r\u00e9solument tourn\u00e9e vers l&#8217;avenir !<\/p>\n\n\n\n<p>L&#8217;Ohme ePod est l&#8217;\u00e9quilibre parfait entre robustesse, innovation et durabilit\u00e9. Pr\u00eat \u00e0 am\u00e9liorer votre exp\u00e9rience de recharge de VE ? D\u00e9couvrez l&#8217;ePod d&#8217;Ohme !<\/p>\n\n\n\n<div class=\"wp-block-buttons is-content-justification-center is-layout-flex wp-container-core-buttons-is-layout-16018d1d wp-block-buttons-is-layout-flex\">\n<div class=\"wp-block-button\"><a class=\"wp-block-button__link has-white-color has-text-color has-link-color wp-element-button\" href=\"https:\/\/ohme-ev.com\/be-fr\/produit\/ohme-epod\/\">D\u00e9couvrez l&#8217;Ohme ePod<\/a><\/div>\n<\/div>\n\n\n\n<p><\/p>\n","protected":false},"excerpt":{"rendered":"<p>L&#8217;ePod d&#8217;Ohme est l&#8217;une des solutions de recharge intelligente les plus efficaces et les plus polyvalentes pour les propri\u00e9taires de VE. Que vous soyez nouveau dans le monde des VE ou que vous cherchiez \u00e0 am\u00e9liorer votre installation de recharge, l&#8217;ePod offre de nombreuses fonctionnalit\u00e9s intelligentes. Voici les cinq avantages &nbsp;de l\u2019Ohme ePod qui font [&hellip;]<\/p>\n","protected":false},"author":38,"featured_media":4580,"comment_status":"open","ping_status":"open","sticky":false,"template":"","format":"standard","meta":{"_acf_changed":false,"_helpful_status":1,"footnotes":""},"categories":[1],"tags":[178,182,183,184],"class_list":["post-4515","post","type-post","status-publish","format-standard","has-post-thumbnail","hentry","category-uncategorized","tag-conducteurs-de-ve","tag-gestion-de-flotte","tag-installateurs","tag-solutions-de-recharge"],"acf":[],"yoast_head":"<!-- This site is optimized with the Yoast SEO Premium plugin v27.5 (Yoast SEO v27.5) - https:\/\/yoast.com\/product\/yoast-seo-premium-wordpress\/ -->\n<title>5 avantages de l\u2019Ohme ePod - Ohme EV Belgique<\/title>\n<meta name=\"description\" content=\"Toutes nos fonctions de charge intelligente dans un mod\u00e8le de prise \u00e9l\u00e9gant et compact. D\u00e9couvrez tous les avantages de l&#039;Ohme ePod !\" \/>\n<meta name=\"robots\" content=\"index, follow, max-snippet:-1, max-image-preview:large, max-video-preview:-1\" \/>\n<link rel=\"canonical\" href=\"https:\/\/ohme-ev.com\/be-fr\/blog\/5-avantages-de-l-ohme-epod\/\" \/>\n<meta property=\"og:locale\" content=\"fr_FR\" \/>\n<meta property=\"og:type\" content=\"article\" \/>\n<meta property=\"og:title\" content=\"5 avantages de l\u2019Ohme ePod\" \/>\n<meta property=\"og:description\" content=\"Toutes nos fonctions de charge intelligente dans un mod\u00e8le de prise \u00e9l\u00e9gant et compact. D\u00e9couvrez tous les avantages de l&#039;Ohme ePod !\" \/>\n<meta property=\"og:url\" content=\"https:\/\/ohme-ev.com\/be-fr\/blog\/5-avantages-de-l-ohme-epod\/\" \/>\n<meta property=\"og:site_name\" content=\"Ohme EV Belgique\" \/>\n<meta property=\"article:publisher\" content=\"https:\/\/www.facebook.com\/OhmeEV\/\" \/>\n<meta property=\"article:published_time\" content=\"2025-02-04T09:00:00+00:00\" \/>\n<meta property=\"article:modified_time\" content=\"2025-04-16T09:41:22+00:00\" \/>\n<meta property=\"og:image\" content=\"https:\/\/ohme-ev.com\/be-fr\/wp-content\/uploads\/sites\/19\/2025\/02\/Untitled-4-min.webp\" \/>\n\t<meta property=\"og:image:width\" content=\"1024\" \/>\n\t<meta property=\"og:image:height\" content=\"578\" \/>\n\t<meta property=\"og:image:type\" content=\"image\/webp\" \/>\n<meta name=\"author\" content=\"valeriegorreuxohme\" \/>\n<meta name=\"twitter:card\" content=\"summary_large_image\" \/>\n<meta name=\"twitter:creator\" content=\"@ohmeev\" \/>\n<meta name=\"twitter:site\" content=\"@ohmeev\" \/>\n<meta name=\"twitter:label1\" content=\"Written by\" \/>\n\t<meta name=\"twitter:data1\" content=\"valeriegorreuxohme\" \/>\n\t<meta name=\"twitter:label2\" content=\"Est. reading time\" \/>\n\t<meta name=\"twitter:data2\" content=\"3 minutes\" \/>\n<script type=\"application\/ld+json\" class=\"yoast-schema-graph\">{\"@context\":\"https:\\\/\\\/schema.org\",\"@graph\":[{\"@type\":\"Article\",\"@id\":\"https:\\\/\\\/ohme-ev.com\\\/be-fr\\\/blog\\\/5-avantages-de-l-ohme-epod\\\/#article\",\"isPartOf\":{\"@id\":\"https:\\\/\\\/ohme-ev.com\\\/be-fr\\\/blog\\\/5-avantages-de-l-ohme-epod\\\/\"},\"author\":{\"name\":\"valeriegorreuxohme\",\"@id\":\"https:\\\/\\\/ohme-ev.com\\\/be-fr\\\/#\\\/schema\\\/person\\\/b4478ff0694f01efc51e3e764f50479e\"},\"headline\":\"5 avantages de l\u2019Ohme ePod\",\"datePublished\":\"2025-02-04T09:00:00+00:00\",\"dateModified\":\"2025-04-16T09:41:22+00:00\",\"mainEntityOfPage\":{\"@id\":\"https:\\\/\\\/ohme-ev.com\\\/be-fr\\\/blog\\\/5-avantages-de-l-ohme-epod\\\/\"},\"wordCount\":458,\"commentCount\":0,\"image\":{\"@id\":\"https:\\\/\\\/ohme-ev.com\\\/be-fr\\\/blog\\\/5-avantages-de-l-ohme-epod\\\/#primaryimage\"},\"thumbnailUrl\":\"https:\\\/\\\/ohme-ev.com\\\/be-fr\\\/wp-content\\\/uploads\\\/sites\\\/19\\\/2025\\\/02\\\/Untitled-4-min.webp\",\"keywords\":[\"Conducteurs de VE\",\"Gestion de Flotte\",\"Installateurs\",\"Solutions de Recharge\"],\"inLanguage\":\"fr-be\",\"potentialAction\":[{\"@type\":\"CommentAction\",\"name\":\"Comment\",\"target\":[\"https:\\\/\\\/ohme-ev.com\\\/be-fr\\\/blog\\\/5-avantages-de-l-ohme-epod\\\/#respond\"]}]},{\"@type\":\"WebPage\",\"@id\":\"https:\\\/\\\/ohme-ev.com\\\/be-fr\\\/blog\\\/5-avantages-de-l-ohme-epod\\\/\",\"url\":\"https:\\\/\\\/ohme-ev.com\\\/be-fr\\\/blog\\\/5-avantages-de-l-ohme-epod\\\/\",\"name\":\"5 avantages de l\u2019Ohme ePod - Ohme EV Belgique\",\"isPartOf\":{\"@id\":\"https:\\\/\\\/ohme-ev.com\\\/be-fr\\\/#website\"},\"primaryImageOfPage\":{\"@id\":\"https:\\\/\\\/ohme-ev.com\\\/be-fr\\\/blog\\\/5-avantages-de-l-ohme-epod\\\/#primaryimage\"},\"image\":{\"@id\":\"https:\\\/\\\/ohme-ev.com\\\/be-fr\\\/blog\\\/5-avantages-de-l-ohme-epod\\\/#primaryimage\"},\"thumbnailUrl\":\"https:\\\/\\\/ohme-ev.com\\\/be-fr\\\/wp-content\\\/uploads\\\/sites\\\/19\\\/2025\\\/02\\\/Untitled-4-min.webp\",\"datePublished\":\"2025-02-04T09:00:00+00:00\",\"dateModified\":\"2025-04-16T09:41:22+00:00\",\"author\":{\"@id\":\"https:\\\/\\\/ohme-ev.com\\\/be-fr\\\/#\\\/schema\\\/person\\\/b4478ff0694f01efc51e3e764f50479e\"},\"description\":\"Toutes nos fonctions de charge intelligente dans un mod\u00e8le de prise \u00e9l\u00e9gant et compact. D\u00e9couvrez tous les avantages de l'Ohme ePod !\",\"breadcrumb\":{\"@id\":\"https:\\\/\\\/ohme-ev.com\\\/be-fr\\\/blog\\\/5-avantages-de-l-ohme-epod\\\/#breadcrumb\"},\"inLanguage\":\"fr-be\",\"potentialAction\":[{\"@type\":\"ReadAction\",\"target\":[\"https:\\\/\\\/ohme-ev.com\\\/be-fr\\\/blog\\\/5-avantages-de-l-ohme-epod\\\/\"]}]},{\"@type\":\"ImageObject\",\"inLanguage\":\"fr-be\",\"@id\":\"https:\\\/\\\/ohme-ev.com\\\/be-fr\\\/blog\\\/5-avantages-de-l-ohme-epod\\\/#primaryimage\",\"url\":\"https:\\\/\\\/ohme-ev.com\\\/be-fr\\\/wp-content\\\/uploads\\\/sites\\\/19\\\/2025\\\/02\\\/Untitled-4-min.webp\",\"contentUrl\":\"https:\\\/\\\/ohme-ev.com\\\/be-fr\\\/wp-content\\\/uploads\\\/sites\\\/19\\\/2025\\\/02\\\/Untitled-4-min.webp\",\"width\":1024,\"height\":578},{\"@type\":\"BreadcrumbList\",\"@id\":\"https:\\\/\\\/ohme-ev.com\\\/be-fr\\\/blog\\\/5-avantages-de-l-ohme-epod\\\/#breadcrumb\",\"itemListElement\":[{\"@type\":\"ListItem\",\"position\":1,\"name\":\"Home\",\"item\":\"https:\\\/\\\/ohme-ev.com\\\/be-fr\\\/\"},{\"@type\":\"ListItem\",\"position\":2,\"name\":\"5 avantages de l\u2019Ohme ePod\"}]},{\"@type\":\"WebSite\",\"@id\":\"https:\\\/\\\/ohme-ev.com\\\/be-fr\\\/#website\",\"url\":\"https:\\\/\\\/ohme-ev.com\\\/be-fr\\\/\",\"name\":\"Ohme EV Belgique\",\"description\":\"Ohme - EV Smart Charging Solutions\",\"potentialAction\":[{\"@type\":\"SearchAction\",\"target\":{\"@type\":\"EntryPoint\",\"urlTemplate\":\"https:\\\/\\\/ohme-ev.com\\\/be-fr\\\/?s={search_term_string}\"},\"query-input\":{\"@type\":\"PropertyValueSpecification\",\"valueRequired\":true,\"valueName\":\"search_term_string\"}}],\"inLanguage\":\"fr-be\"},{\"@type\":\"Person\",\"@id\":\"https:\\\/\\\/ohme-ev.com\\\/be-fr\\\/#\\\/schema\\\/person\\\/b4478ff0694f01efc51e3e764f50479e\",\"name\":\"valeriegorreuxohme\",\"image\":{\"@type\":\"ImageObject\",\"inLanguage\":\"fr-be\",\"@id\":\"https:\\\/\\\/secure.gravatar.com\\\/avatar\\\/ddbf9325682bfe44e0270f90fc3c1854e9c9ac44d53a3da42eae8b835996a4f7?s=96&d=mm&r=g\",\"url\":\"https:\\\/\\\/secure.gravatar.com\\\/avatar\\\/ddbf9325682bfe44e0270f90fc3c1854e9c9ac44d53a3da42eae8b835996a4f7?s=96&d=mm&r=g\",\"contentUrl\":\"https:\\\/\\\/secure.gravatar.com\\\/avatar\\\/ddbf9325682bfe44e0270f90fc3c1854e9c9ac44d53a3da42eae8b835996a4f7?s=96&d=mm&r=g\",\"caption\":\"valeriegorreuxohme\"}}]}<\/script>\n<!-- \/ Yoast SEO Premium plugin. -->","yoast_head_json":{"title":"5 avantages de l\u2019Ohme ePod - Ohme EV Belgique","description":"Toutes nos fonctions de charge intelligente dans un mod\u00e8le de prise \u00e9l\u00e9gant et compact. D\u00e9couvrez tous les avantages de l'Ohme ePod !","robots":{"index":"index","follow":"follow","max-snippet":"max-snippet:-1","max-image-preview":"max-image-preview:large","max-video-preview":"max-video-preview:-1"},"canonical":"https:\/\/ohme-ev.com\/be-fr\/blog\/5-avantages-de-l-ohme-epod\/","og_locale":"fr_FR","og_type":"article","og_title":"5 avantages de l\u2019Ohme ePod","og_description":"Toutes nos fonctions de charge intelligente dans un mod\u00e8le de prise \u00e9l\u00e9gant et compact. D\u00e9couvrez tous les avantages de l'Ohme ePod !","og_url":"https:\/\/ohme-ev.com\/be-fr\/blog\/5-avantages-de-l-ohme-epod\/","og_site_name":"Ohme EV Belgique","article_publisher":"https:\/\/www.facebook.com\/OhmeEV\/","article_published_time":"2025-02-04T09:00:00+00:00","article_modified_time":"2025-04-16T09:41:22+00:00","og_image":[{"width":1024,"height":578,"url":"https:\/\/ohme-ev.com\/be-fr\/wp-content\/uploads\/sites\/19\/2025\/02\/Untitled-4-min.webp","type":"image\/webp"}],"author":"valeriegorreuxohme","twitter_card":"summary_large_image","twitter_creator":"@ohmeev","twitter_site":"@ohmeev","twitter_misc":{"Written by":"valeriegorreuxohme","Est. reading time":"3 minutes"},"schema":{"@context":"https:\/\/schema.org","@graph":[{"@type":"Article","@id":"https:\/\/ohme-ev.com\/be-fr\/blog\/5-avantages-de-l-ohme-epod\/#article","isPartOf":{"@id":"https:\/\/ohme-ev.com\/be-fr\/blog\/5-avantages-de-l-ohme-epod\/"},"author":{"name":"valeriegorreuxohme","@id":"https:\/\/ohme-ev.com\/be-fr\/#\/schema\/person\/b4478ff0694f01efc51e3e764f50479e"},"headline":"5 avantages de l\u2019Ohme ePod","datePublished":"2025-02-04T09:00:00+00:00","dateModified":"2025-04-16T09:41:22+00:00","mainEntityOfPage":{"@id":"https:\/\/ohme-ev.com\/be-fr\/blog\/5-avantages-de-l-ohme-epod\/"},"wordCount":458,"commentCount":0,"image":{"@id":"https:\/\/ohme-ev.com\/be-fr\/blog\/5-avantages-de-l-ohme-epod\/#primaryimage"},"thumbnailUrl":"https:\/\/ohme-ev.com\/be-fr\/wp-content\/uploads\/sites\/19\/2025\/02\/Untitled-4-min.webp","keywords":["Conducteurs de VE","Gestion de Flotte","Installateurs","Solutions de Recharge"],"inLanguage":"fr-be","potentialAction":[{"@type":"CommentAction","name":"Comment","target":["https:\/\/ohme-ev.com\/be-fr\/blog\/5-avantages-de-l-ohme-epod\/#respond"]}]},{"@type":"WebPage","@id":"https:\/\/ohme-ev.com\/be-fr\/blog\/5-avantages-de-l-ohme-epod\/","url":"https:\/\/ohme-ev.com\/be-fr\/blog\/5-avantages-de-l-ohme-epod\/","name":"5 avantages de l\u2019Ohme ePod - Ohme EV Belgique","isPartOf":{"@id":"https:\/\/ohme-ev.com\/be-fr\/#website"},"primaryImageOfPage":{"@id":"https:\/\/ohme-ev.com\/be-fr\/blog\/5-avantages-de-l-ohme-epod\/#primaryimage"},"image":{"@id":"https:\/\/ohme-ev.com\/be-fr\/blog\/5-avantages-de-l-ohme-epod\/#primaryimage"},"thumbnailUrl":"https:\/\/ohme-ev.com\/be-fr\/wp-content\/uploads\/sites\/19\/2025\/02\/Untitled-4-min.webp","datePublished":"2025-02-04T09:00:00+00:00","dateModified":"2025-04-16T09:41:22+00:00","author":{"@id":"https:\/\/ohme-ev.com\/be-fr\/#\/schema\/person\/b4478ff0694f01efc51e3e764f50479e"},"description":"Toutes nos fonctions de charge intelligente dans un mod\u00e8le de prise \u00e9l\u00e9gant et compact. D\u00e9couvrez tous les avantages de l'Ohme ePod !","breadcrumb":{"@id":"https:\/\/ohme-ev.com\/be-fr\/blog\/5-avantages-de-l-ohme-epod\/#breadcrumb"},"inLanguage":"fr-be","potentialAction":[{"@type":"ReadAction","target":["https:\/\/ohme-ev.com\/be-fr\/blog\/5-avantages-de-l-ohme-epod\/"]}]},{"@type":"ImageObject","inLanguage":"fr-be","@id":"https:\/\/ohme-ev.com\/be-fr\/blog\/5-avantages-de-l-ohme-epod\/#primaryimage","url":"https:\/\/ohme-ev.com\/be-fr\/wp-content\/uploads\/sites\/19\/2025\/02\/Untitled-4-min.webp","contentUrl":"https:\/\/ohme-ev.com\/be-fr\/wp-content\/uploads\/sites\/19\/2025\/02\/Untitled-4-min.webp","width":1024,"height":578},{"@type":"BreadcrumbList","@id":"https:\/\/ohme-ev.com\/be-fr\/blog\/5-avantages-de-l-ohme-epod\/#breadcrumb","itemListElement":[{"@type":"ListItem","position":1,"name":"Home","item":"https:\/\/ohme-ev.com\/be-fr\/"},{"@type":"ListItem","position":2,"name":"5 avantages de l\u2019Ohme ePod"}]},{"@type":"WebSite","@id":"https:\/\/ohme-ev.com\/be-fr\/#website","url":"https:\/\/ohme-ev.com\/be-fr\/","name":"Ohme EV Belgique","description":"Ohme - EV Smart Charging Solutions","potentialAction":[{"@type":"SearchAction","target":{"@type":"EntryPoint","urlTemplate":"https:\/\/ohme-ev.com\/be-fr\/?s={search_term_string}"},"query-input":{"@type":"PropertyValueSpecification","valueRequired":true,"valueName":"search_term_string"}}],"inLanguage":"fr-be"},{"@type":"Person","@id":"https:\/\/ohme-ev.com\/be-fr\/#\/schema\/person\/b4478ff0694f01efc51e3e764f50479e","name":"valeriegorreuxohme","image":{"@type":"ImageObject","inLanguage":"fr-be","@id":"https:\/\/secure.gravatar.com\/avatar\/ddbf9325682bfe44e0270f90fc3c1854e9c9ac44d53a3da42eae8b835996a4f7?s=96&d=mm&r=g","url":"https:\/\/secure.gravatar.com\/avatar\/ddbf9325682bfe44e0270f90fc3c1854e9c9ac44d53a3da42eae8b835996a4f7?s=96&d=mm&r=g","contentUrl":"https:\/\/secure.gravatar.com\/avatar\/ddbf9325682bfe44e0270f90fc3c1854e9c9ac44d53a3da42eae8b835996a4f7?s=96&d=mm&r=g","caption":"valeriegorreuxohme"}}]}},"_links":{"self":[{"href":"https:\/\/ohme-ev.com\/be-fr\/wp-json\/wp\/v2\/posts\/4515","targetHints":{"allow":["GET"]}}],"collection":[{"href":"https:\/\/ohme-ev.com\/be-fr\/wp-json\/wp\/v2\/posts"}],"about":[{"href":"https:\/\/ohme-ev.com\/be-fr\/wp-json\/wp\/v2\/types\/post"}],"author":[{"embeddable":true,"href":"https:\/\/ohme-ev.com\/be-fr\/wp-json\/wp\/v2\/users\/38"}],"replies":[{"embeddable":true,"href":"https:\/\/ohme-ev.com\/be-fr\/wp-json\/wp\/v2\/comments?post=4515"}],"version-history":[{"count":0,"href":"https:\/\/ohme-ev.com\/be-fr\/wp-json\/wp\/v2\/posts\/4515\/revisions"}],"wp:featuredmedia":[{"embeddable":true,"href":"https:\/\/ohme-ev.com\/be-fr\/wp-json\/wp\/v2\/media\/4580"}],"wp:attachment":[{"href":"https:\/\/ohme-ev.com\/be-fr\/wp-json\/wp\/v2\/media?parent=4515"}],"wp:term":[{"taxonomy":"category","embeddable":true,"href":"https:\/\/ohme-ev.com\/be-fr\/wp-json\/wp\/v2\/categories?post=4515"},{"taxonomy":"post_tag","embeddable":true,"href":"https:\/\/ohme-ev.com\/be-fr\/wp-json\/wp\/v2\/tags?post=4515"}],"curies":[{"name":"wp","href":"https:\/\/api.w.org\/{rel}","templated":true}]}}