{"id":4503,"date":"2025-02-25T09:00:00","date_gmt":"2025-02-25T09:00:00","guid":{"rendered":"https:\/\/ohme-ev.com\/be-nl\/?p=3482"},"modified":"2025-04-16T09:52:42","modified_gmt":"2025-04-16T09:52:42","slug":"contribuer-a-un-reseau-electrique-plus-vert-avec-ohme","status":"publish","type":"post","link":"https:\/\/ohme-ev.com\/be-fr\/blog\/contribuer-a-un-reseau-electrique-plus-vert-avec-ohme\/","title":{"rendered":"Contribuer \u00e0 un r\u00e9seau \u00e9lectrique plus vert, avec Ohme !"},"content":{"rendered":"\n<p>Chaque jour est une nouvelle occasion d&#8217;avoir un impact positif. Cela peut se faire, par exemple, en changeant la fa\u00e7on dont nous utilisons l&#8217;\u00e9lectricit\u00e9. Et si vous avez un chargeur Ohme chez vous, c&#8217;est encore plus facile ! En effet, votre chargeur optimise automatiquement votre charge, contribuant ainsi \u00e0 un r\u00e9seau \u00e9lectrique plus vert et plus \u00e9quilibr\u00e9 !<\/p>\n\n\n\n<h2 class=\"wp-block-heading\"><strong>Comment la technologie Ohme relie-t-elle mon chargeur au r\u00e9seau national ?<\/strong><\/h2>\n\n\n\n<p>Les chargeurs Ohme peuvent communiquer avec le r\u00e9seau en temps r\u00e9el et ainsi ajuster automatiquement leur charge en fonction des pics et des creux de consommation d&#8217;\u00e9lectricit\u00e9. En outre, tous les chargeurs Ohme sont dot\u00e9s d&#8217;un syst\u00e8me int\u00e9gr\u00e9 d&#8217;\u00e9quilibrage de la charge, de sorte que leur puissance est \u00e9galement ajust\u00e9e automatiquement en fonction de la consommation dans le reste de la maison.<\/p>\n\n\n\n<p>L&#8217;augmentation du nombre de VE s&#8217;accompagne in\u00e9vitablement d&#8217;une hausse de la demande d&#8217;\u00e9lectricit\u00e9. C&#8217;est l\u00e0 que la technologie intelligente d&#8217;Ohme s&#8217;av\u00e8re utile ! Elle permet en effet d&#8217;adapter l&#8217;alimentation de votre voiture en fonction du r\u00e9seau, tout en respectant vos objectifs de charge. Dans le m\u00eame temps, elle contribue \u00e0 garantir la satisfaction de la demande d&#8217;\u00e9lectricit\u00e9 et la flexibilit\u00e9 \u00e9nerg\u00e9tique. Tout le monde y gagne, en d&#8217;autres termes !<\/p>\n\n\n\n<h2 class=\"wp-block-heading\"><strong>Qu&#8217;est-ce que la flexibilit\u00e9 \u00e9nerg\u00e9tique\u00a0? <\/strong><\/h2>\n\n\n\n<p>La flexibilit\u00e9 \u00e9nerg\u00e9tique est la capacit\u00e9 d&#8217;ajuster l&#8217;offre et la demande sur le r\u00e9seau de mani\u00e8re \u00e0 ce qu&#8217;elles soient toujours en \u00e9quilibre. Chaque jour, la consommation d&#8217;\u00e9lectricit\u00e9 conna\u00eet des pics et des creux. Par exemple, nous observons des pics principalement le matin, lorsque les gens pr\u00e9parent leur caf\u00e9, prennent leur douche, etc. ou le soir, lorsqu&#8217;ils commencent \u00e0 cuisiner ou allument la t\u00e9l\u00e9vision.<\/p>\n\n\n\n<p>Au milieu de la nuit, nous avons tendance \u00e0 observer des baisses, mais m\u00eame au milieu de la journ\u00e9e, la consommation d&#8217;\u00e9lectricit\u00e9 a tendance \u00e0 diminuer.<\/p>\n\n\n\n<p>Vous voulez en savoir plus sur la flexibilit\u00e9 \u00e9nerg\u00e9tique ? Vous pouvez lire <a href=\"https:\/\/ohme-ev.com\/be-fr\/blog\/flexibilite-energetique-qu-est-ce-que-c-est-et-porquoi-c-est-important\/\">cet article<\/a> \u00e0 ce sujet !<\/p>\n\n\n\n<h2 class=\"wp-block-heading\"><strong>Comment mon chargeur Ohme peut-il contribuer \u00e0 la flexibilit\u00e9 \u00e9nerg\u00e9tique ?<\/strong><\/h2>\n\n\n\n<p>Vous savez maintenant que la flexibilit\u00e9 \u00e9nerg\u00e9tique consiste \u00e0 d\u00e9placer une partie de la demande pendant les heures de pointe vers des p\u00e9riodes de faible demande. Mais comment faire ? Bien s\u00fbr, vous pourriez commencer \u00e0 cuisiner \u00e0 3 heures du matin, mais ce n&#8217;est pas tout \u00e0 fait r\u00e9aliste. La technologie de charge intelligente d&#8217;Ohme facilite grandement ce processus ! Gr\u00e2ce \u00e0 cette technologie, nous pouvons d\u00e9placer la charge de votre voiture vers les p\u00e9riodes de faible demande.<\/p>\n\n\n\n<p>Pourquoi est-ce important ? Avec plus de flexibilit\u00e9 sur le r\u00e9seau, il n&#8217;est pas n\u00e9cessaire d&#8217;investir dans la production et la distribution de plus d&#8217;\u00e9nergie. Au lieu de cela, nous pouvons simplement distribuer la capacit\u00e9 existante de mani\u00e8re intelligente, ce qui permet \u00e0 tout le monde de faire des \u00e9conomies.<\/p>\n\n\n\n<figure class=\"wp-block-image size-full\"><img loading=\"lazy\" decoding=\"async\" width=\"1024\" height=\"578\" src=\"https:\/\/ohme-ev.com\/be-fr\/wp-content\/uploads\/sites\/19\/2025\/01\/Untitled-_8_.webp\" alt=\"\" class=\"wp-image-4499\" srcset=\"https:\/\/ohme-ev.com\/be-fr\/wp-content\/uploads\/sites\/19\/2025\/01\/Untitled-_8_.webp 1024w, https:\/\/ohme-ev.com\/be-fr\/wp-content\/uploads\/sites\/19\/2025\/01\/Untitled-_8_-300x169.webp 300w, https:\/\/ohme-ev.com\/be-fr\/wp-content\/uploads\/sites\/19\/2025\/01\/Untitled-_8_-768x434.webp 768w, https:\/\/ohme-ev.com\/be-fr\/wp-content\/uploads\/sites\/19\/2025\/01\/Untitled-_8_-326x184.webp 326w, https:\/\/ohme-ev.com\/be-fr\/wp-content\/uploads\/sites\/19\/2025\/01\/Untitled-_8_-340x192.webp 340w\" sizes=\"auto, (max-width: 1024px) 100vw, 1024px\" \/><\/figure>\n\n\n\n<h2 class=\"wp-block-heading\"><strong>Quelles sont les \u00e9conomies environnementales r\u00e9alis\u00e9es gr\u00e2ce \u00e0 la flexibilit\u00e9 \u00e9nerg\u00e9tique ?<\/strong><\/h2>\n\n\n\n<p>Le serveur Ohme communique en direct avec le r\u00e9seau, ce qui vous permet de charger automatiquement votre voiture lorsque l&#8217;intensit\u00e9 de carbone est la plus faible.<\/p>\n\n\n\n<p>Lorsque la production d&#8217;\u00e9nergie renouvelable est importante, par exemple lorsque le soleil brille ou qu&#8217;il y a beaucoup de vent, votre chargeur Ohme commence \u00e0 recharger votre voiture avec cet exc\u00e9dent d&#8217;\u00e9nergie qui ne peut pas \u00eatre stock\u00e9 sur le r\u00e9seau. Par ailleurs, Ohme peut arr\u00eater la charge lorsque trop de m\u00e9nages et d&#8217;entreprises consomment de l&#8217;\u00e9lectricit\u00e9 en m\u00eame temps, de sorte que la production d&#8217;\u00e9lectricit\u00e9 \u00e0 partir de combustibles fossiles ne doive pas \u00eatre augment\u00e9e pour r\u00e9pondre \u00e0 la demande.<\/p>\n\n\n\n<p>Tout le monde en profite ! L&#8217;augmentation de l&#8217;utilisation des \u00e9nergies renouvelables permet non seulement d&#8217;avoir un r\u00e9seau \u00e9lectrique plus propre, mais aussi de r\u00e9duire les co\u00fbts pour les fournisseurs d&#8217;\u00e9nergie. C&#8217;est ce que vous devriez constater sur vos futures factures d&#8217;\u00e9nergie.<\/p>\n\n\n\n<p>Vous souhaitez \u00e9galement contribuer \u00e0 un r\u00e9seau \u00e9lectrique plus vert tout en rechargeant votre VE ? Alors d\u00e9couvrez nos chargeurs intelligents !<\/p>\n\n\n\n<div class=\"wp-block-buttons is-content-justification-center is-layout-flex wp-container-core-buttons-is-layout-16018d1d wp-block-buttons-is-layout-flex\">\n<div class=\"wp-block-button\"><a class=\"wp-block-button__link has-white-color has-text-color has-link-color wp-element-button\" href=\"https:\/\/ohme-ev.com\/be-fr\/nos-bornes-de-recharge\/\">D\u00e9couvrez les chargeurs Ohme<\/a><\/div>\n<\/div>\n\n\n\n<p><\/p>\n","protected":false},"excerpt":{"rendered":"<p>Chaque jour est une nouvelle occasion d&#8217;avoir un impact positif. Cela peut se faire, par exemple, en changeant la fa\u00e7on dont nous utilisons l&#8217;\u00e9lectricit\u00e9. Et si vous avez un chargeur Ohme chez vous, c&#8217;est encore plus facile ! En effet, votre chargeur optimise automatiquement votre charge, contribuant ainsi \u00e0 un r\u00e9seau \u00e9lectrique plus vert et [&hellip;]<\/p>\n","protected":false},"author":38,"featured_media":4506,"comment_status":"open","ping_status":"open","sticky":false,"template":"","format":"standard","meta":{"_acf_changed":false,"_helpful_status":1,"footnotes":""},"categories":[1],"tags":[178,180,181,182,185],"class_list":["post-4503","post","type-post","status-publish","format-standard","has-post-thumbnail","hentry","category-uncategorized","tag-conducteurs-de-ve","tag-durabilite","tag-energie","tag-gestion-de-flotte","tag-recharge-intelligente"],"acf":[],"yoast_head":"<!-- This site is optimized with the Yoast SEO Premium plugin v27.5 (Yoast SEO v27.5) - https:\/\/yoast.com\/product\/yoast-seo-premium-wordpress\/ -->\n<title>Contribuer \u00e0 un r\u00e9seau \u00e9lectrique plus vert, avec Ohme ! - Ohme EV Belgique<\/title>\n<meta name=\"description\" content=\"De slimme laders van Ohme helpen het net te balanceren en zorgen zo mee voor een groener \u00e9n betaalbaarder elektriciteitsnetwerk!\" \/>\n<meta name=\"robots\" content=\"index, follow, max-snippet:-1, max-image-preview:large, max-video-preview:-1\" \/>\n<link rel=\"canonical\" href=\"https:\/\/ohme-ev.com\/be-fr\/blog\/contribuer-a-un-reseau-electrique-plus-vert-avec-ohme\/\" \/>\n<meta property=\"og:locale\" content=\"fr_FR\" \/>\n<meta property=\"og:type\" content=\"article\" \/>\n<meta property=\"og:title\" content=\"Contribuer \u00e0 un r\u00e9seau \u00e9lectrique plus vert, avec Ohme !\" \/>\n<meta property=\"og:description\" content=\"De slimme laders van Ohme helpen het net te balanceren en zorgen zo mee voor een groener \u00e9n betaalbaarder elektriciteitsnetwerk!\" \/>\n<meta property=\"og:url\" content=\"https:\/\/ohme-ev.com\/be-fr\/blog\/contribuer-a-un-reseau-electrique-plus-vert-avec-ohme\/\" \/>\n<meta property=\"og:site_name\" content=\"Ohme EV Belgique\" \/>\n<meta property=\"article:publisher\" content=\"https:\/\/www.facebook.com\/OhmeEV\/\" \/>\n<meta property=\"article:published_time\" content=\"2025-02-25T09:00:00+00:00\" \/>\n<meta property=\"article:modified_time\" content=\"2025-04-16T09:52:42+00:00\" \/>\n<meta property=\"og:image\" content=\"https:\/\/ohme-ev.com\/be-fr\/wp-content\/uploads\/sites\/19\/2025\/02\/greener-grid.webp\" \/>\n\t<meta property=\"og:image:width\" content=\"1101\" \/>\n\t<meta property=\"og:image:height\" content=\"734\" \/>\n\t<meta property=\"og:image:type\" content=\"image\/webp\" \/>\n<meta name=\"author\" content=\"valeriegorreuxohme\" \/>\n<meta name=\"twitter:card\" content=\"summary_large_image\" \/>\n<meta name=\"twitter:creator\" content=\"@ohmeev\" \/>\n<meta name=\"twitter:site\" content=\"@ohmeev\" \/>\n<meta name=\"twitter:label1\" content=\"Written by\" \/>\n\t<meta name=\"twitter:data1\" content=\"valeriegorreuxohme\" \/>\n\t<meta name=\"twitter:label2\" content=\"Est. reading time\" \/>\n\t<meta name=\"twitter:data2\" content=\"4 minutes\" \/>\n<script type=\"application\/ld+json\" class=\"yoast-schema-graph\">{\"@context\":\"https:\\\/\\\/schema.org\",\"@graph\":[{\"@type\":\"Article\",\"@id\":\"https:\\\/\\\/ohme-ev.com\\\/be-fr\\\/blog\\\/contribuer-a-un-reseau-electrique-plus-vert-avec-ohme\\\/#article\",\"isPartOf\":{\"@id\":\"https:\\\/\\\/ohme-ev.com\\\/be-fr\\\/blog\\\/contribuer-a-un-reseau-electrique-plus-vert-avec-ohme\\\/\"},\"author\":{\"name\":\"valeriegorreuxohme\",\"@id\":\"https:\\\/\\\/ohme-ev.com\\\/be-fr\\\/#\\\/schema\\\/person\\\/b4478ff0694f01efc51e3e764f50479e\"},\"headline\":\"Contribuer \u00e0 un r\u00e9seau \u00e9lectrique plus vert, avec Ohme !\",\"datePublished\":\"2025-02-25T09:00:00+00:00\",\"dateModified\":\"2025-04-16T09:52:42+00:00\",\"mainEntityOfPage\":{\"@id\":\"https:\\\/\\\/ohme-ev.com\\\/be-fr\\\/blog\\\/contribuer-a-un-reseau-electrique-plus-vert-avec-ohme\\\/\"},\"wordCount\":713,\"commentCount\":0,\"image\":{\"@id\":\"https:\\\/\\\/ohme-ev.com\\\/be-fr\\\/blog\\\/contribuer-a-un-reseau-electrique-plus-vert-avec-ohme\\\/#primaryimage\"},\"thumbnailUrl\":\"https:\\\/\\\/ohme-ev.com\\\/be-fr\\\/wp-content\\\/uploads\\\/sites\\\/19\\\/2025\\\/02\\\/greener-grid.webp\",\"keywords\":[\"Conducteurs de VE\",\"Durabilit\u00e9\",\"Energie\",\"Gestion de Flotte\",\"Recharge Intelligente\"],\"inLanguage\":\"fr-be\",\"potentialAction\":[{\"@type\":\"CommentAction\",\"name\":\"Comment\",\"target\":[\"https:\\\/\\\/ohme-ev.com\\\/be-fr\\\/blog\\\/contribuer-a-un-reseau-electrique-plus-vert-avec-ohme\\\/#respond\"]}]},{\"@type\":\"WebPage\",\"@id\":\"https:\\\/\\\/ohme-ev.com\\\/be-fr\\\/blog\\\/contribuer-a-un-reseau-electrique-plus-vert-avec-ohme\\\/\",\"url\":\"https:\\\/\\\/ohme-ev.com\\\/be-fr\\\/blog\\\/contribuer-a-un-reseau-electrique-plus-vert-avec-ohme\\\/\",\"name\":\"Contribuer \u00e0 un r\u00e9seau \u00e9lectrique plus vert, avec Ohme ! - Ohme EV Belgique\",\"isPartOf\":{\"@id\":\"https:\\\/\\\/ohme-ev.com\\\/be-fr\\\/#website\"},\"primaryImageOfPage\":{\"@id\":\"https:\\\/\\\/ohme-ev.com\\\/be-fr\\\/blog\\\/contribuer-a-un-reseau-electrique-plus-vert-avec-ohme\\\/#primaryimage\"},\"image\":{\"@id\":\"https:\\\/\\\/ohme-ev.com\\\/be-fr\\\/blog\\\/contribuer-a-un-reseau-electrique-plus-vert-avec-ohme\\\/#primaryimage\"},\"thumbnailUrl\":\"https:\\\/\\\/ohme-ev.com\\\/be-fr\\\/wp-content\\\/uploads\\\/sites\\\/19\\\/2025\\\/02\\\/greener-grid.webp\",\"datePublished\":\"2025-02-25T09:00:00+00:00\",\"dateModified\":\"2025-04-16T09:52:42+00:00\",\"author\":{\"@id\":\"https:\\\/\\\/ohme-ev.com\\\/be-fr\\\/#\\\/schema\\\/person\\\/b4478ff0694f01efc51e3e764f50479e\"},\"description\":\"De slimme laders van Ohme helpen het net te balanceren en zorgen zo mee voor een groener \u00e9n betaalbaarder elektriciteitsnetwerk!\",\"breadcrumb\":{\"@id\":\"https:\\\/\\\/ohme-ev.com\\\/be-fr\\\/blog\\\/contribuer-a-un-reseau-electrique-plus-vert-avec-ohme\\\/#breadcrumb\"},\"inLanguage\":\"fr-be\",\"potentialAction\":[{\"@type\":\"ReadAction\",\"target\":[\"https:\\\/\\\/ohme-ev.com\\\/be-fr\\\/blog\\\/contribuer-a-un-reseau-electrique-plus-vert-avec-ohme\\\/\"]}]},{\"@type\":\"ImageObject\",\"inLanguage\":\"fr-be\",\"@id\":\"https:\\\/\\\/ohme-ev.com\\\/be-fr\\\/blog\\\/contribuer-a-un-reseau-electrique-plus-vert-avec-ohme\\\/#primaryimage\",\"url\":\"https:\\\/\\\/ohme-ev.com\\\/be-fr\\\/wp-content\\\/uploads\\\/sites\\\/19\\\/2025\\\/02\\\/greener-grid.webp\",\"contentUrl\":\"https:\\\/\\\/ohme-ev.com\\\/be-fr\\\/wp-content\\\/uploads\\\/sites\\\/19\\\/2025\\\/02\\\/greener-grid.webp\",\"width\":1101,\"height\":734},{\"@type\":\"BreadcrumbList\",\"@id\":\"https:\\\/\\\/ohme-ev.com\\\/be-fr\\\/blog\\\/contribuer-a-un-reseau-electrique-plus-vert-avec-ohme\\\/#breadcrumb\",\"itemListElement\":[{\"@type\":\"ListItem\",\"position\":1,\"name\":\"Home\",\"item\":\"https:\\\/\\\/ohme-ev.com\\\/be-fr\\\/\"},{\"@type\":\"ListItem\",\"position\":2,\"name\":\"Contribuer \u00e0 un r\u00e9seau \u00e9lectrique plus vert, avec Ohme !\"}]},{\"@type\":\"WebSite\",\"@id\":\"https:\\\/\\\/ohme-ev.com\\\/be-fr\\\/#website\",\"url\":\"https:\\\/\\\/ohme-ev.com\\\/be-fr\\\/\",\"name\":\"Ohme EV Belgique\",\"description\":\"Ohme - EV Smart Charging Solutions\",\"potentialAction\":[{\"@type\":\"SearchAction\",\"target\":{\"@type\":\"EntryPoint\",\"urlTemplate\":\"https:\\\/\\\/ohme-ev.com\\\/be-fr\\\/?s={search_term_string}\"},\"query-input\":{\"@type\":\"PropertyValueSpecification\",\"valueRequired\":true,\"valueName\":\"search_term_string\"}}],\"inLanguage\":\"fr-be\"},{\"@type\":\"Person\",\"@id\":\"https:\\\/\\\/ohme-ev.com\\\/be-fr\\\/#\\\/schema\\\/person\\\/b4478ff0694f01efc51e3e764f50479e\",\"name\":\"valeriegorreuxohme\",\"image\":{\"@type\":\"ImageObject\",\"inLanguage\":\"fr-be\",\"@id\":\"https:\\\/\\\/secure.gravatar.com\\\/avatar\\\/ddbf9325682bfe44e0270f90fc3c1854e9c9ac44d53a3da42eae8b835996a4f7?s=96&d=mm&r=g\",\"url\":\"https:\\\/\\\/secure.gravatar.com\\\/avatar\\\/ddbf9325682bfe44e0270f90fc3c1854e9c9ac44d53a3da42eae8b835996a4f7?s=96&d=mm&r=g\",\"contentUrl\":\"https:\\\/\\\/secure.gravatar.com\\\/avatar\\\/ddbf9325682bfe44e0270f90fc3c1854e9c9ac44d53a3da42eae8b835996a4f7?s=96&d=mm&r=g\",\"caption\":\"valeriegorreuxohme\"}}]}<\/script>\n<!-- \/ Yoast SEO Premium plugin. -->","yoast_head_json":{"title":"Contribuer \u00e0 un r\u00e9seau \u00e9lectrique plus vert, avec Ohme ! - Ohme EV Belgique","description":"De slimme laders van Ohme helpen het net te balanceren en zorgen zo mee voor een groener \u00e9n betaalbaarder elektriciteitsnetwerk!","robots":{"index":"index","follow":"follow","max-snippet":"max-snippet:-1","max-image-preview":"max-image-preview:large","max-video-preview":"max-video-preview:-1"},"canonical":"https:\/\/ohme-ev.com\/be-fr\/blog\/contribuer-a-un-reseau-electrique-plus-vert-avec-ohme\/","og_locale":"fr_FR","og_type":"article","og_title":"Contribuer \u00e0 un r\u00e9seau \u00e9lectrique plus vert, avec Ohme !","og_description":"De slimme laders van Ohme helpen het net te balanceren en zorgen zo mee voor een groener \u00e9n betaalbaarder elektriciteitsnetwerk!","og_url":"https:\/\/ohme-ev.com\/be-fr\/blog\/contribuer-a-un-reseau-electrique-plus-vert-avec-ohme\/","og_site_name":"Ohme EV Belgique","article_publisher":"https:\/\/www.facebook.com\/OhmeEV\/","article_published_time":"2025-02-25T09:00:00+00:00","article_modified_time":"2025-04-16T09:52:42+00:00","og_image":[{"width":1101,"height":734,"url":"https:\/\/ohme-ev.com\/be-fr\/wp-content\/uploads\/sites\/19\/2025\/02\/greener-grid.webp","type":"image\/webp"}],"author":"valeriegorreuxohme","twitter_card":"summary_large_image","twitter_creator":"@ohmeev","twitter_site":"@ohmeev","twitter_misc":{"Written by":"valeriegorreuxohme","Est. reading time":"4 minutes"},"schema":{"@context":"https:\/\/schema.org","@graph":[{"@type":"Article","@id":"https:\/\/ohme-ev.com\/be-fr\/blog\/contribuer-a-un-reseau-electrique-plus-vert-avec-ohme\/#article","isPartOf":{"@id":"https:\/\/ohme-ev.com\/be-fr\/blog\/contribuer-a-un-reseau-electrique-plus-vert-avec-ohme\/"},"author":{"name":"valeriegorreuxohme","@id":"https:\/\/ohme-ev.com\/be-fr\/#\/schema\/person\/b4478ff0694f01efc51e3e764f50479e"},"headline":"Contribuer \u00e0 un r\u00e9seau \u00e9lectrique plus vert, avec Ohme !","datePublished":"2025-02-25T09:00:00+00:00","dateModified":"2025-04-16T09:52:42+00:00","mainEntityOfPage":{"@id":"https:\/\/ohme-ev.com\/be-fr\/blog\/contribuer-a-un-reseau-electrique-plus-vert-avec-ohme\/"},"wordCount":713,"commentCount":0,"image":{"@id":"https:\/\/ohme-ev.com\/be-fr\/blog\/contribuer-a-un-reseau-electrique-plus-vert-avec-ohme\/#primaryimage"},"thumbnailUrl":"https:\/\/ohme-ev.com\/be-fr\/wp-content\/uploads\/sites\/19\/2025\/02\/greener-grid.webp","keywords":["Conducteurs de VE","Durabilit\u00e9","Energie","Gestion de Flotte","Recharge Intelligente"],"inLanguage":"fr-be","potentialAction":[{"@type":"CommentAction","name":"Comment","target":["https:\/\/ohme-ev.com\/be-fr\/blog\/contribuer-a-un-reseau-electrique-plus-vert-avec-ohme\/#respond"]}]},{"@type":"WebPage","@id":"https:\/\/ohme-ev.com\/be-fr\/blog\/contribuer-a-un-reseau-electrique-plus-vert-avec-ohme\/","url":"https:\/\/ohme-ev.com\/be-fr\/blog\/contribuer-a-un-reseau-electrique-plus-vert-avec-ohme\/","name":"Contribuer \u00e0 un r\u00e9seau \u00e9lectrique plus vert, avec Ohme ! - Ohme EV Belgique","isPartOf":{"@id":"https:\/\/ohme-ev.com\/be-fr\/#website"},"primaryImageOfPage":{"@id":"https:\/\/ohme-ev.com\/be-fr\/blog\/contribuer-a-un-reseau-electrique-plus-vert-avec-ohme\/#primaryimage"},"image":{"@id":"https:\/\/ohme-ev.com\/be-fr\/blog\/contribuer-a-un-reseau-electrique-plus-vert-avec-ohme\/#primaryimage"},"thumbnailUrl":"https:\/\/ohme-ev.com\/be-fr\/wp-content\/uploads\/sites\/19\/2025\/02\/greener-grid.webp","datePublished":"2025-02-25T09:00:00+00:00","dateModified":"2025-04-16T09:52:42+00:00","author":{"@id":"https:\/\/ohme-ev.com\/be-fr\/#\/schema\/person\/b4478ff0694f01efc51e3e764f50479e"},"description":"De slimme laders van Ohme helpen het net te balanceren en zorgen zo mee voor een groener \u00e9n betaalbaarder elektriciteitsnetwerk!","breadcrumb":{"@id":"https:\/\/ohme-ev.com\/be-fr\/blog\/contribuer-a-un-reseau-electrique-plus-vert-avec-ohme\/#breadcrumb"},"inLanguage":"fr-be","potentialAction":[{"@type":"ReadAction","target":["https:\/\/ohme-ev.com\/be-fr\/blog\/contribuer-a-un-reseau-electrique-plus-vert-avec-ohme\/"]}]},{"@type":"ImageObject","inLanguage":"fr-be","@id":"https:\/\/ohme-ev.com\/be-fr\/blog\/contribuer-a-un-reseau-electrique-plus-vert-avec-ohme\/#primaryimage","url":"https:\/\/ohme-ev.com\/be-fr\/wp-content\/uploads\/sites\/19\/2025\/02\/greener-grid.webp","contentUrl":"https:\/\/ohme-ev.com\/be-fr\/wp-content\/uploads\/sites\/19\/2025\/02\/greener-grid.webp","width":1101,"height":734},{"@type":"BreadcrumbList","@id":"https:\/\/ohme-ev.com\/be-fr\/blog\/contribuer-a-un-reseau-electrique-plus-vert-avec-ohme\/#breadcrumb","itemListElement":[{"@type":"ListItem","position":1,"name":"Home","item":"https:\/\/ohme-ev.com\/be-fr\/"},{"@type":"ListItem","position":2,"name":"Contribuer \u00e0 un r\u00e9seau \u00e9lectrique plus vert, avec Ohme !"}]},{"@type":"WebSite","@id":"https:\/\/ohme-ev.com\/be-fr\/#website","url":"https:\/\/ohme-ev.com\/be-fr\/","name":"Ohme EV Belgique","description":"Ohme - EV Smart Charging Solutions","potentialAction":[{"@type":"SearchAction","target":{"@type":"EntryPoint","urlTemplate":"https:\/\/ohme-ev.com\/be-fr\/?s={search_term_string}"},"query-input":{"@type":"PropertyValueSpecification","valueRequired":true,"valueName":"search_term_string"}}],"inLanguage":"fr-be"},{"@type":"Person","@id":"https:\/\/ohme-ev.com\/be-fr\/#\/schema\/person\/b4478ff0694f01efc51e3e764f50479e","name":"valeriegorreuxohme","image":{"@type":"ImageObject","inLanguage":"fr-be","@id":"https:\/\/secure.gravatar.com\/avatar\/ddbf9325682bfe44e0270f90fc3c1854e9c9ac44d53a3da42eae8b835996a4f7?s=96&d=mm&r=g","url":"https:\/\/secure.gravatar.com\/avatar\/ddbf9325682bfe44e0270f90fc3c1854e9c9ac44d53a3da42eae8b835996a4f7?s=96&d=mm&r=g","contentUrl":"https:\/\/secure.gravatar.com\/avatar\/ddbf9325682bfe44e0270f90fc3c1854e9c9ac44d53a3da42eae8b835996a4f7?s=96&d=mm&r=g","caption":"valeriegorreuxohme"}}]}},"_links":{"self":[{"href":"https:\/\/ohme-ev.com\/be-fr\/wp-json\/wp\/v2\/posts\/4503","targetHints":{"allow":["GET"]}}],"collection":[{"href":"https:\/\/ohme-ev.com\/be-fr\/wp-json\/wp\/v2\/posts"}],"about":[{"href":"https:\/\/ohme-ev.com\/be-fr\/wp-json\/wp\/v2\/types\/post"}],"author":[{"embeddable":true,"href":"https:\/\/ohme-ev.com\/be-fr\/wp-json\/wp\/v2\/users\/38"}],"replies":[{"embeddable":true,"href":"https:\/\/ohme-ev.com\/be-fr\/wp-json\/wp\/v2\/comments?post=4503"}],"version-history":[{"count":0,"href":"https:\/\/ohme-ev.com\/be-fr\/wp-json\/wp\/v2\/posts\/4503\/revisions"}],"wp:featuredmedia":[{"embeddable":true,"href":"https:\/\/ohme-ev.com\/be-fr\/wp-json\/wp\/v2\/media\/4506"}],"wp:attachment":[{"href":"https:\/\/ohme-ev.com\/be-fr\/wp-json\/wp\/v2\/media?parent=4503"}],"wp:term":[{"taxonomy":"category","embeddable":true,"href":"https:\/\/ohme-ev.com\/be-fr\/wp-json\/wp\/v2\/categories?post=4503"},{"taxonomy":"post_tag","embeddable":true,"href":"https:\/\/ohme-ev.com\/be-fr\/wp-json\/wp\/v2\/tags?post=4503"}],"curies":[{"name":"wp","href":"https:\/\/api.w.org\/{rel}","templated":true}]}}