{"id":4498,"date":"2025-01-29T09:00:00","date_gmt":"2025-01-29T09:00:00","guid":{"rendered":"https:\/\/ohme-ev.com\/be-nl\/?p=3482"},"modified":"2025-04-16T09:03:22","modified_gmt":"2025-04-16T09:03:22","slug":"flexibilite-energetique-qu-est-ce-que-c-est-et-porquoi-c-est-important","status":"publish","type":"post","link":"https:\/\/ohme-ev.com\/be-fr\/blog\/flexibilite-energetique-qu-est-ce-que-c-est-et-porquoi-c-est-important\/","title":{"rendered":"Flexibilit\u00e9 \u00e9nerg\u00e9tique : qu&#8217;est-ce que c&#8217;est et pourquoi est-ce important ?"},"content":{"rendered":"\n<h2 class=\"wp-block-heading\"><strong>Qu&#8217;est-ce que la flexibilit\u00e9 \u00e9nerg\u00e9tique ?<\/strong><\/h2>\n\n\n\n<p>Un syst\u00e8me \u00e9nerg\u00e9tique qui fonctionne bien doit constamment faire correspondre l&#8217;offre (la quantit\u00e9 d&#8217;\u00e9nergie produite) \u00e0 la demande (la quantit\u00e9 d&#8217;\u00e9nergie consomm\u00e9e). C&#8217;est ce qu&#8217;on appelle l&#8217;\u00e9quilibrage \u00e9nerg\u00e9tique. La flexibilit\u00e9 du syst\u00e8me \u00e9nerg\u00e9tique est la mesure dans laquelle le syst\u00e8me peut faire correspondre l&#8217;offre et la demande de mani\u00e8re \u00e0 ce qu&#8217;elles soient toujours \u00e9quilibr\u00e9es.<\/p>\n\n\n\n<p>Le syst\u00e8me \u00e9nerg\u00e9tique a une certaine capacit\u00e9 bas\u00e9e sur la quantit\u00e9 d&#8217;\u00e9nergie produite par toutes les sources disponibles.<\/p>\n\n\n\n<p>Comme vous pouvez le voir sur le graphique ci-dessous, la demande sur le r\u00e9seau \u00e9lectrique n&#8217;est pas toujours constante &#8211; il y a souvent des pics de demande le matin (par exemple, lorsque les gens se r\u00e9veillent, se pr\u00e9parent une tasse de caf\u00e9 et prennent une douche) et des pics le soir (par exemple, lorsque les gens rentrent du travail, commencent \u00e0 cuisiner et allument la t\u00e9l\u00e9vision). Mais il y a aussi des moments o\u00f9 la demande est beaucoup plus faible (comme la nuit, lorsque la plupart des gens dorment).\u202f<\/p>\n\n\n<div class=\"wp-block-image is-style-default\">\n<figure class=\"aligncenter size-full\"><img loading=\"lazy\" decoding=\"async\" width=\"1024\" height=\"578\" src=\"https:\/\/ohme-ev.com\/be-fr\/wp-content\/uploads\/sites\/19\/2025\/01\/Untitled-_8_.webp\" alt=\"\" class=\"wp-image-4499\" srcset=\"https:\/\/ohme-ev.com\/be-fr\/wp-content\/uploads\/sites\/19\/2025\/01\/Untitled-_8_.webp 1024w, https:\/\/ohme-ev.com\/be-fr\/wp-content\/uploads\/sites\/19\/2025\/01\/Untitled-_8_-300x169.webp 300w, https:\/\/ohme-ev.com\/be-fr\/wp-content\/uploads\/sites\/19\/2025\/01\/Untitled-_8_-768x434.webp 768w, https:\/\/ohme-ev.com\/be-fr\/wp-content\/uploads\/sites\/19\/2025\/01\/Untitled-_8_-326x184.webp 326w, https:\/\/ohme-ev.com\/be-fr\/wp-content\/uploads\/sites\/19\/2025\/01\/Untitled-_8_-340x192.webp 340w\" sizes=\"auto, (max-width: 1024px) 100vw, 1024px\" \/><\/figure>\n<\/div>\n\n\n<p>L&#8217;offre doit donc \u00eatre ajust\u00e9e en fonction de ces pics et de ces creux. C&#8217;est relativement facile avec les sources d&#8217;\u00e9nergie conventionnelles, mais pour les sources renouvelables, telles que l&#8217;\u00e9nergie solaire et \u00e9olienne, nous ne pouvons \u00e9videmment pas choisir quand il y a beaucoup d&#8217;\u00e9nergie disponible.<\/p>\n\n\n\n<h2 class=\"wp-block-heading\"><strong>Pourquoi la flexibilit\u00e9 \u00e9nerg\u00e9tique est-elle importante ?<\/strong><\/h2>\n\n\n\n<p>De nombreux facteurs font qu&#8217;il est de plus en plus difficile de produire suffisamment d&#8217;\u00e9nergie pendant les heures de pointe. Il suffit de penser \u00e0 l&#8217;augmentation de la population ou \u00e0 l&#8217;\u00e9lectrification du chauffage et des transports. En misant sur la flexibilit\u00e9, nous n&#8217;avons pas besoin d&#8217;investir dans la production de plus d&#8217;\u00e9nergie, mais nous pouvons allouer la capacit\u00e9 existante de mani\u00e8re plus intelligente. La flexibilit\u00e9 peut donc r\u00e9duire le co\u00fbt de notre syst\u00e8me, ce qui permet \u00e0 chacun d&#8217;entre nous de faire des \u00e9conomies !<\/p>\n\n\n\n<h2 class=\"wp-block-heading\"><strong>Quel est le rapport entre la flexibilit\u00e9 et le \u00ab Net Zero \u00bb ?<\/strong><\/h2>\n\n\n\n<p>L&#8217;expression \u00ab <a href=\"https:\/\/ohme-ev.com\/be-fr\/nos-bornes-de-recharge\/https:\/\/www.un.org\/fr\/climatechange\/net-zero-coalition\">net z\u00e9ro<\/a> \u00bb fait r\u00e9f\u00e9rence \u00e0 l&#8217;\u00e9quilibre entre la quantit\u00e9 de gaz \u00e0 effet de serre produite et la quantit\u00e9 \u00e9limin\u00e9e de l&#8217;atmosph\u00e8re. Ainsi, si nous voulons atteindre le \u00ab Net Zero \u00bb, cela signifie que nous ne pouvons pas \u00e9mettre plus de gaz \u00e0 effet de serre que nous n&#8217;en \u00e9liminons de l&#8217;air.<\/p>\n\n\n\n<p>Si nous voulons atteindre le \u00ab Net Zero \u00bb, nous devons nous assurer que nous devenons moins d\u00e9pendants des combustibles fossiles. Et cela peut bien s\u00fbr se faire en investissant dans les sources d&#8217;\u00e9nergie renouvelables. Mais comme nous l&#8217;avons dit, quels que soient nos efforts, nous ne savons pas exactement quand le soleil brillera ou quand le vent soufflera. Et nous ne pouvons pas non plus choisir le moment o\u00f9 cela se produira. La flexibilit\u00e9 deviendra donc encore plus importante \u00e0 l&#8217;avenir, afin que nous puissions continuer \u00e0 faire correspondre l&#8217;offre et la demande autant qu&#8217;avec des sources d&#8217;\u00e9nergie plus pr\u00e9visibles. Plus d&#8217;\u00e9nergies renouvelables : c&#8217;est \u00e9videmment une bonne nouvelle pour tout le monde ! Et si vous b\u00e9n\u00e9ficiez d&#8217;un tarif dynamique, vous savez d\u00e9j\u00e0 que vous paierez moins cher votre \u00e9lectricit\u00e9 lorsqu&#8217;il y a un surplus disponible (ce qui est souvent le cas lorsqu&#8217;il y a beaucoup de vent ou lorsque le soleil brille). En outre, une plus grande flexibilit\u00e9 du syst\u00e8me r\u00e9duit \u00e9galement la n\u00e9cessit\u00e9 de renforcer le r\u00e9seau \u00e9lectrique. Le r\u00e9sultat ? Une facture d&#8217;\u00e9nergie moins \u00e9lev\u00e9e et un r\u00e9seau \u00e9lectrique plus propre.<\/p>\n\n\n<div class=\"wp-block-image\">\n<figure class=\"aligncenter size-full\"><img decoding=\"async\" src=\"https:\/\/ohme-ev.com\/be-nl\/wp-content\/uploads\/sites\/20\/2025\/01\/net-zero.webp\" alt=\"\" class=\"wp-image-3484\" \/><\/figure>\n<\/div>\n\n\n<h2 class=\"wp-block-heading\"><strong>Quel est le rapport entre mon chargeur Ohme et la flexibilit\u00e9 ?<\/strong><\/h2>\n\n\n\n<p>Nos <a href=\"https:\/\/ohme-ev.com\/be-fr\/nos-bornes-de-recharge\/\">chargeurs intelligents<\/a> peuvent communiquer avec le r\u00e9seau \u00e9lectrique et adapter la consommation de charge de votre v\u00e9hicule \u00e9lectrique aux pics et aux creux de la demande d&#8217;\u00e9lectricit\u00e9. Cela permet d&#8217;\u00e9quilibrer l&#8217;\u00e9nergie et de r\u00e9duire les pics de demande ! Ainsi, avec votre chargeur Ohme, vous contribuez activement \u00e0 l&#8217;\u00e9quilibre de notre r\u00e9seau et \u00e0 une \u00e9lectricit\u00e9 moins ch\u00e8re pour tout le monde, sans avoir \u00e0 faire quoi que ce soit !<\/p>\n\n\n<div id=\"\" class=\"blockWrapper top-default bottom-default   \">\n\n<div class=\"standalone-cta blockWrapper\">\n    <div class=\"contentWrapper\">\n        \n    <\/div>\n<\/div>\n\n<\/div>\n\n\n<div class=\"wp-block-buttons has-custom-font-size has-large-font-size is-content-justification-center is-layout-flex wp-container-core-buttons-is-layout-16018d1d wp-block-buttons-is-layout-flex\">\n<div class=\"wp-block-button\"><a class=\"wp-block-button__link has-white-color has-cyan-bluish-gray-background-color has-text-color has-background has-link-color wp-element-button\" href=\"https:\/\/ohme-ev.com\/be-fr\/nos-bornes-de-recharge\/\">D\u00e9couvrez nos bornes de recharge<\/a><\/div>\n<\/div>\n","protected":false},"excerpt":{"rendered":"<p>Qu&#8217;est-ce que la flexibilit\u00e9 \u00e9nerg\u00e9tique ? Un syst\u00e8me \u00e9nerg\u00e9tique qui fonctionne bien doit constamment faire correspondre l&#8217;offre (la quantit\u00e9 d&#8217;\u00e9nergie produite) \u00e0 la demande (la quantit\u00e9 d&#8217;\u00e9nergie consomm\u00e9e). C&#8217;est ce qu&#8217;on appelle l&#8217;\u00e9quilibrage \u00e9nerg\u00e9tique. La flexibilit\u00e9 du syst\u00e8me \u00e9nerg\u00e9tique est la mesure dans laquelle le syst\u00e8me peut faire correspondre l&#8217;offre et la demande de mani\u00e8re [&hellip;]<\/p>\n","protected":false},"author":38,"featured_media":4500,"comment_status":"open","ping_status":"open","sticky":false,"template":"","format":"standard","meta":{"_acf_changed":false,"_helpful_status":1,"footnotes":""},"categories":[1],"tags":[178,180,181,182,183],"class_list":["post-4498","post","type-post","status-publish","format-standard","has-post-thumbnail","hentry","category-uncategorized","tag-conducteurs-de-ve","tag-durabilite","tag-energie","tag-gestion-de-flotte","tag-installateurs"],"acf":[],"yoast_head":"<!-- This site is optimized with the Yoast SEO Premium plugin v27.5 (Yoast SEO v27.5) - https:\/\/yoast.com\/product\/yoast-seo-premium-wordpress\/ -->\n<title>Flexibilit\u00e9 \u00e9nerg\u00e9tique : qu&#039;est-ce que c&#039;est et pourquoi est-ce important ? - Ohme EV Belgique<\/title>\n<meta name=\"description\" content=\"La flexibilit\u00e9 \u00e9nerg\u00e9tique est d&#039;une importance capitale pour chacun d&#039;entre nous ! D\u00e9couvrez ce qu&#039;elle signifie et comment vous pouvez y contribuer !\" \/>\n<meta name=\"robots\" content=\"index, follow, max-snippet:-1, max-image-preview:large, max-video-preview:-1\" \/>\n<link rel=\"canonical\" href=\"https:\/\/ohme-ev.com\/be-fr\/blog\/flexibilite-energetique-qu-est-ce-que-c-est-et-porquoi-c-est-important\/\" \/>\n<meta property=\"og:locale\" content=\"fr_FR\" \/>\n<meta property=\"og:type\" content=\"article\" \/>\n<meta property=\"og:title\" content=\"Flexibilit\u00e9 \u00e9nerg\u00e9tique : qu&#039;est-ce que c&#039;est et pourquoi est-ce important ?\" \/>\n<meta property=\"og:description\" content=\"La flexibilit\u00e9 \u00e9nerg\u00e9tique est d&#039;une importance capitale pour chacun d&#039;entre nous ! D\u00e9couvrez ce qu&#039;elle signifie et comment vous pouvez y contribuer !\" \/>\n<meta property=\"og:url\" content=\"https:\/\/ohme-ev.com\/be-fr\/blog\/flexibilite-energetique-qu-est-ce-que-c-est-et-porquoi-c-est-important\/\" \/>\n<meta property=\"og:site_name\" content=\"Ohme EV Belgique\" \/>\n<meta property=\"article:publisher\" content=\"https:\/\/www.facebook.com\/OhmeEV\/\" \/>\n<meta property=\"article:published_time\" content=\"2025-01-29T09:00:00+00:00\" \/>\n<meta property=\"article:modified_time\" content=\"2025-04-16T09:03:22+00:00\" \/>\n<meta property=\"og:image\" content=\"https:\/\/ohme-ev.com\/be-fr\/wp-content\/uploads\/sites\/19\/2025\/01\/Untitled-_12_-min.webp\" \/>\n\t<meta property=\"og:image:width\" content=\"1024\" \/>\n\t<meta property=\"og:image:height\" content=\"578\" \/>\n\t<meta property=\"og:image:type\" content=\"image\/webp\" \/>\n<meta name=\"author\" content=\"valeriegorreuxohme\" \/>\n<meta name=\"twitter:card\" content=\"summary_large_image\" \/>\n<meta name=\"twitter:creator\" content=\"@ohmeev\" \/>\n<meta name=\"twitter:site\" content=\"@ohmeev\" \/>\n<meta name=\"twitter:label1\" content=\"Written by\" \/>\n\t<meta name=\"twitter:data1\" content=\"valeriegorreuxohme\" \/>\n\t<meta name=\"twitter:label2\" content=\"Est. reading time\" \/>\n\t<meta name=\"twitter:data2\" content=\"4 minutes\" \/>\n<script type=\"application\/ld+json\" class=\"yoast-schema-graph\">{\"@context\":\"https:\\\/\\\/schema.org\",\"@graph\":[{\"@type\":\"Article\",\"@id\":\"https:\\\/\\\/ohme-ev.com\\\/be-fr\\\/blog\\\/flexibilite-energetique-qu-est-ce-que-c-est-et-porquoi-c-est-important\\\/#article\",\"isPartOf\":{\"@id\":\"https:\\\/\\\/ohme-ev.com\\\/be-fr\\\/blog\\\/flexibilite-energetique-qu-est-ce-que-c-est-et-porquoi-c-est-important\\\/\"},\"author\":{\"name\":\"valeriegorreuxohme\",\"@id\":\"https:\\\/\\\/ohme-ev.com\\\/be-fr\\\/#\\\/schema\\\/person\\\/b4478ff0694f01efc51e3e764f50479e\"},\"headline\":\"Flexibilit\u00e9 \u00e9nerg\u00e9tique : qu&#8217;est-ce que c&#8217;est et pourquoi est-ce important ?\",\"datePublished\":\"2025-01-29T09:00:00+00:00\",\"dateModified\":\"2025-04-16T09:03:22+00:00\",\"mainEntityOfPage\":{\"@id\":\"https:\\\/\\\/ohme-ev.com\\\/be-fr\\\/blog\\\/flexibilite-energetique-qu-est-ce-que-c-est-et-porquoi-c-est-important\\\/\"},\"wordCount\":726,\"commentCount\":0,\"image\":{\"@id\":\"https:\\\/\\\/ohme-ev.com\\\/be-fr\\\/blog\\\/flexibilite-energetique-qu-est-ce-que-c-est-et-porquoi-c-est-important\\\/#primaryimage\"},\"thumbnailUrl\":\"https:\\\/\\\/ohme-ev.com\\\/be-fr\\\/wp-content\\\/uploads\\\/sites\\\/19\\\/2025\\\/01\\\/Untitled-_12_-min.webp\",\"keywords\":[\"Conducteurs de VE\",\"Durabilit\u00e9\",\"Energie\",\"Gestion de Flotte\",\"Installateurs\"],\"inLanguage\":\"fr-be\",\"potentialAction\":[{\"@type\":\"CommentAction\",\"name\":\"Comment\",\"target\":[\"https:\\\/\\\/ohme-ev.com\\\/be-fr\\\/blog\\\/flexibilite-energetique-qu-est-ce-que-c-est-et-porquoi-c-est-important\\\/#respond\"]}]},{\"@type\":\"WebPage\",\"@id\":\"https:\\\/\\\/ohme-ev.com\\\/be-fr\\\/blog\\\/flexibilite-energetique-qu-est-ce-que-c-est-et-porquoi-c-est-important\\\/\",\"url\":\"https:\\\/\\\/ohme-ev.com\\\/be-fr\\\/blog\\\/flexibilite-energetique-qu-est-ce-que-c-est-et-porquoi-c-est-important\\\/\",\"name\":\"Flexibilit\u00e9 \u00e9nerg\u00e9tique : qu'est-ce que c'est et pourquoi est-ce important ? - Ohme EV Belgique\",\"isPartOf\":{\"@id\":\"https:\\\/\\\/ohme-ev.com\\\/be-fr\\\/#website\"},\"primaryImageOfPage\":{\"@id\":\"https:\\\/\\\/ohme-ev.com\\\/be-fr\\\/blog\\\/flexibilite-energetique-qu-est-ce-que-c-est-et-porquoi-c-est-important\\\/#primaryimage\"},\"image\":{\"@id\":\"https:\\\/\\\/ohme-ev.com\\\/be-fr\\\/blog\\\/flexibilite-energetique-qu-est-ce-que-c-est-et-porquoi-c-est-important\\\/#primaryimage\"},\"thumbnailUrl\":\"https:\\\/\\\/ohme-ev.com\\\/be-fr\\\/wp-content\\\/uploads\\\/sites\\\/19\\\/2025\\\/01\\\/Untitled-_12_-min.webp\",\"datePublished\":\"2025-01-29T09:00:00+00:00\",\"dateModified\":\"2025-04-16T09:03:22+00:00\",\"author\":{\"@id\":\"https:\\\/\\\/ohme-ev.com\\\/be-fr\\\/#\\\/schema\\\/person\\\/b4478ff0694f01efc51e3e764f50479e\"},\"description\":\"La flexibilit\u00e9 \u00e9nerg\u00e9tique est d'une importance capitale pour chacun d'entre nous ! D\u00e9couvrez ce qu'elle signifie et comment vous pouvez y contribuer !\",\"breadcrumb\":{\"@id\":\"https:\\\/\\\/ohme-ev.com\\\/be-fr\\\/blog\\\/flexibilite-energetique-qu-est-ce-que-c-est-et-porquoi-c-est-important\\\/#breadcrumb\"},\"inLanguage\":\"fr-be\",\"potentialAction\":[{\"@type\":\"ReadAction\",\"target\":[\"https:\\\/\\\/ohme-ev.com\\\/be-fr\\\/blog\\\/flexibilite-energetique-qu-est-ce-que-c-est-et-porquoi-c-est-important\\\/\"]}]},{\"@type\":\"ImageObject\",\"inLanguage\":\"fr-be\",\"@id\":\"https:\\\/\\\/ohme-ev.com\\\/be-fr\\\/blog\\\/flexibilite-energetique-qu-est-ce-que-c-est-et-porquoi-c-est-important\\\/#primaryimage\",\"url\":\"https:\\\/\\\/ohme-ev.com\\\/be-fr\\\/wp-content\\\/uploads\\\/sites\\\/19\\\/2025\\\/01\\\/Untitled-_12_-min.webp\",\"contentUrl\":\"https:\\\/\\\/ohme-ev.com\\\/be-fr\\\/wp-content\\\/uploads\\\/sites\\\/19\\\/2025\\\/01\\\/Untitled-_12_-min.webp\",\"width\":1024,\"height\":578},{\"@type\":\"BreadcrumbList\",\"@id\":\"https:\\\/\\\/ohme-ev.com\\\/be-fr\\\/blog\\\/flexibilite-energetique-qu-est-ce-que-c-est-et-porquoi-c-est-important\\\/#breadcrumb\",\"itemListElement\":[{\"@type\":\"ListItem\",\"position\":1,\"name\":\"Home\",\"item\":\"https:\\\/\\\/ohme-ev.com\\\/be-fr\\\/\"},{\"@type\":\"ListItem\",\"position\":2,\"name\":\"Flexibilit\u00e9 \u00e9nerg\u00e9tique : qu&#8217;est-ce que c&#8217;est et pourquoi est-ce important ?\"}]},{\"@type\":\"WebSite\",\"@id\":\"https:\\\/\\\/ohme-ev.com\\\/be-fr\\\/#website\",\"url\":\"https:\\\/\\\/ohme-ev.com\\\/be-fr\\\/\",\"name\":\"Ohme EV Belgique\",\"description\":\"Ohme - EV Smart Charging Solutions\",\"potentialAction\":[{\"@type\":\"SearchAction\",\"target\":{\"@type\":\"EntryPoint\",\"urlTemplate\":\"https:\\\/\\\/ohme-ev.com\\\/be-fr\\\/?s={search_term_string}\"},\"query-input\":{\"@type\":\"PropertyValueSpecification\",\"valueRequired\":true,\"valueName\":\"search_term_string\"}}],\"inLanguage\":\"fr-be\"},{\"@type\":\"Person\",\"@id\":\"https:\\\/\\\/ohme-ev.com\\\/be-fr\\\/#\\\/schema\\\/person\\\/b4478ff0694f01efc51e3e764f50479e\",\"name\":\"valeriegorreuxohme\",\"image\":{\"@type\":\"ImageObject\",\"inLanguage\":\"fr-be\",\"@id\":\"https:\\\/\\\/secure.gravatar.com\\\/avatar\\\/ddbf9325682bfe44e0270f90fc3c1854e9c9ac44d53a3da42eae8b835996a4f7?s=96&d=mm&r=g\",\"url\":\"https:\\\/\\\/secure.gravatar.com\\\/avatar\\\/ddbf9325682bfe44e0270f90fc3c1854e9c9ac44d53a3da42eae8b835996a4f7?s=96&d=mm&r=g\",\"contentUrl\":\"https:\\\/\\\/secure.gravatar.com\\\/avatar\\\/ddbf9325682bfe44e0270f90fc3c1854e9c9ac44d53a3da42eae8b835996a4f7?s=96&d=mm&r=g\",\"caption\":\"valeriegorreuxohme\"}}]}<\/script>\n<!-- \/ Yoast SEO Premium plugin. -->","yoast_head_json":{"title":"Flexibilit\u00e9 \u00e9nerg\u00e9tique : qu'est-ce que c'est et pourquoi est-ce important ? - Ohme EV Belgique","description":"La flexibilit\u00e9 \u00e9nerg\u00e9tique est d'une importance capitale pour chacun d'entre nous ! D\u00e9couvrez ce qu'elle signifie et comment vous pouvez y contribuer !","robots":{"index":"index","follow":"follow","max-snippet":"max-snippet:-1","max-image-preview":"max-image-preview:large","max-video-preview":"max-video-preview:-1"},"canonical":"https:\/\/ohme-ev.com\/be-fr\/blog\/flexibilite-energetique-qu-est-ce-que-c-est-et-porquoi-c-est-important\/","og_locale":"fr_FR","og_type":"article","og_title":"Flexibilit\u00e9 \u00e9nerg\u00e9tique : qu'est-ce que c'est et pourquoi est-ce important ?","og_description":"La flexibilit\u00e9 \u00e9nerg\u00e9tique est d'une importance capitale pour chacun d'entre nous ! D\u00e9couvrez ce qu'elle signifie et comment vous pouvez y contribuer !","og_url":"https:\/\/ohme-ev.com\/be-fr\/blog\/flexibilite-energetique-qu-est-ce-que-c-est-et-porquoi-c-est-important\/","og_site_name":"Ohme EV Belgique","article_publisher":"https:\/\/www.facebook.com\/OhmeEV\/","article_published_time":"2025-01-29T09:00:00+00:00","article_modified_time":"2025-04-16T09:03:22+00:00","og_image":[{"width":1024,"height":578,"url":"https:\/\/ohme-ev.com\/be-fr\/wp-content\/uploads\/sites\/19\/2025\/01\/Untitled-_12_-min.webp","type":"image\/webp"}],"author":"valeriegorreuxohme","twitter_card":"summary_large_image","twitter_creator":"@ohmeev","twitter_site":"@ohmeev","twitter_misc":{"Written by":"valeriegorreuxohme","Est. reading time":"4 minutes"},"schema":{"@context":"https:\/\/schema.org","@graph":[{"@type":"Article","@id":"https:\/\/ohme-ev.com\/be-fr\/blog\/flexibilite-energetique-qu-est-ce-que-c-est-et-porquoi-c-est-important\/#article","isPartOf":{"@id":"https:\/\/ohme-ev.com\/be-fr\/blog\/flexibilite-energetique-qu-est-ce-que-c-est-et-porquoi-c-est-important\/"},"author":{"name":"valeriegorreuxohme","@id":"https:\/\/ohme-ev.com\/be-fr\/#\/schema\/person\/b4478ff0694f01efc51e3e764f50479e"},"headline":"Flexibilit\u00e9 \u00e9nerg\u00e9tique : qu&#8217;est-ce que c&#8217;est et pourquoi est-ce important ?","datePublished":"2025-01-29T09:00:00+00:00","dateModified":"2025-04-16T09:03:22+00:00","mainEntityOfPage":{"@id":"https:\/\/ohme-ev.com\/be-fr\/blog\/flexibilite-energetique-qu-est-ce-que-c-est-et-porquoi-c-est-important\/"},"wordCount":726,"commentCount":0,"image":{"@id":"https:\/\/ohme-ev.com\/be-fr\/blog\/flexibilite-energetique-qu-est-ce-que-c-est-et-porquoi-c-est-important\/#primaryimage"},"thumbnailUrl":"https:\/\/ohme-ev.com\/be-fr\/wp-content\/uploads\/sites\/19\/2025\/01\/Untitled-_12_-min.webp","keywords":["Conducteurs de VE","Durabilit\u00e9","Energie","Gestion de Flotte","Installateurs"],"inLanguage":"fr-be","potentialAction":[{"@type":"CommentAction","name":"Comment","target":["https:\/\/ohme-ev.com\/be-fr\/blog\/flexibilite-energetique-qu-est-ce-que-c-est-et-porquoi-c-est-important\/#respond"]}]},{"@type":"WebPage","@id":"https:\/\/ohme-ev.com\/be-fr\/blog\/flexibilite-energetique-qu-est-ce-que-c-est-et-porquoi-c-est-important\/","url":"https:\/\/ohme-ev.com\/be-fr\/blog\/flexibilite-energetique-qu-est-ce-que-c-est-et-porquoi-c-est-important\/","name":"Flexibilit\u00e9 \u00e9nerg\u00e9tique : qu'est-ce que c'est et pourquoi est-ce important ? - Ohme EV Belgique","isPartOf":{"@id":"https:\/\/ohme-ev.com\/be-fr\/#website"},"primaryImageOfPage":{"@id":"https:\/\/ohme-ev.com\/be-fr\/blog\/flexibilite-energetique-qu-est-ce-que-c-est-et-porquoi-c-est-important\/#primaryimage"},"image":{"@id":"https:\/\/ohme-ev.com\/be-fr\/blog\/flexibilite-energetique-qu-est-ce-que-c-est-et-porquoi-c-est-important\/#primaryimage"},"thumbnailUrl":"https:\/\/ohme-ev.com\/be-fr\/wp-content\/uploads\/sites\/19\/2025\/01\/Untitled-_12_-min.webp","datePublished":"2025-01-29T09:00:00+00:00","dateModified":"2025-04-16T09:03:22+00:00","author":{"@id":"https:\/\/ohme-ev.com\/be-fr\/#\/schema\/person\/b4478ff0694f01efc51e3e764f50479e"},"description":"La flexibilit\u00e9 \u00e9nerg\u00e9tique est d'une importance capitale pour chacun d'entre nous ! D\u00e9couvrez ce qu'elle signifie et comment vous pouvez y contribuer !","breadcrumb":{"@id":"https:\/\/ohme-ev.com\/be-fr\/blog\/flexibilite-energetique-qu-est-ce-que-c-est-et-porquoi-c-est-important\/#breadcrumb"},"inLanguage":"fr-be","potentialAction":[{"@type":"ReadAction","target":["https:\/\/ohme-ev.com\/be-fr\/blog\/flexibilite-energetique-qu-est-ce-que-c-est-et-porquoi-c-est-important\/"]}]},{"@type":"ImageObject","inLanguage":"fr-be","@id":"https:\/\/ohme-ev.com\/be-fr\/blog\/flexibilite-energetique-qu-est-ce-que-c-est-et-porquoi-c-est-important\/#primaryimage","url":"https:\/\/ohme-ev.com\/be-fr\/wp-content\/uploads\/sites\/19\/2025\/01\/Untitled-_12_-min.webp","contentUrl":"https:\/\/ohme-ev.com\/be-fr\/wp-content\/uploads\/sites\/19\/2025\/01\/Untitled-_12_-min.webp","width":1024,"height":578},{"@type":"BreadcrumbList","@id":"https:\/\/ohme-ev.com\/be-fr\/blog\/flexibilite-energetique-qu-est-ce-que-c-est-et-porquoi-c-est-important\/#breadcrumb","itemListElement":[{"@type":"ListItem","position":1,"name":"Home","item":"https:\/\/ohme-ev.com\/be-fr\/"},{"@type":"ListItem","position":2,"name":"Flexibilit\u00e9 \u00e9nerg\u00e9tique : qu&#8217;est-ce que c&#8217;est et pourquoi est-ce important ?"}]},{"@type":"WebSite","@id":"https:\/\/ohme-ev.com\/be-fr\/#website","url":"https:\/\/ohme-ev.com\/be-fr\/","name":"Ohme EV Belgique","description":"Ohme - EV Smart Charging Solutions","potentialAction":[{"@type":"SearchAction","target":{"@type":"EntryPoint","urlTemplate":"https:\/\/ohme-ev.com\/be-fr\/?s={search_term_string}"},"query-input":{"@type":"PropertyValueSpecification","valueRequired":true,"valueName":"search_term_string"}}],"inLanguage":"fr-be"},{"@type":"Person","@id":"https:\/\/ohme-ev.com\/be-fr\/#\/schema\/person\/b4478ff0694f01efc51e3e764f50479e","name":"valeriegorreuxohme","image":{"@type":"ImageObject","inLanguage":"fr-be","@id":"https:\/\/secure.gravatar.com\/avatar\/ddbf9325682bfe44e0270f90fc3c1854e9c9ac44d53a3da42eae8b835996a4f7?s=96&d=mm&r=g","url":"https:\/\/secure.gravatar.com\/avatar\/ddbf9325682bfe44e0270f90fc3c1854e9c9ac44d53a3da42eae8b835996a4f7?s=96&d=mm&r=g","contentUrl":"https:\/\/secure.gravatar.com\/avatar\/ddbf9325682bfe44e0270f90fc3c1854e9c9ac44d53a3da42eae8b835996a4f7?s=96&d=mm&r=g","caption":"valeriegorreuxohme"}}]}},"_links":{"self":[{"href":"https:\/\/ohme-ev.com\/be-fr\/wp-json\/wp\/v2\/posts\/4498","targetHints":{"allow":["GET"]}}],"collection":[{"href":"https:\/\/ohme-ev.com\/be-fr\/wp-json\/wp\/v2\/posts"}],"about":[{"href":"https:\/\/ohme-ev.com\/be-fr\/wp-json\/wp\/v2\/types\/post"}],"author":[{"embeddable":true,"href":"https:\/\/ohme-ev.com\/be-fr\/wp-json\/wp\/v2\/users\/38"}],"replies":[{"embeddable":true,"href":"https:\/\/ohme-ev.com\/be-fr\/wp-json\/wp\/v2\/comments?post=4498"}],"version-history":[{"count":0,"href":"https:\/\/ohme-ev.com\/be-fr\/wp-json\/wp\/v2\/posts\/4498\/revisions"}],"wp:featuredmedia":[{"embeddable":true,"href":"https:\/\/ohme-ev.com\/be-fr\/wp-json\/wp\/v2\/media\/4500"}],"wp:attachment":[{"href":"https:\/\/ohme-ev.com\/be-fr\/wp-json\/wp\/v2\/media?parent=4498"}],"wp:term":[{"taxonomy":"category","embeddable":true,"href":"https:\/\/ohme-ev.com\/be-fr\/wp-json\/wp\/v2\/categories?post=4498"},{"taxonomy":"post_tag","embeddable":true,"href":"https:\/\/ohme-ev.com\/be-fr\/wp-json\/wp\/v2\/tags?post=4498"}],"curies":[{"name":"wp","href":"https:\/\/api.w.org\/{rel}","templated":true}]}}