{"id":44502,"date":"2026-03-26T16:15:00","date_gmt":"2026-03-26T16:15:00","guid":{"rendered":"https:\/\/ohme-ev.com\/be-nl\/?p=44532"},"modified":"2026-03-16T17:06:12","modified_gmt":"2026-03-16T17:06:12","slug":"blog-vehicule-electrique-printemps-recharge-autonomie-consommation","status":"publish","type":"post","link":"https:\/\/ohme-ev.com\/be-fr\/blog\/blog-vehicule-electrique-printemps-recharge-autonomie-consommation\/","title":{"rendered":"Passer au printemps avec votre v\u00e9hicule \u00e9lectrique : 6 conseils pratiques sur la recharge, l\u2019autonomie et la consommation"},"content":{"rendered":"\n<p>Pour beaucoup de conducteurs de v\u00e9hicules \u00e9lectriques, le printemps est une p\u00e9riode agr\u00e9able. Les temp\u00e9ratures deviennent plus douces, les journ\u00e9es s\u2019allongent, et votre voiture \u00e9lectrique peut donner une sensation diff\u00e9rente de celle de l\u2019hiver.<\/p>\n\n\n\n<p>Mais qu\u2019est-ce qui change concr\u00e8tement ? Et qu\u2019est-ce que cela signifie pour votre <strong>autonomie<\/strong>, votre <strong>consommation<\/strong> et vos <strong>habitudes de recharge<\/strong> ?<\/p>\n\n\n\n<p>Voici 6 conseils pratiques pour bien aborder la nouvelle saison.<\/p>\n\n\n\n<p><\/p>\n\n\n\n<h2 class=\"wp-block-heading\" id=\"h-1-attendez-vous-a-une-difference-d-autonomie\">1. <strong>Attendez-vous \u00e0 une diff\u00e9rence d\u2019autonomie<\/strong><\/h2>\n\n\n\n<p>En hiver, un v\u00e9hicule \u00e9lectrique consomme souvent plus d\u2019\u00e9nergie. Quand les temp\u00e9ratures remontent, cela peut \u00e9voluer. Beaucoup de conducteurs remarquent qu\u2019au printemps, leur <strong>voiture peut parcourir un peu plus de kilom\u00e8tres avec le m\u00eame niveau de charge<\/strong>.<\/p>\n\n\n\n<p><strong>Conseil :<\/strong> prenez un moment pour revoir la quantit\u00e9 de charge dont vous avez r\u00e9ellement besoin pour vos trajets habituels. Ce qui \u00e9tait logique en hiver ne l\u2019est pas forc\u00e9ment encore aujourd\u2019hui.<\/p>\n\n\n\n<h2 class=\"wp-block-heading\" id=\"h-2-la-recharge-peut-sembler-plus-fluide\">2. <strong>La recharge peut sembler plus fluide<\/strong><\/h2>\n\n\n\n<p>La diff\u00e9rence ne se remarque pas seulement sur la route. <strong>Recharger votre voiture<\/strong> peut aussi sembler plus fluide au printemps que pendant les mois les plus froids.<\/p>\n\n\n\n<p><strong>Conseil :<\/strong> pendant les premi\u00e8res semaines du printemps, observez simplement comment votre voiture se recharge. Cela vous aidera \u00e0 mieux comprendre comment votre v\u00e9hicule r\u00e9agit lorsque les temp\u00e9ratures sont plus douces.<\/p>\n\n\n\n<p><\/p>\n\n\n\n<h2 class=\"wp-block-heading\" id=\"h-3-ne-continuez-pas-automatiquement-a-recharger-comme-en-hiver\">3. <strong>Ne continuez pas automatiquement \u00e0 recharger comme en hiver<\/strong><\/h2>\n\n\n\n<p>En hiver, beaucoup de conducteurs prennent des <strong>habitudes fixes.<\/strong> C\u2019est normal. Mais ces habitudes restent parfois en place alors m\u00eame que la voiture ne r\u00e9agit plus de la m\u00eame mani\u00e8re.<\/p>\n\n\n\n<p><strong>Conseil :<\/strong> demandez-vous si vous avez toujours besoin du m\u00eame niveau de charge qu\u2019il y a quelques mois. De petits ajustements peuvent d\u00e9j\u00e0 suffire pour mieux adapter votre recharge \u00e0 la saison.<\/p>\n\n\n\n<p><\/p>\n\n\n\n<h2 class=\"wp-block-heading\" id=\"h-4-tenez-compte-d-un-rythme-different\"><strong>4. Tenez compte d\u2019un rythme diff\u00e9rent<\/strong><\/h2>\n\n\n\n<p>Le <strong>printemps apporte souvent plus de changements dans votre agenda qu\u2019on ne le pense<\/strong>. Plus de lumi\u00e8re, des jours f\u00e9ri\u00e9s, des vacances scolaires ou davantage d\u2019activit\u00e9s peuvent faire que vous utilisez votre voiture \u00e0 d\u2019autres moments.<\/p>\n\n\n\n<p><strong>Conseil :<\/strong> ne regardez pas uniquement votre routine habituelle. Pensez aussi \u00e0 ce que votre semaine pr\u00e9voit r\u00e9ellement. Cela peut vous aider \u00e0 mieux organiser votre recharge \u00e0 domicile.<\/p>\n\n\n\n<p><\/p>\n\n\n\n<h2 class=\"wp-block-heading\" id=\"h-5-rechargez-a-temps-avant-les-journees-plus-chargees\"><strong>5. Rechargez \u00e0 temps avant les journ\u00e9es plus charg\u00e9es<\/strong><\/h2>\n\n\n\n<p>Il n\u2019est pas n\u00e9cessaire de faire un long trajet pour avoir <strong>besoin de plus de batterie<\/strong>. Une journ\u00e9e avec plusieurs petits d\u00e9placements peut aussi consommer davantage que pr\u00e9vu.<\/p>\n\n\n\n<p><strong>Conseil :<\/strong> si une journ\u00e9e plus charg\u00e9e s\u2019annonce, veillez \u00e0 ce que votre voiture soit recharg\u00e9e \u00e0 temps. Vous \u00e9viterez ainsi de devoir recharger \u00e0 la derni\u00e8re minute.<\/p>\n\n\n\n<p><\/p>\n\n\n\n<h2 class=\"wp-block-heading\" id=\"h-6-profitez-du-printemps-pour-vous-preparer-a-l-ete\"><strong>6. Profitez du printemps pour vous pr\u00e9parer \u00e0 l\u2019\u00e9t\u00e9<\/strong><\/h2>\n\n\n\n<p>Le printemps est une <strong>p\u00e9riode de transition utile<\/strong>. L\u2019hiver est derri\u00e8re vous, mais l\u2019\u00e9t\u00e9, avec ses trajets plus longs et ses d\u00e9parts en vacances, approche souvent rapidement.<\/p>\n\n\n\n<p><strong>Conseil :<\/strong> profitez de cette p\u00e9riode pour retrouver vos rep\u00e8res concernant votre <strong>autonomie<\/strong>, votre <strong>consommation<\/strong> et la quantit\u00e9 de charge dont vous avez r\u00e9ellement besoin au quotidien.<\/p>\n\n\n\n<p><\/p>\n\n\n\n<h2 class=\"wp-block-heading\" id=\"h-qu-est-ce-qui-change-pour-votre-vehicule-electrique-au-printemps\"><strong>Qu\u2019est-ce qui change pour votre v\u00e9hicule \u00e9lectrique au printemps ?<\/strong><\/h2>\n\n\n\n<p>En r\u00e9sum\u00e9 :<\/p>\n\n\n\n<ul class=\"wp-block-list\">\n<li>votre autonomie peut sembler meilleure<\/li>\n\n\n\n<li>la recharge peut para\u00eetre plus fluide<\/li>\n\n\n\n<li>votre consommation peut \u00e9voluer<\/li>\n\n\n\n<li>vos besoins de recharge ne sont pas forc\u00e9ment les m\u00eames qu\u2019en hiver<\/li>\n<\/ul>\n\n\n\n<p>Le printemps est donc un bon moment pour revoir vos <strong>habitudes de recharge<\/strong> et votre <strong>recharge \u00e0 domicile<\/strong>.<\/p>\n\n\n\n<p id=\"h-de-petits-ajustements-peuvent-deja-faire-la-difference\"><strong>De petits ajustements peuvent d\u00e9j\u00e0 faire la diff\u00e9rence<br><\/strong>Pas besoin de tout changer \u00e0 l\u2019arriv\u00e9e du printemps. Mais prendre un moment pour regarder comment votre voiture se comporte aujourd\u2019hui peut vous aider \u00e0 mieux adapter votre recharge \u00e0 vos besoins r\u00e9els.<\/p>\n\n\n\n<p>Vous gardez ainsi une recharge simple, logique et adapt\u00e9e \u00e0 la saison.<\/p>\n","protected":false},"excerpt":{"rendered":"<p>Pour beaucoup de conducteurs de v\u00e9hicules \u00e9lectriques, le printemps est une p\u00e9riode agr\u00e9able. Les temp\u00e9ratures deviennent plus douces, les journ\u00e9es s\u2019allongent, et votre voiture \u00e9lectrique peut donner une sensation diff\u00e9rente de celle de l\u2019hiver. Mais qu\u2019est-ce qui change concr\u00e8tement ? Et qu\u2019est-ce que cela signifie pour votre autonomie, votre consommation et vos habitudes de recharge [&hellip;]<\/p>\n","protected":false},"author":38,"featured_media":44504,"comment_status":"open","ping_status":"open","sticky":false,"template":"","format":"standard","meta":{"_acf_changed":false,"_helpful_status":1,"footnotes":""},"categories":[1],"tags":[],"class_list":["post-44502","post","type-post","status-publish","format-standard","has-post-thumbnail","hentry","category-uncategorized"],"acf":[],"yoast_head":"<!-- This site is optimized with the Yoast SEO Premium plugin v27.5 (Yoast SEO v27.5) - https:\/\/yoast.com\/product\/yoast-seo-premium-wordpress\/ -->\n<title>Passer au printemps avec votre v\u00e9hicule \u00e9lectrique : 6 conseils pratiques sur la recharge, l\u2019autonomie et la consommation - Ohme EV Belgique<\/title>\n<meta name=\"description\" content=\"Que change le printemps pour votre v\u00e9hicule \u00e9lectrique ? D\u00e9couvrez 6 conseils pratiques sur la recharge, l\u2019autonomie, la consommation et la recharge \u00e0 domicile quand les temp\u00e9ratures remontent.\" \/>\n<meta name=\"robots\" content=\"index, follow, max-snippet:-1, max-image-preview:large, max-video-preview:-1\" \/>\n<link rel=\"canonical\" href=\"https:\/\/ohme-ev.com\/be-fr\/blog\/blog-vehicule-electrique-printemps-recharge-autonomie-consommation\/\" \/>\n<meta property=\"og:locale\" content=\"fr_FR\" \/>\n<meta property=\"og:type\" content=\"article\" \/>\n<meta property=\"og:title\" content=\"Passer au printemps avec votre v\u00e9hicule \u00e9lectrique : 6 conseils pratiques sur la recharge, l\u2019autonomie et la consommation\" \/>\n<meta property=\"og:description\" content=\"Que change le printemps pour votre v\u00e9hicule \u00e9lectrique ? D\u00e9couvrez 6 conseils pratiques sur la recharge, l\u2019autonomie, la consommation et la recharge \u00e0 domicile quand les temp\u00e9ratures remontent.\" \/>\n<meta property=\"og:url\" content=\"https:\/\/ohme-ev.com\/be-fr\/blog\/blog-vehicule-electrique-printemps-recharge-autonomie-consommation\/\" \/>\n<meta property=\"og:site_name\" content=\"Ohme EV Belgique\" \/>\n<meta property=\"article:publisher\" content=\"https:\/\/www.facebook.com\/OhmeEV\/\" \/>\n<meta property=\"article:published_time\" content=\"2026-03-26T16:15:00+00:00\" \/>\n<meta property=\"og:image\" content=\"https:\/\/ohme-ev.com\/be-fr\/wp-content\/uploads\/sites\/19\/2026\/03\/spring.webp\" \/>\n\t<meta property=\"og:image:width\" content=\"1304\" \/>\n\t<meta property=\"og:image:height\" content=\"871\" \/>\n\t<meta property=\"og:image:type\" content=\"image\/webp\" \/>\n<meta name=\"author\" content=\"valeriegorreuxohme\" \/>\n<meta name=\"twitter:card\" content=\"summary_large_image\" \/>\n<meta name=\"twitter:creator\" content=\"@ohmeev\" \/>\n<meta name=\"twitter:site\" content=\"@ohmeev\" \/>\n<meta name=\"twitter:label1\" content=\"Written by\" \/>\n\t<meta name=\"twitter:data1\" content=\"valeriegorreuxohme\" \/>\n\t<meta name=\"twitter:label2\" content=\"Est. reading time\" \/>\n\t<meta name=\"twitter:data2\" content=\"3 minutes\" \/>\n<script type=\"application\/ld+json\" class=\"yoast-schema-graph\">{\"@context\":\"https:\\\/\\\/schema.org\",\"@graph\":[{\"@type\":\"Article\",\"@id\":\"https:\\\/\\\/ohme-ev.com\\\/be-fr\\\/blog\\\/blog-vehicule-electrique-printemps-recharge-autonomie-consommation\\\/#article\",\"isPartOf\":{\"@id\":\"https:\\\/\\\/ohme-ev.com\\\/be-fr\\\/blog\\\/blog-vehicule-electrique-printemps-recharge-autonomie-consommation\\\/\"},\"author\":{\"name\":\"valeriegorreuxohme\",\"@id\":\"https:\\\/\\\/ohme-ev.com\\\/be-fr\\\/#\\\/schema\\\/person\\\/b4478ff0694f01efc51e3e764f50479e\"},\"headline\":\"Passer au printemps avec votre v\u00e9hicule \u00e9lectrique : 6 conseils pratiques sur la recharge, l\u2019autonomie et la consommation\",\"datePublished\":\"2026-03-26T16:15:00+00:00\",\"mainEntityOfPage\":{\"@id\":\"https:\\\/\\\/ohme-ev.com\\\/be-fr\\\/blog\\\/blog-vehicule-electrique-printemps-recharge-autonomie-consommation\\\/\"},\"wordCount\":654,\"commentCount\":0,\"image\":{\"@id\":\"https:\\\/\\\/ohme-ev.com\\\/be-fr\\\/blog\\\/blog-vehicule-electrique-printemps-recharge-autonomie-consommation\\\/#primaryimage\"},\"thumbnailUrl\":\"https:\\\/\\\/ohme-ev.com\\\/be-fr\\\/wp-content\\\/uploads\\\/sites\\\/19\\\/2026\\\/03\\\/spring.webp\",\"inLanguage\":\"fr-be\",\"potentialAction\":[{\"@type\":\"CommentAction\",\"name\":\"Comment\",\"target\":[\"https:\\\/\\\/ohme-ev.com\\\/be-fr\\\/blog\\\/blog-vehicule-electrique-printemps-recharge-autonomie-consommation\\\/#respond\"]}]},{\"@type\":\"WebPage\",\"@id\":\"https:\\\/\\\/ohme-ev.com\\\/be-fr\\\/blog\\\/blog-vehicule-electrique-printemps-recharge-autonomie-consommation\\\/\",\"url\":\"https:\\\/\\\/ohme-ev.com\\\/be-fr\\\/blog\\\/blog-vehicule-electrique-printemps-recharge-autonomie-consommation\\\/\",\"name\":\"Passer au printemps avec votre v\u00e9hicule \u00e9lectrique : 6 conseils pratiques sur la recharge, l\u2019autonomie et la consommation - Ohme EV Belgique\",\"isPartOf\":{\"@id\":\"https:\\\/\\\/ohme-ev.com\\\/be-fr\\\/#website\"},\"primaryImageOfPage\":{\"@id\":\"https:\\\/\\\/ohme-ev.com\\\/be-fr\\\/blog\\\/blog-vehicule-electrique-printemps-recharge-autonomie-consommation\\\/#primaryimage\"},\"image\":{\"@id\":\"https:\\\/\\\/ohme-ev.com\\\/be-fr\\\/blog\\\/blog-vehicule-electrique-printemps-recharge-autonomie-consommation\\\/#primaryimage\"},\"thumbnailUrl\":\"https:\\\/\\\/ohme-ev.com\\\/be-fr\\\/wp-content\\\/uploads\\\/sites\\\/19\\\/2026\\\/03\\\/spring.webp\",\"datePublished\":\"2026-03-26T16:15:00+00:00\",\"author\":{\"@id\":\"https:\\\/\\\/ohme-ev.com\\\/be-fr\\\/#\\\/schema\\\/person\\\/b4478ff0694f01efc51e3e764f50479e\"},\"description\":\"Que change le printemps pour votre v\u00e9hicule \u00e9lectrique ? D\u00e9couvrez 6 conseils pratiques sur la recharge, l\u2019autonomie, la consommation et la recharge \u00e0 domicile quand les temp\u00e9ratures remontent.\",\"breadcrumb\":{\"@id\":\"https:\\\/\\\/ohme-ev.com\\\/be-fr\\\/blog\\\/blog-vehicule-electrique-printemps-recharge-autonomie-consommation\\\/#breadcrumb\"},\"inLanguage\":\"fr-be\",\"potentialAction\":[{\"@type\":\"ReadAction\",\"target\":[\"https:\\\/\\\/ohme-ev.com\\\/be-fr\\\/blog\\\/blog-vehicule-electrique-printemps-recharge-autonomie-consommation\\\/\"]}]},{\"@type\":\"ImageObject\",\"inLanguage\":\"fr-be\",\"@id\":\"https:\\\/\\\/ohme-ev.com\\\/be-fr\\\/blog\\\/blog-vehicule-electrique-printemps-recharge-autonomie-consommation\\\/#primaryimage\",\"url\":\"https:\\\/\\\/ohme-ev.com\\\/be-fr\\\/wp-content\\\/uploads\\\/sites\\\/19\\\/2026\\\/03\\\/spring.webp\",\"contentUrl\":\"https:\\\/\\\/ohme-ev.com\\\/be-fr\\\/wp-content\\\/uploads\\\/sites\\\/19\\\/2026\\\/03\\\/spring.webp\",\"width\":1304,\"height\":871},{\"@type\":\"BreadcrumbList\",\"@id\":\"https:\\\/\\\/ohme-ev.com\\\/be-fr\\\/blog\\\/blog-vehicule-electrique-printemps-recharge-autonomie-consommation\\\/#breadcrumb\",\"itemListElement\":[{\"@type\":\"ListItem\",\"position\":1,\"name\":\"Home\",\"item\":\"https:\\\/\\\/ohme-ev.com\\\/be-fr\\\/\"},{\"@type\":\"ListItem\",\"position\":2,\"name\":\"Passer au printemps avec votre v\u00e9hicule \u00e9lectrique : 6 conseils pratiques sur la recharge, l\u2019autonomie et la consommation\"}]},{\"@type\":\"WebSite\",\"@id\":\"https:\\\/\\\/ohme-ev.com\\\/be-fr\\\/#website\",\"url\":\"https:\\\/\\\/ohme-ev.com\\\/be-fr\\\/\",\"name\":\"Ohme EV Belgique\",\"description\":\"Ohme - EV Smart Charging Solutions\",\"potentialAction\":[{\"@type\":\"SearchAction\",\"target\":{\"@type\":\"EntryPoint\",\"urlTemplate\":\"https:\\\/\\\/ohme-ev.com\\\/be-fr\\\/?s={search_term_string}\"},\"query-input\":{\"@type\":\"PropertyValueSpecification\",\"valueRequired\":true,\"valueName\":\"search_term_string\"}}],\"inLanguage\":\"fr-be\"},{\"@type\":\"Person\",\"@id\":\"https:\\\/\\\/ohme-ev.com\\\/be-fr\\\/#\\\/schema\\\/person\\\/b4478ff0694f01efc51e3e764f50479e\",\"name\":\"valeriegorreuxohme\",\"image\":{\"@type\":\"ImageObject\",\"inLanguage\":\"fr-be\",\"@id\":\"https:\\\/\\\/secure.gravatar.com\\\/avatar\\\/ddbf9325682bfe44e0270f90fc3c1854e9c9ac44d53a3da42eae8b835996a4f7?s=96&d=mm&r=g\",\"url\":\"https:\\\/\\\/secure.gravatar.com\\\/avatar\\\/ddbf9325682bfe44e0270f90fc3c1854e9c9ac44d53a3da42eae8b835996a4f7?s=96&d=mm&r=g\",\"contentUrl\":\"https:\\\/\\\/secure.gravatar.com\\\/avatar\\\/ddbf9325682bfe44e0270f90fc3c1854e9c9ac44d53a3da42eae8b835996a4f7?s=96&d=mm&r=g\",\"caption\":\"valeriegorreuxohme\"}}]}<\/script>\n<!-- \/ Yoast SEO Premium plugin. -->","yoast_head_json":{"title":"Passer au printemps avec votre v\u00e9hicule \u00e9lectrique : 6 conseils pratiques sur la recharge, l\u2019autonomie et la consommation - Ohme EV Belgique","description":"Que change le printemps pour votre v\u00e9hicule \u00e9lectrique ? D\u00e9couvrez 6 conseils pratiques sur la recharge, l\u2019autonomie, la consommation et la recharge \u00e0 domicile quand les temp\u00e9ratures remontent.","robots":{"index":"index","follow":"follow","max-snippet":"max-snippet:-1","max-image-preview":"max-image-preview:large","max-video-preview":"max-video-preview:-1"},"canonical":"https:\/\/ohme-ev.com\/be-fr\/blog\/blog-vehicule-electrique-printemps-recharge-autonomie-consommation\/","og_locale":"fr_FR","og_type":"article","og_title":"Passer au printemps avec votre v\u00e9hicule \u00e9lectrique : 6 conseils pratiques sur la recharge, l\u2019autonomie et la consommation","og_description":"Que change le printemps pour votre v\u00e9hicule \u00e9lectrique ? D\u00e9couvrez 6 conseils pratiques sur la recharge, l\u2019autonomie, la consommation et la recharge \u00e0 domicile quand les temp\u00e9ratures remontent.","og_url":"https:\/\/ohme-ev.com\/be-fr\/blog\/blog-vehicule-electrique-printemps-recharge-autonomie-consommation\/","og_site_name":"Ohme EV Belgique","article_publisher":"https:\/\/www.facebook.com\/OhmeEV\/","article_published_time":"2026-03-26T16:15:00+00:00","og_image":[{"width":1304,"height":871,"url":"https:\/\/ohme-ev.com\/be-fr\/wp-content\/uploads\/sites\/19\/2026\/03\/spring.webp","type":"image\/webp"}],"author":"valeriegorreuxohme","twitter_card":"summary_large_image","twitter_creator":"@ohmeev","twitter_site":"@ohmeev","twitter_misc":{"Written by":"valeriegorreuxohme","Est. reading time":"3 minutes"},"schema":{"@context":"https:\/\/schema.org","@graph":[{"@type":"Article","@id":"https:\/\/ohme-ev.com\/be-fr\/blog\/blog-vehicule-electrique-printemps-recharge-autonomie-consommation\/#article","isPartOf":{"@id":"https:\/\/ohme-ev.com\/be-fr\/blog\/blog-vehicule-electrique-printemps-recharge-autonomie-consommation\/"},"author":{"name":"valeriegorreuxohme","@id":"https:\/\/ohme-ev.com\/be-fr\/#\/schema\/person\/b4478ff0694f01efc51e3e764f50479e"},"headline":"Passer au printemps avec votre v\u00e9hicule \u00e9lectrique : 6 conseils pratiques sur la recharge, l\u2019autonomie et la consommation","datePublished":"2026-03-26T16:15:00+00:00","mainEntityOfPage":{"@id":"https:\/\/ohme-ev.com\/be-fr\/blog\/blog-vehicule-electrique-printemps-recharge-autonomie-consommation\/"},"wordCount":654,"commentCount":0,"image":{"@id":"https:\/\/ohme-ev.com\/be-fr\/blog\/blog-vehicule-electrique-printemps-recharge-autonomie-consommation\/#primaryimage"},"thumbnailUrl":"https:\/\/ohme-ev.com\/be-fr\/wp-content\/uploads\/sites\/19\/2026\/03\/spring.webp","inLanguage":"fr-be","potentialAction":[{"@type":"CommentAction","name":"Comment","target":["https:\/\/ohme-ev.com\/be-fr\/blog\/blog-vehicule-electrique-printemps-recharge-autonomie-consommation\/#respond"]}]},{"@type":"WebPage","@id":"https:\/\/ohme-ev.com\/be-fr\/blog\/blog-vehicule-electrique-printemps-recharge-autonomie-consommation\/","url":"https:\/\/ohme-ev.com\/be-fr\/blog\/blog-vehicule-electrique-printemps-recharge-autonomie-consommation\/","name":"Passer au printemps avec votre v\u00e9hicule \u00e9lectrique : 6 conseils pratiques sur la recharge, l\u2019autonomie et la consommation - Ohme EV Belgique","isPartOf":{"@id":"https:\/\/ohme-ev.com\/be-fr\/#website"},"primaryImageOfPage":{"@id":"https:\/\/ohme-ev.com\/be-fr\/blog\/blog-vehicule-electrique-printemps-recharge-autonomie-consommation\/#primaryimage"},"image":{"@id":"https:\/\/ohme-ev.com\/be-fr\/blog\/blog-vehicule-electrique-printemps-recharge-autonomie-consommation\/#primaryimage"},"thumbnailUrl":"https:\/\/ohme-ev.com\/be-fr\/wp-content\/uploads\/sites\/19\/2026\/03\/spring.webp","datePublished":"2026-03-26T16:15:00+00:00","author":{"@id":"https:\/\/ohme-ev.com\/be-fr\/#\/schema\/person\/b4478ff0694f01efc51e3e764f50479e"},"description":"Que change le printemps pour votre v\u00e9hicule \u00e9lectrique ? D\u00e9couvrez 6 conseils pratiques sur la recharge, l\u2019autonomie, la consommation et la recharge \u00e0 domicile quand les temp\u00e9ratures remontent.","breadcrumb":{"@id":"https:\/\/ohme-ev.com\/be-fr\/blog\/blog-vehicule-electrique-printemps-recharge-autonomie-consommation\/#breadcrumb"},"inLanguage":"fr-be","potentialAction":[{"@type":"ReadAction","target":["https:\/\/ohme-ev.com\/be-fr\/blog\/blog-vehicule-electrique-printemps-recharge-autonomie-consommation\/"]}]},{"@type":"ImageObject","inLanguage":"fr-be","@id":"https:\/\/ohme-ev.com\/be-fr\/blog\/blog-vehicule-electrique-printemps-recharge-autonomie-consommation\/#primaryimage","url":"https:\/\/ohme-ev.com\/be-fr\/wp-content\/uploads\/sites\/19\/2026\/03\/spring.webp","contentUrl":"https:\/\/ohme-ev.com\/be-fr\/wp-content\/uploads\/sites\/19\/2026\/03\/spring.webp","width":1304,"height":871},{"@type":"BreadcrumbList","@id":"https:\/\/ohme-ev.com\/be-fr\/blog\/blog-vehicule-electrique-printemps-recharge-autonomie-consommation\/#breadcrumb","itemListElement":[{"@type":"ListItem","position":1,"name":"Home","item":"https:\/\/ohme-ev.com\/be-fr\/"},{"@type":"ListItem","position":2,"name":"Passer au printemps avec votre v\u00e9hicule \u00e9lectrique : 6 conseils pratiques sur la recharge, l\u2019autonomie et la consommation"}]},{"@type":"WebSite","@id":"https:\/\/ohme-ev.com\/be-fr\/#website","url":"https:\/\/ohme-ev.com\/be-fr\/","name":"Ohme EV Belgique","description":"Ohme - EV Smart Charging Solutions","potentialAction":[{"@type":"SearchAction","target":{"@type":"EntryPoint","urlTemplate":"https:\/\/ohme-ev.com\/be-fr\/?s={search_term_string}"},"query-input":{"@type":"PropertyValueSpecification","valueRequired":true,"valueName":"search_term_string"}}],"inLanguage":"fr-be"},{"@type":"Person","@id":"https:\/\/ohme-ev.com\/be-fr\/#\/schema\/person\/b4478ff0694f01efc51e3e764f50479e","name":"valeriegorreuxohme","image":{"@type":"ImageObject","inLanguage":"fr-be","@id":"https:\/\/secure.gravatar.com\/avatar\/ddbf9325682bfe44e0270f90fc3c1854e9c9ac44d53a3da42eae8b835996a4f7?s=96&d=mm&r=g","url":"https:\/\/secure.gravatar.com\/avatar\/ddbf9325682bfe44e0270f90fc3c1854e9c9ac44d53a3da42eae8b835996a4f7?s=96&d=mm&r=g","contentUrl":"https:\/\/secure.gravatar.com\/avatar\/ddbf9325682bfe44e0270f90fc3c1854e9c9ac44d53a3da42eae8b835996a4f7?s=96&d=mm&r=g","caption":"valeriegorreuxohme"}}]}},"_links":{"self":[{"href":"https:\/\/ohme-ev.com\/be-fr\/wp-json\/wp\/v2\/posts\/44502","targetHints":{"allow":["GET"]}}],"collection":[{"href":"https:\/\/ohme-ev.com\/be-fr\/wp-json\/wp\/v2\/posts"}],"about":[{"href":"https:\/\/ohme-ev.com\/be-fr\/wp-json\/wp\/v2\/types\/post"}],"author":[{"embeddable":true,"href":"https:\/\/ohme-ev.com\/be-fr\/wp-json\/wp\/v2\/users\/38"}],"replies":[{"embeddable":true,"href":"https:\/\/ohme-ev.com\/be-fr\/wp-json\/wp\/v2\/comments?post=44502"}],"version-history":[{"count":0,"href":"https:\/\/ohme-ev.com\/be-fr\/wp-json\/wp\/v2\/posts\/44502\/revisions"}],"wp:featuredmedia":[{"embeddable":true,"href":"https:\/\/ohme-ev.com\/be-fr\/wp-json\/wp\/v2\/media\/44504"}],"wp:attachment":[{"href":"https:\/\/ohme-ev.com\/be-fr\/wp-json\/wp\/v2\/media?parent=44502"}],"wp:term":[{"taxonomy":"category","embeddable":true,"href":"https:\/\/ohme-ev.com\/be-fr\/wp-json\/wp\/v2\/categories?post=44502"},{"taxonomy":"post_tag","embeddable":true,"href":"https:\/\/ohme-ev.com\/be-fr\/wp-json\/wp\/v2\/tags?post=44502"}],"curies":[{"name":"wp","href":"https:\/\/api.w.org\/{rel}","templated":true}]}}