{"id":2973,"date":"2024-11-07T15:39:45","date_gmt":"2024-11-07T15:39:45","guid":{"rendered":"https:\/\/ohme-ev.com\/be-nl\/?p=3201"},"modified":"2025-04-16T10:07:42","modified_gmt":"2025-04-16T10:07:42","slug":"de-ohme-epod","status":"publish","type":"post","link":"https:\/\/ohme-ev.com\/be-fr\/blog\/de-ohme-epod\/","title":{"rendered":"Avez vous rencontr\u00e9&#8230; l\u2019Ohme ePod?"},"content":{"rendered":"\n<p>Bonjour aux amateurs de v\u00e9hicules \u00e9lectriques ! \ud83d\ude97\u26a1<\/p>\n\n\n\n<p>Avez-vous d\u00e9j\u00e0 rencontr\u00e9 notre <a href=\"https:\/\/ohme-ev.com\/be-fr\/produit\/ohme-epod\/\">ePod <\/a>? Non. Alors vous allez vous r\u00e9galer !<\/p>\n\n\n\n<p>Chez Ohme, nous voulons rendre votre exp\u00e9rience de recharge de votre v\u00e9hicule \u00e9lectrique (VE) aussi fluide et intelligente que possible. Et notre ePod ? Il est impatient de mener cette mission \u00e0 bien !<\/p>\n\n\n\n<p><strong>Qu&#8217;est-ce que l&#8217;ePod ?<\/strong><\/p>\n\n\n\n<p>Imaginez une solution de recharge non seulement efficace, mais aussi incroyablement simple d\u2019utilisation. C&#8217;est l&#8217;ePod. Cet station de recharge compact est con\u00e7u pour s&#8217;int\u00e9grer parfaitement \u00e0 vos habitudes. Ce n&#8217;est pas un chargeur comme les autres, c&#8217;est le nouveau meilleur ami de votre v\u00e9hicule \u00e9lectrique.<\/p>\n\n\n\n<figure class=\"wp-block-image size-large\"><img loading=\"lazy\" decoding=\"async\" width=\"903\" height=\"1024\" src=\"https:\/\/ohme-ev.com\/be-fr\/wp-content\/uploads\/sites\/19\/2023\/07\/50x50_ePod-front-light-background_master-1-903x1024.jpg\" alt=\"Front view of an ePod with a light background\" class=\"wp-image-1876\" srcset=\"https:\/\/ohme-ev.com\/be-fr\/wp-content\/uploads\/sites\/19\/2023\/07\/50x50_ePod-front-light-background_master-1-903x1024.jpg 903w, https:\/\/ohme-ev.com\/be-fr\/wp-content\/uploads\/sites\/19\/2023\/07\/50x50_ePod-front-light-background_master-1-265x300.jpg 265w, https:\/\/ohme-ev.com\/be-fr\/wp-content\/uploads\/sites\/19\/2023\/07\/50x50_ePod-front-light-background_master-1-768x870.jpg 768w, https:\/\/ohme-ev.com\/be-fr\/wp-content\/uploads\/sites\/19\/2023\/07\/50x50_ePod-front-light-background_master-1-397x450.jpg 397w, https:\/\/ohme-ev.com\/be-fr\/wp-content\/uploads\/sites\/19\/2023\/07\/50x50_ePod-front-light-background_master-1.jpg 1154w\" sizes=\"auto, (max-width: 903px) 100vw, 903px\" \/><\/figure>\n\n\n\n<p><\/p>\n\n\n\n<p><strong>Pourquoi vous l&#8217;aimerez<\/strong><\/p>\n\n\n\n<p><strong>Chargement intelligent<\/strong><\/p>\n\n\n\n<p><a href=\"https:\/\/ohme-ev.com\/be-fr\/produit\/ohme-epod\/\">L&#8217;ePod <\/a>est dot\u00e9 de fonctions intelligentes qui font de la recharge de votre VE un jeu d&#8217;enfant. Il se connecte \u00e0 l&#8217;application Ohme, ce qui vous permet de contr\u00f4ler enti\u00e8rement votre programme de charge. Vous souhaitez recharger votre v\u00e9hicule lorsque les tarifs d&#8217;\u00e9lectricit\u00e9 sont les plus bas ? Ou quand il y a le plus d&#8217;\u00e9nergie verte disponible? Aucun probl\u00e8me! L&#8217;ePod peut s&#8217;en charger automatiquement, ce qui vous permet d&#8217;\u00e9conomiser de l&#8217;argent et de r\u00e9duire votre empreinte carbone.<\/p>\n\n\n\n<p><strong>Une installation simple<\/strong><\/p>\n\n\n\n<p>Vous avez peur des installations compliqu\u00e9es ? Pas n\u00e9cessaire ! L&#8217;ePod est tr\u00e8s facile \u00e0 installer, vous pouvez donc l&#8217;utiliser en un rien de temps. De plus, notre \u00e9quipe d&#8217;assistance est toujours \u00e0 votre disposition si vous avez besoin d&#8217;aide.<\/p>\n\n\n\n<p><strong>\u00c9l\u00e9gant et durable<\/strong><\/p>\n\n\n\n<p>Qui a dit que l&#8217;aspect pratique ne pouvait pas \u00eatre \u00e9l\u00e9gant ? Le design \u00e9pur\u00e9 de l&#8217;ePod lui donne fi\u00e8re allure, quel que soit l&#8217;endroit o\u00f9 vous l&#8217;installez. De plus, il est con\u00e7u pour durer, avec des mat\u00e9riaux robustes qui r\u00e9sistent aux pires conditions m\u00e9t\u00e9orologiques.<\/p>\n\n\n\n<p><strong>Participez \u00e0 la r\u00e9volution des v\u00e9hicules \u00e9lectriques<\/strong><\/p>\n\n\n\n<p>Chez Ohme, nous sommes passionn\u00e9s par la r\u00e9volution des v\u00e9hicules \u00e9lectriques. L&#8217;ePod n&#8217;est qu&#8217;un des moyens que nous utilisons pour rendre la conduite des VE plus accessible et plus amusante pour tout le monde. Alors, qu&#8217;attendez-vous ? D\u00e9couvrez l&#8217;ePod et passez \u00e0 la vitesse sup\u00e9rieure !<\/p>\n\n\n\n<p>Vous l&#8217;avez compris: l&#8217;ePod est vraiment g\u00e9nial !<\/p>\n\n\n\n<div class=\"wp-block-buttons is-content-justification-center is-layout-flex wp-container-core-buttons-is-layout-16018d1d wp-block-buttons-is-layout-flex\">\n<div class=\"wp-block-button\"><a class=\"wp-block-button__link wp-element-button\" href=\"https:\/\/ohme-ev.com\/be-fr\/produit\/ohme-epod\/\">Mieux conna\u00eetre l&#8217;ePod<\/a><\/div>\n<\/div>\n","protected":false},"excerpt":{"rendered":"<p>Bonjour aux amateurs de v\u00e9hicules \u00e9lectriques ! \ud83d\ude97\u26a1 Avez-vous d\u00e9j\u00e0 rencontr\u00e9 notre ePod ? Non. Alors vous allez vous r\u00e9galer ! Chez Ohme, nous voulons rendre votre exp\u00e9rience de recharge de votre v\u00e9hicule \u00e9lectrique (VE) aussi fluide et intelligente que possible. Et notre ePod ? Il est impatient de mener cette mission \u00e0 bien ! [&hellip;]<\/p>\n","protected":false},"author":38,"featured_media":1753,"comment_status":"open","ping_status":"open","sticky":false,"template":"","format":"standard","meta":{"_acf_changed":false,"_helpful_status":1,"footnotes":""},"categories":[1],"tags":[178,182,183,184],"class_list":["post-2973","post","type-post","status-publish","format-standard","has-post-thumbnail","hentry","category-uncategorized","tag-conducteurs-de-ve","tag-gestion-de-flotte","tag-installateurs","tag-solutions-de-recharge"],"acf":[],"yoast_head":"<!-- This site is optimized with the Yoast SEO Premium plugin v27.5 (Yoast SEO v27.5) - https:\/\/yoast.com\/product\/yoast-seo-premium-wordpress\/ -->\n<title>Avez vous rencontr\u00e9... l\u2019Ohme ePod? - Ohme EV Belgique<\/title>\n<meta name=\"description\" content=\"De Ohme ePod heeft als enige missie jouw laadervaring zo gemakkelijk en slim mogelijk te maken!\" \/>\n<meta name=\"robots\" content=\"index, follow, max-snippet:-1, max-image-preview:large, max-video-preview:-1\" \/>\n<link rel=\"canonical\" href=\"https:\/\/ohme-ev.com\/be-fr\/blog\/de-ohme-epod\/\" \/>\n<meta property=\"og:locale\" content=\"fr_FR\" \/>\n<meta property=\"og:type\" content=\"article\" \/>\n<meta property=\"og:title\" content=\"Avez vous rencontr\u00e9... l\u2019Ohme ePod?\" \/>\n<meta property=\"og:description\" content=\"De Ohme ePod heeft als enige missie jouw laadervaring zo gemakkelijk en slim mogelijk te maken!\" \/>\n<meta property=\"og:url\" content=\"https:\/\/ohme-ev.com\/be-fr\/blog\/de-ohme-epod\/\" \/>\n<meta property=\"og:site_name\" content=\"Ohme EV Belgique\" \/>\n<meta property=\"article:publisher\" content=\"https:\/\/www.facebook.com\/OhmeEV\/\" \/>\n<meta property=\"article:published_time\" content=\"2024-11-07T15:39:45+00:00\" \/>\n<meta property=\"article:modified_time\" content=\"2025-04-16T10:07:42+00:00\" \/>\n<meta property=\"og:image\" content=\"https:\/\/ohme-ev.com\/be-fr\/wp-content\/uploads\/sites\/19\/2023\/08\/Stacked-text-image_ePod-white-wall_UK.png\" \/>\n\t<meta property=\"og:image:width\" content=\"1138\" \/>\n\t<meta property=\"og:image:height\" content=\"638\" \/>\n\t<meta property=\"og:image:type\" content=\"image\/png\" \/>\n<meta name=\"author\" content=\"valeriegorreuxohme\" \/>\n<meta name=\"twitter:card\" content=\"summary_large_image\" \/>\n<meta name=\"twitter:creator\" content=\"@ohmeev\" \/>\n<meta name=\"twitter:site\" content=\"@ohmeev\" \/>\n<meta name=\"twitter:label1\" content=\"Written by\" \/>\n\t<meta name=\"twitter:data1\" content=\"valeriegorreuxohme\" \/>\n\t<meta name=\"twitter:label2\" content=\"Est. reading time\" \/>\n\t<meta name=\"twitter:data2\" content=\"2 minutes\" \/>\n<script type=\"application\/ld+json\" class=\"yoast-schema-graph\">{\"@context\":\"https:\\\/\\\/schema.org\",\"@graph\":[{\"@type\":\"Article\",\"@id\":\"https:\\\/\\\/ohme-ev.com\\\/be-fr\\\/blog\\\/de-ohme-epod\\\/#article\",\"isPartOf\":{\"@id\":\"https:\\\/\\\/ohme-ev.com\\\/be-fr\\\/blog\\\/de-ohme-epod\\\/\"},\"author\":{\"name\":\"valeriegorreuxohme\",\"@id\":\"https:\\\/\\\/ohme-ev.com\\\/be-fr\\\/#\\\/schema\\\/person\\\/b4478ff0694f01efc51e3e764f50479e\"},\"headline\":\"Avez vous rencontr\u00e9&#8230; l\u2019Ohme ePod?\",\"datePublished\":\"2024-11-07T15:39:45+00:00\",\"dateModified\":\"2025-04-16T10:07:42+00:00\",\"mainEntityOfPage\":{\"@id\":\"https:\\\/\\\/ohme-ev.com\\\/be-fr\\\/blog\\\/de-ohme-epod\\\/\"},\"wordCount\":394,\"commentCount\":0,\"image\":{\"@id\":\"https:\\\/\\\/ohme-ev.com\\\/be-fr\\\/blog\\\/de-ohme-epod\\\/#primaryimage\"},\"thumbnailUrl\":\"https:\\\/\\\/ohme-ev.com\\\/be-fr\\\/wp-content\\\/uploads\\\/sites\\\/19\\\/2023\\\/08\\\/Stacked-text-image_ePod-white-wall_UK.png\",\"keywords\":[\"Conducteurs de VE\",\"Gestion de Flotte\",\"Installateurs\",\"Solutions de Recharge\"],\"inLanguage\":\"fr-be\",\"potentialAction\":[{\"@type\":\"CommentAction\",\"name\":\"Comment\",\"target\":[\"https:\\\/\\\/ohme-ev.com\\\/be-fr\\\/blog\\\/de-ohme-epod\\\/#respond\"]}]},{\"@type\":\"WebPage\",\"@id\":\"https:\\\/\\\/ohme-ev.com\\\/be-fr\\\/blog\\\/de-ohme-epod\\\/\",\"url\":\"https:\\\/\\\/ohme-ev.com\\\/be-fr\\\/blog\\\/de-ohme-epod\\\/\",\"name\":\"Avez vous rencontr\u00e9... l\u2019Ohme ePod? - Ohme EV Belgique\",\"isPartOf\":{\"@id\":\"https:\\\/\\\/ohme-ev.com\\\/be-fr\\\/#website\"},\"primaryImageOfPage\":{\"@id\":\"https:\\\/\\\/ohme-ev.com\\\/be-fr\\\/blog\\\/de-ohme-epod\\\/#primaryimage\"},\"image\":{\"@id\":\"https:\\\/\\\/ohme-ev.com\\\/be-fr\\\/blog\\\/de-ohme-epod\\\/#primaryimage\"},\"thumbnailUrl\":\"https:\\\/\\\/ohme-ev.com\\\/be-fr\\\/wp-content\\\/uploads\\\/sites\\\/19\\\/2023\\\/08\\\/Stacked-text-image_ePod-white-wall_UK.png\",\"datePublished\":\"2024-11-07T15:39:45+00:00\",\"dateModified\":\"2025-04-16T10:07:42+00:00\",\"author\":{\"@id\":\"https:\\\/\\\/ohme-ev.com\\\/be-fr\\\/#\\\/schema\\\/person\\\/b4478ff0694f01efc51e3e764f50479e\"},\"description\":\"De Ohme ePod heeft als enige missie jouw laadervaring zo gemakkelijk en slim mogelijk te maken!\",\"breadcrumb\":{\"@id\":\"https:\\\/\\\/ohme-ev.com\\\/be-fr\\\/blog\\\/de-ohme-epod\\\/#breadcrumb\"},\"inLanguage\":\"fr-be\",\"potentialAction\":[{\"@type\":\"ReadAction\",\"target\":[\"https:\\\/\\\/ohme-ev.com\\\/be-fr\\\/blog\\\/de-ohme-epod\\\/\"]}]},{\"@type\":\"ImageObject\",\"inLanguage\":\"fr-be\",\"@id\":\"https:\\\/\\\/ohme-ev.com\\\/be-fr\\\/blog\\\/de-ohme-epod\\\/#primaryimage\",\"url\":\"https:\\\/\\\/ohme-ev.com\\\/be-fr\\\/wp-content\\\/uploads\\\/sites\\\/19\\\/2023\\\/08\\\/Stacked-text-image_ePod-white-wall_UK.png\",\"contentUrl\":\"https:\\\/\\\/ohme-ev.com\\\/be-fr\\\/wp-content\\\/uploads\\\/sites\\\/19\\\/2023\\\/08\\\/Stacked-text-image_ePod-white-wall_UK.png\",\"width\":1138,\"height\":638},{\"@type\":\"BreadcrumbList\",\"@id\":\"https:\\\/\\\/ohme-ev.com\\\/be-fr\\\/blog\\\/de-ohme-epod\\\/#breadcrumb\",\"itemListElement\":[{\"@type\":\"ListItem\",\"position\":1,\"name\":\"Home\",\"item\":\"https:\\\/\\\/ohme-ev.com\\\/be-fr\\\/\"},{\"@type\":\"ListItem\",\"position\":2,\"name\":\"Avez vous rencontr\u00e9&#8230; l\u2019Ohme ePod?\"}]},{\"@type\":\"WebSite\",\"@id\":\"https:\\\/\\\/ohme-ev.com\\\/be-fr\\\/#website\",\"url\":\"https:\\\/\\\/ohme-ev.com\\\/be-fr\\\/\",\"name\":\"Ohme EV Belgique\",\"description\":\"Ohme - EV Smart Charging Solutions\",\"potentialAction\":[{\"@type\":\"SearchAction\",\"target\":{\"@type\":\"EntryPoint\",\"urlTemplate\":\"https:\\\/\\\/ohme-ev.com\\\/be-fr\\\/?s={search_term_string}\"},\"query-input\":{\"@type\":\"PropertyValueSpecification\",\"valueRequired\":true,\"valueName\":\"search_term_string\"}}],\"inLanguage\":\"fr-be\"},{\"@type\":\"Person\",\"@id\":\"https:\\\/\\\/ohme-ev.com\\\/be-fr\\\/#\\\/schema\\\/person\\\/b4478ff0694f01efc51e3e764f50479e\",\"name\":\"valeriegorreuxohme\",\"image\":{\"@type\":\"ImageObject\",\"inLanguage\":\"fr-be\",\"@id\":\"https:\\\/\\\/secure.gravatar.com\\\/avatar\\\/ddbf9325682bfe44e0270f90fc3c1854e9c9ac44d53a3da42eae8b835996a4f7?s=96&d=mm&r=g\",\"url\":\"https:\\\/\\\/secure.gravatar.com\\\/avatar\\\/ddbf9325682bfe44e0270f90fc3c1854e9c9ac44d53a3da42eae8b835996a4f7?s=96&d=mm&r=g\",\"contentUrl\":\"https:\\\/\\\/secure.gravatar.com\\\/avatar\\\/ddbf9325682bfe44e0270f90fc3c1854e9c9ac44d53a3da42eae8b835996a4f7?s=96&d=mm&r=g\",\"caption\":\"valeriegorreuxohme\"}}]}<\/script>\n<!-- \/ Yoast SEO Premium plugin. -->","yoast_head_json":{"title":"Avez vous rencontr\u00e9... l\u2019Ohme ePod? - Ohme EV Belgique","description":"De Ohme ePod heeft als enige missie jouw laadervaring zo gemakkelijk en slim mogelijk te maken!","robots":{"index":"index","follow":"follow","max-snippet":"max-snippet:-1","max-image-preview":"max-image-preview:large","max-video-preview":"max-video-preview:-1"},"canonical":"https:\/\/ohme-ev.com\/be-fr\/blog\/de-ohme-epod\/","og_locale":"fr_FR","og_type":"article","og_title":"Avez vous rencontr\u00e9... l\u2019Ohme ePod?","og_description":"De Ohme ePod heeft als enige missie jouw laadervaring zo gemakkelijk en slim mogelijk te maken!","og_url":"https:\/\/ohme-ev.com\/be-fr\/blog\/de-ohme-epod\/","og_site_name":"Ohme EV Belgique","article_publisher":"https:\/\/www.facebook.com\/OhmeEV\/","article_published_time":"2024-11-07T15:39:45+00:00","article_modified_time":"2025-04-16T10:07:42+00:00","og_image":[{"width":1138,"height":638,"url":"https:\/\/ohme-ev.com\/be-fr\/wp-content\/uploads\/sites\/19\/2023\/08\/Stacked-text-image_ePod-white-wall_UK.png","type":"image\/png"}],"author":"valeriegorreuxohme","twitter_card":"summary_large_image","twitter_creator":"@ohmeev","twitter_site":"@ohmeev","twitter_misc":{"Written by":"valeriegorreuxohme","Est. reading time":"2 minutes"},"schema":{"@context":"https:\/\/schema.org","@graph":[{"@type":"Article","@id":"https:\/\/ohme-ev.com\/be-fr\/blog\/de-ohme-epod\/#article","isPartOf":{"@id":"https:\/\/ohme-ev.com\/be-fr\/blog\/de-ohme-epod\/"},"author":{"name":"valeriegorreuxohme","@id":"https:\/\/ohme-ev.com\/be-fr\/#\/schema\/person\/b4478ff0694f01efc51e3e764f50479e"},"headline":"Avez vous rencontr\u00e9&#8230; l\u2019Ohme ePod?","datePublished":"2024-11-07T15:39:45+00:00","dateModified":"2025-04-16T10:07:42+00:00","mainEntityOfPage":{"@id":"https:\/\/ohme-ev.com\/be-fr\/blog\/de-ohme-epod\/"},"wordCount":394,"commentCount":0,"image":{"@id":"https:\/\/ohme-ev.com\/be-fr\/blog\/de-ohme-epod\/#primaryimage"},"thumbnailUrl":"https:\/\/ohme-ev.com\/be-fr\/wp-content\/uploads\/sites\/19\/2023\/08\/Stacked-text-image_ePod-white-wall_UK.png","keywords":["Conducteurs de VE","Gestion de Flotte","Installateurs","Solutions de Recharge"],"inLanguage":"fr-be","potentialAction":[{"@type":"CommentAction","name":"Comment","target":["https:\/\/ohme-ev.com\/be-fr\/blog\/de-ohme-epod\/#respond"]}]},{"@type":"WebPage","@id":"https:\/\/ohme-ev.com\/be-fr\/blog\/de-ohme-epod\/","url":"https:\/\/ohme-ev.com\/be-fr\/blog\/de-ohme-epod\/","name":"Avez vous rencontr\u00e9... l\u2019Ohme ePod? - Ohme EV Belgique","isPartOf":{"@id":"https:\/\/ohme-ev.com\/be-fr\/#website"},"primaryImageOfPage":{"@id":"https:\/\/ohme-ev.com\/be-fr\/blog\/de-ohme-epod\/#primaryimage"},"image":{"@id":"https:\/\/ohme-ev.com\/be-fr\/blog\/de-ohme-epod\/#primaryimage"},"thumbnailUrl":"https:\/\/ohme-ev.com\/be-fr\/wp-content\/uploads\/sites\/19\/2023\/08\/Stacked-text-image_ePod-white-wall_UK.png","datePublished":"2024-11-07T15:39:45+00:00","dateModified":"2025-04-16T10:07:42+00:00","author":{"@id":"https:\/\/ohme-ev.com\/be-fr\/#\/schema\/person\/b4478ff0694f01efc51e3e764f50479e"},"description":"De Ohme ePod heeft als enige missie jouw laadervaring zo gemakkelijk en slim mogelijk te maken!","breadcrumb":{"@id":"https:\/\/ohme-ev.com\/be-fr\/blog\/de-ohme-epod\/#breadcrumb"},"inLanguage":"fr-be","potentialAction":[{"@type":"ReadAction","target":["https:\/\/ohme-ev.com\/be-fr\/blog\/de-ohme-epod\/"]}]},{"@type":"ImageObject","inLanguage":"fr-be","@id":"https:\/\/ohme-ev.com\/be-fr\/blog\/de-ohme-epod\/#primaryimage","url":"https:\/\/ohme-ev.com\/be-fr\/wp-content\/uploads\/sites\/19\/2023\/08\/Stacked-text-image_ePod-white-wall_UK.png","contentUrl":"https:\/\/ohme-ev.com\/be-fr\/wp-content\/uploads\/sites\/19\/2023\/08\/Stacked-text-image_ePod-white-wall_UK.png","width":1138,"height":638},{"@type":"BreadcrumbList","@id":"https:\/\/ohme-ev.com\/be-fr\/blog\/de-ohme-epod\/#breadcrumb","itemListElement":[{"@type":"ListItem","position":1,"name":"Home","item":"https:\/\/ohme-ev.com\/be-fr\/"},{"@type":"ListItem","position":2,"name":"Avez vous rencontr\u00e9&#8230; l\u2019Ohme ePod?"}]},{"@type":"WebSite","@id":"https:\/\/ohme-ev.com\/be-fr\/#website","url":"https:\/\/ohme-ev.com\/be-fr\/","name":"Ohme EV Belgique","description":"Ohme - EV Smart Charging Solutions","potentialAction":[{"@type":"SearchAction","target":{"@type":"EntryPoint","urlTemplate":"https:\/\/ohme-ev.com\/be-fr\/?s={search_term_string}"},"query-input":{"@type":"PropertyValueSpecification","valueRequired":true,"valueName":"search_term_string"}}],"inLanguage":"fr-be"},{"@type":"Person","@id":"https:\/\/ohme-ev.com\/be-fr\/#\/schema\/person\/b4478ff0694f01efc51e3e764f50479e","name":"valeriegorreuxohme","image":{"@type":"ImageObject","inLanguage":"fr-be","@id":"https:\/\/secure.gravatar.com\/avatar\/ddbf9325682bfe44e0270f90fc3c1854e9c9ac44d53a3da42eae8b835996a4f7?s=96&d=mm&r=g","url":"https:\/\/secure.gravatar.com\/avatar\/ddbf9325682bfe44e0270f90fc3c1854e9c9ac44d53a3da42eae8b835996a4f7?s=96&d=mm&r=g","contentUrl":"https:\/\/secure.gravatar.com\/avatar\/ddbf9325682bfe44e0270f90fc3c1854e9c9ac44d53a3da42eae8b835996a4f7?s=96&d=mm&r=g","caption":"valeriegorreuxohme"}}]}},"_links":{"self":[{"href":"https:\/\/ohme-ev.com\/be-fr\/wp-json\/wp\/v2\/posts\/2973","targetHints":{"allow":["GET"]}}],"collection":[{"href":"https:\/\/ohme-ev.com\/be-fr\/wp-json\/wp\/v2\/posts"}],"about":[{"href":"https:\/\/ohme-ev.com\/be-fr\/wp-json\/wp\/v2\/types\/post"}],"author":[{"embeddable":true,"href":"https:\/\/ohme-ev.com\/be-fr\/wp-json\/wp\/v2\/users\/38"}],"replies":[{"embeddable":true,"href":"https:\/\/ohme-ev.com\/be-fr\/wp-json\/wp\/v2\/comments?post=2973"}],"version-history":[{"count":0,"href":"https:\/\/ohme-ev.com\/be-fr\/wp-json\/wp\/v2\/posts\/2973\/revisions"}],"wp:featuredmedia":[{"embeddable":true,"href":"https:\/\/ohme-ev.com\/be-fr\/wp-json\/wp\/v2\/media\/1753"}],"wp:attachment":[{"href":"https:\/\/ohme-ev.com\/be-fr\/wp-json\/wp\/v2\/media?parent=2973"}],"wp:term":[{"taxonomy":"category","embeddable":true,"href":"https:\/\/ohme-ev.com\/be-fr\/wp-json\/wp\/v2\/categories?post=2973"},{"taxonomy":"post_tag","embeddable":true,"href":"https:\/\/ohme-ev.com\/be-fr\/wp-json\/wp\/v2\/tags?post=2973"}],"curies":[{"name":"wp","href":"https:\/\/api.w.org\/{rel}","templated":true}]}}