{"id":2970,"date":"2024-10-29T15:39:50","date_gmt":"2024-10-29T15:39:50","guid":{"rendered":"https:\/\/ohme-ev.com\/be-nl\/?p=3198"},"modified":"2025-04-16T10:08:06","modified_gmt":"2025-04-16T10:08:06","slug":"offre-a-tarification-dynamique","status":"publish","type":"post","link":"https:\/\/ohme-ev.com\/be-fr\/blog\/offre-a-tarification-dynamique\/","title":{"rendered":"Qu&#8217;est ce qu&#8217;une offre \u00e0 tarification dynamique ?"},"content":{"rendered":"\n<p>Chez Ohme, nous parlons souvent de tarifs dynamiques. Mais qu&#8217;est-ce qu&#8217;un offre \u00e0 tarification dynamique ? Nous nous ferons un plaisir de vous l&#8217;expliquer !<\/p>\n\n\n\n<p>Il existe, sur le march\u00e9 belge de l\u2019\u00e9nergie, <a href=\"https:\/\/www.creg.be\/fr\/consommateurs\/prix-et-tarifs\/les-differents-types-de-contrats-delectricite-et-de-gaz-naturel\">plusieurs types d\u2019offres<\/a>.<\/p>\n\n\n\n<ul class=\"wp-block-list\">\n<li><strong>Les offres \u00e0 prix fixe<\/strong>, o\u00f9 le prix de l\u2019\u00e9nergie reste inchang\u00e9 pendant la dur\u00e9e d\u00e9finie dans le contrat.<\/li>\n\n\n\n<li><strong>Les offres \u00e0 prix variable<\/strong>, ou le prix de l&#8217;\u00e9lectricit\u00e9 varie avec le prix du march\u00e9, sur une base mensuelle ou trimestrielle.<\/li>\n\n\n\n<li><strong>Les offres \u00e0 prix dynamique, <\/strong>ou le prix d\u2019\u00e9lectricit\u00e9 varie avec le prix du march\u00e9, mais les prix que vous payez ne sont connus qu&#8217;un jour \u00e0 l&#8217;avance et changent g\u00e9n\u00e9ralement d&#8217;heure en heure.<\/li>\n<\/ul>\n\n\n\n<p>L&#8217;objectif de la tarification dynamique est de refl\u00e9ter au mieux les fluctuations r\u00e9elles des prix de l&#8217;\u00e9nergie sur les march\u00e9s de consommation, en vous permettant de choisir le moment o\u00f9 vous consommez de l&#8217;\u00e9nergie.<\/p>\n\n\n\n<p>Par d\u00e9faut, votre facture d&#8217;\u00e9nergie se compose de <a href=\"http:\/\/Par d\u00e9faut, votre facture d'\u00e9nergie se compose de plusieurs types de frais :\">plusieurs types de frais <\/a>:<\/p>\n\n\n\n<ul class=\"wp-block-list\">\n<li>Co\u00fbts de r\u00e9seaux<\/li>\n\n\n\n<li>Le prix de l&#8217;\u00e9lectricit\u00e9 consomm\u00e9e<\/li>\n\n\n\n<li>Les taxes<\/li>\n\n\n\n<li>Les surcharges<\/li>\n<\/ul>\n\n\n\n<p>Avec les contrats dynamiques, la diff\u00e9rence se situe au niveau du prix de l&#8217;\u00e9lectricit\u00e9 : il varie d&#8217;un jour \u00e0 l&#8217;autre et d&#8217;une heure \u00e0 l&#8217;autre.<\/p>\n\n\n\n<p><strong>Les avantages pour la recharge de v\u00e9hicules \u00e9lectriques<\/strong><\/p>\n\n\n\n<p>Les tarifs dynamiques sont particuli\u00e8rement int\u00e9ressants pour les propri\u00e9taires de v\u00e9hicules \u00e9lectriques. En effet, en combinaison avec une borne de recharge intelligente telle que l\u2019<a href=\"https:\/\/ohme-ev.com\/be-fr\/produit\/ohme-home-pro\/\">Ohme Home Pro<\/a> ou <a href=\"https:\/\/ohme-ev.com\/be-fr\/produit\/ohme-epod\/\">l\u2019ePod<\/a>, un tarif dynamique permet aux utilisateurs d&#8217;optimiser leurs co\u00fbts de charge. Ils peuvent ainsi charger automatiquement leur v\u00e9hicule pendant les heures o\u00f9 les prix de l&#8217;\u00e9lectricit\u00e9 sont les plus bas.<\/p>\n\n\n\n<p>Pour ce faire, vous devez fournir \u00e0 votre borne de recharge certaines informations (telles que les tarifs d&#8217;\u00e9lectricit\u00e9 et le mod\u00e8le de votre voiture) via notre application. Sur la base des informations que vous avez saisies, votre borne de recharge Ohme commencera automatiquement \u00e0 charger votre v\u00e9hicule au moment le plus rentable. Vous gardez le contr\u00f4le total de vos sessions de charge et pouvez choisir d&#8217;arr\u00eater ou de commencer un nouveau cycle \u00e0 tout moment, en fonction du prix de l&#8217;\u00e9nergie \u00e0 un moment donn\u00e9. Cela permet de maximiser les \u00e9conomies tout en contribuant \u00e0 maintenir l&#8217;\u00e9quilibre du r\u00e9seau \u00e9lectrique.<\/p>\n\n\n\n<div class=\"wp-block-buttons is-content-justification-center is-layout-flex wp-container-core-buttons-is-layout-16018d1d wp-block-buttons-is-layout-flex\">\n<div class=\"wp-block-button\"><a class=\"wp-block-button__link has-text-align-center wp-element-button\" href=\"https:\/\/ohme-ev.com\/be-fr\/nos-bornes-de-recharge\/\">D\u00e9couvrez nos produits<\/a><\/div>\n<\/div>\n\n\n\n<p><strong>L\u2019impact des \u00e9nergies renouvelables<\/strong><\/p>\n\n\n\n<p>La tarification dynamique prend \u00e9galement en compte la production d\u2019\u00e9nergie renouvelable, qui est souvent intermittente (comme l\u2019\u00e9nergie \u00e9olienne ou solaire). Lorsque la production est \u00e9lev\u00e9e, les prix peuvent baisser, incitant les consommateurs \u00e0 utiliser davantage d\u2019\u00e9lectricit\u00e9 \u00e0 ce moment-l\u00e0.<\/p>\n\n\n\n<p>C\u2019est d\u2019autant plus pertinent pour les utilisateurs de l\u2019<a href=\"https:\/\/ohme-ev.com\/be-fr\/produit\/ohme-home-pro\/\">Ohme ePod<\/a> ou <a href=\"https:\/\/ohme-ev.com\/be-fr\/produit\/ohme-home-pro\/\">Home Pro <\/a>\u00e9quip\u00e9s de panneaux photovolta\u00efques. Gr\u00e2ce \u00e0 la fonctionnalit\u00e9&nbsp;Solar Boost&nbsp;il leur est maintenant possible d\u2019utiliser l\u2019\u00e9nergie solaire produite par leur installation. Les rendant ainsi moins d\u00e9pendants des r\u00e9seaux traditionnels en devenant \u00e0 la fois consommateur et producteur.<\/p>\n\n\n\n<figure class=\"wp-block-image size-large\"><img loading=\"lazy\" decoding=\"async\" width=\"1024\" height=\"575\" src=\"https:\/\/ohme-ev.com\/be-fr\/wp-content\/uploads\/sites\/19\/2023\/08\/50-text-image-small_dual-chargers_Master-1024x575.jpg\" alt=\"Ohme ePod and Home Pro on a dark background\" class=\"wp-image-1924\" \/><\/figure>\n\n\n\n<p><\/p>\n\n\n\n<p><strong>Un atout majeur pour les utilisateurs de v\u00e9hicules \u00e9lectriques<\/strong><\/p>\n\n\n\n<p>L\u2019intensification du d\u00e9ploiement de l&#8217;\u00e9nergie verte est propice au d\u00e9veloppement de tarifs d\u2019\u00e9lectricit\u00e9 flexibles. En effet, ces nouveaux prix sont d\u2019autant plus pertinents qu\u2019ils suivent les courbes de production d\u2019\u00e9lectricit\u00e9 tout en permettant de lisser les consommations des clients sur la journ\u00e9e.<\/p>\n\n\n\n<p>Pour les clients d&#8217;Ohme, cette plus grande flexibilit\u00e9 des tarifs est encore plus positive. En effet, ils pourront retrouver ces nouveaux tarifs d&#8217;\u00e9lectricit\u00e9 directement dans leur application Ohme et ainsi b\u00e9n\u00e9ficier des meilleurs prix pour leur recharge.<\/p>\n\n\n\n<p><\/p>\n<noscript class=\"ninja-forms-noscript-message\">\n\tNotice: JavaScript is required for this content.<\/noscript>\n<div id=\"nf-form-8-cont\" class=\"nf-form-cont\" aria-live=\"polite\" aria-labelledby=\"nf-form-title-8\" aria-describedby=\"nf-form-errors-8\" role=\"form\">\n\n    <div class=\"nf-loading-spinner\"><\/div>\n\n<\/div>\n        <!-- That data is being printed as a workaround to page builders reordering the order of the scripts loaded-->\n        <script>var formDisplay=1;var nfForms=nfForms||[];var form=[];form.id='8';form.settings={\"objectType\":\"Form Setting\",\"editActive\":true,\"title\":\"Demander un devis\",\"form_title\":\"Sales enquiry\",\"default_label_pos\":\"above\",\"show_title\":\"1\",\"clear_complete\":\"1\",\"hide_complete\":\"1\",\"logged_in\":\"0\",\"wrapper_class\":\"\",\"element_class\":\"\",\"form_title_heading_level\":\"3\",\"key\":\"sales-enquiry\",\"add_submit\":\"1\",\"changeEmailErrorMsg\":\"Veuillez fournir une adresse email valide\",\"changeDateErrorMsg\":\"Please enter a valid date!\",\"confirmFieldErrorMsg\":\"These fields must match!\",\"fieldNumberNumMinError\":\"Number Min Error\",\"fieldNumberNumMaxError\":\"Number Max Error\",\"fieldNumberIncrementBy\":\"Please increment by \",\"formErrorsCorrectErrors\":\"Please correct errors before submitting this form.\",\"validateRequiredField\":\"Champ obligatoire\",\"honeypotHoneypotError\":\"Honeypot Error\",\"fieldsMarkedRequired\":\"Fields marked with an <span class=\\\"ninja-forms-req-symbol\\\">*<\\\/span> are required\",\"currency\":\"\",\"unique_field_error\":\"A form with this value has already been submitted.\",\"not_logged_in_msg\":\"\",\"sub_limit_msg\":\"The form has reached its submission limit.\",\"calculations\":[],\"formContentData\":[\"html_1699438208521\",\"name\",\"email\",\"phone\",\"postcode\",\"terms_accept\",\"message\",\"envoyer_1705334112969\",\"html_1699438495962\"],\"drawerDisabled\":false,\"manual_key\":\"1\",\"allow_public_link\":0,\"embed_form\":\"\",\"conditions\":[],\"mp_breadcrumb\":1,\"mp_progress_bar\":1,\"mp_display_titles\":0,\"ninjaForms\":\"Ninja Forms\",\"fieldTextareaRTEInsertLink\":\"Insert Link\",\"fieldTextareaRTEInsertMedia\":\"Insert Media\",\"fieldTextareaRTESelectAFile\":\"Select a file\",\"formHoneypot\":\"If you are a human seeing this field, please leave it empty.\",\"fileUploadOldCodeFileUploadInProgress\":\"File Upload in Progress.\",\"fileUploadOldCodeFileUpload\":\"FILE UPLOAD\",\"currencySymbol\":\"&#36;\",\"thousands_sep\":\",\",\"decimal_point\":\".\",\"siteLocale\":\"fr-be\",\"dateFormat\":\"m\\\/d\\\/Y\",\"startOfWeek\":\"1\",\"of\":\"of\",\"previousMonth\":\"Previous Month\",\"nextMonth\":\"Next Month\",\"months\":[\"January\",\"February\",\"March\",\"April\",\"May\",\"June\",\"July\",\"August\",\"September\",\"October\",\"November\",\"December\"],\"monthsShort\":[\"Jan\",\"Feb\",\"Mar\",\"Apr\",\"May\",\"Jun\",\"Jul\",\"Aug\",\"Sep\",\"Oct\",\"Nov\",\"Dec\"],\"weekdays\":[\"Sunday\",\"Monday\",\"Tuesday\",\"Wednesday\",\"Thursday\",\"Friday\",\"Saturday\"],\"weekdaysShort\":[\"Sun\",\"Mon\",\"Tue\",\"Wed\",\"Thu\",\"Fri\",\"Sat\"],\"weekdaysMin\":[\"Su\",\"Mo\",\"Tu\",\"We\",\"Th\",\"Fr\",\"Sa\"],\"recaptchaConsentMissing\":\"reCaptcha validation couldn&#039;t load.\",\"recaptchaMissingCookie\":\"reCaptcha v3 validation couldn&#039;t load the cookie needed to submit the form.\",\"recaptchaConsentEvent\":\"Accept reCaptcha cookies before sending the form.\",\"currency_symbol\":\"\",\"beforeForm\":\"\",\"beforeFields\":\"\",\"afterFields\":\"\",\"afterForm\":\"\"};form.fields=[{\"objectType\":\"Field\",\"objectDomain\":\"fields\",\"editActive\":false,\"order\":1,\"idAttribute\":\"id\",\"label\":\"\",\"type\":\"html\",\"default\":\"<p>Laissez nous vos coordonn\\u00e9es et nous vous mettrons en relation avec l\\u2019un de nos installateurs certifi\\u00e9s.<br><\\\/p>\",\"container_class\":\"\",\"element_class\":\"\",\"key\":\"html_1699438208521\",\"drawerDisabled\":false,\"field_label\":\"HTML\",\"field_key\":\"html_1699438208521\",\"admin_label\":\"\",\"id\":52,\"beforeField\":\"\",\"afterField\":\"\",\"value\":\"<p>Laissez nous vos coordonn\\u00e9es et nous vous mettrons en relation avec l\\u2019un de nos installateurs certifi\\u00e9s.<br><\\\/p>\",\"label_pos\":\"above\",\"parentType\":\"html\",\"element_templates\":[\"html\",\"input\"],\"old_classname\":\"\",\"wrap_template\":\"wrap\"},{\"objectType\":\"Field\",\"objectDomain\":\"fields\",\"editActive\":false,\"order\":2,\"idAttribute\":\"id\",\"type\":\"textbox\",\"label\":\"Nom et pr\\u00e9nom\",\"key\":\"name\",\"label_pos\":\"above\",\"required\":1,\"default\":\"\",\"placeholder\":\"\",\"container_class\":\"\",\"element_class\":\"\",\"input_limit\":\"\",\"input_limit_type\":\"characters\",\"input_limit_msg\":\"Character(s) left\",\"manual_key\":1,\"admin_label\":\"\",\"help_text\":\"\",\"mask\":\"\",\"custom_mask\":\"\",\"custom_name_attribute\":\"\",\"personally_identifiable\":\"\",\"value\":\"\",\"drawerDisabled\":\"\",\"field_label\":\"Name\",\"field_key\":\"name\",\"id\":53,\"beforeField\":\"\",\"afterField\":\"\",\"parentType\":\"textbox\",\"element_templates\":[\"textbox\",\"input\"],\"old_classname\":\"\",\"wrap_template\":\"wrap\"},{\"objectType\":\"Field\",\"objectDomain\":\"fields\",\"editActive\":false,\"order\":3,\"idAttribute\":\"id\",\"type\":\"email\",\"label\":\"Addresse email\",\"key\":\"email\",\"label_pos\":\"above\",\"required\":1,\"default\":\"\",\"placeholder\":\"\",\"container_class\":\"\",\"element_class\":\"\",\"admin_label\":\"\",\"help_text\":\"\",\"custom_name_attribute\":\"email\",\"personally_identifiable\":1,\"value\":\"\",\"manual_key\":1,\"drawerDisabled\":false,\"field_label\":\"Email\",\"field_key\":\"email\",\"id\":54,\"beforeField\":\"\",\"afterField\":\"\",\"parentType\":\"email\",\"element_templates\":[\"email\",\"input\"],\"old_classname\":\"\",\"wrap_template\":\"wrap\"},{\"objectType\":\"Field\",\"objectDomain\":\"fields\",\"editActive\":false,\"order\":4,\"idAttribute\":\"id\",\"type\":\"phone\",\"label\":\"Num\\u00e9ro de t\\u00e9l\\u00e9phone\",\"key\":\"phone\",\"label_pos\":\"above\",\"required\":1,\"default\":\"\",\"placeholder\":\"\",\"container_class\":\"\",\"element_class\":\"\",\"input_limit\":\"\",\"input_limit_type\":\"characters\",\"input_limit_msg\":\"Character(s) left\",\"manual_key\":1,\"admin_label\":\"\",\"help_text\":\"\",\"mask\":\"\",\"custom_mask\":\"\",\"custom_name_attribute\":\"phone\",\"personally_identifiable\":1,\"value\":\"\",\"drawerDisabled\":\"\",\"field_label\":\"Phone\",\"field_key\":\"phone\",\"id\":55,\"beforeField\":\"\",\"afterField\":\"\",\"parentType\":\"textbox\",\"element_templates\":[\"tel\",\"textbox\",\"input\"],\"old_classname\":\"\",\"wrap_template\":\"wrap\"},{\"objectType\":\"Field\",\"objectDomain\":\"fields\",\"editActive\":false,\"order\":5,\"idAttribute\":\"id\",\"type\":\"zip\",\"label\":\"Code postal\",\"key\":\"postcode\",\"label_pos\":\"above\",\"required\":1,\"default\":\"\",\"placeholder\":\"\",\"container_class\":\"\",\"element_class\":\"\",\"input_limit\":\"\",\"input_limit_type\":\"characters\",\"input_limit_msg\":\"Character(s) left\",\"manual_key\":1,\"admin_label\":\"\",\"help_text\":\"\",\"mask\":\"\",\"custom_mask\":\"\",\"custom_name_attribute\":\"zip\",\"personally_identifiable\":\"\",\"value\":\"\",\"drawerDisabled\":\"\",\"field_label\":\"Postcode\",\"field_key\":\"postcode\",\"id\":56,\"beforeField\":\"\",\"afterField\":\"\",\"parentType\":\"zip\",\"element_templates\":[\"zip\",\"textbox\",\"input\",\"textbox\",\"input\"],\"old_classname\":\"\",\"wrap_template\":\"wrap\"},{\"objectType\":\"Field\",\"objectDomain\":\"fields\",\"editActive\":false,\"order\":6,\"idAttribute\":\"id\",\"label\":\"J\\u2019autorise Ohme \\u00e0 me tenir inform\\u00e9 par e-mail des actualit\\u00e9s concernant leurs produits, des offres sp\\u00e9ciales ou des conseils pour \\u00e9conomiser sur mes sessions de recharge.\",\"type\":\"checkbox\",\"key\":\"terms_accept\",\"label_pos\":\"right\",\"required\":false,\"container_class\":\"\",\"element_class\":\"\",\"manual_key\":true,\"admin_label\":\"\",\"help_text\":\"\",\"default_value\":\"unchecked\",\"checked_value\":\"Checked\",\"unchecked_value\":\"Unchecked\",\"checked_calc_value\":\"\",\"unchecked_calc_value\":\"\",\"drawerDisabled\":false,\"id\":408,\"beforeField\":\"\",\"afterField\":\"\",\"value\":\"\",\"parentType\":\"checkbox\",\"element_templates\":[\"checkbox\",\"input\"],\"old_classname\":\"\",\"wrap_template\":\"wrap\"},{\"objectType\":\"Field\",\"objectDomain\":\"fields\",\"editActive\":false,\"order\":7,\"idAttribute\":\"id\",\"type\":\"textarea\",\"label\":\"Infos suppl\\u00e9mentaires\",\"key\":\"message\",\"label_pos\":\"above\",\"required\":1,\"default\":\"\",\"placeholder\":\"\",\"container_class\":\"\",\"element_class\":\"\",\"input_limit\":\"\",\"input_limit_type\":\"characters\",\"input_limit_msg\":\"Character(s) left\",\"manual_key\":1,\"admin_label\":\"\",\"help_text\":\"\",\"textarea_rte\":\"\",\"disable_rte_mobile\":\"\",\"textarea_media\":\"\",\"value\":\"\",\"drawerDisabled\":\"\",\"field_label\":\"Message (optional)\",\"field_key\":\"message\",\"id\":57,\"beforeField\":\"\",\"afterField\":\"\",\"parentType\":\"textarea\",\"element_templates\":[\"textarea\",\"input\"],\"old_classname\":\"\",\"wrap_template\":\"wrap\"},{\"objectType\":\"Field\",\"objectDomain\":\"fields\",\"editActive\":false,\"order\":8,\"idAttribute\":\"id\",\"type\":\"submit\",\"label\":\"Envoyer\",\"processing_label\":\"Traitement\",\"container_class\":\"\",\"element_class\":\"\",\"key\":\"envoyer_1705334112969\",\"drawerDisabled\":\"\",\"field_label\":\"Submit\",\"field_key\":\"submit_1699438564067\",\"admin_label\":\"\",\"id\":58,\"beforeField\":\"\",\"afterField\":\"\",\"value\":\"\",\"label_pos\":\"above\",\"parentType\":\"textbox\",\"element_templates\":[\"submit\",\"button\",\"input\"],\"old_classname\":\"\",\"wrap_template\":\"wrap-no-label\"},{\"objectType\":\"Field\",\"objectDomain\":\"fields\",\"editActive\":false,\"order\":9,\"idAttribute\":\"id\",\"type\":\"html\",\"label\":\"\",\"default\":\"<p>En renseignant vos donn\\u00e9es, vous nous autorisez \\u00e0 les traiter conform\\u00e9ment \\u00e0 notre&nbsp;<a href=\\\"https:\\\/\\\/ohme-ev.com\\\/be-fr\\\/engagement-de-confidentialite\\\/\\\" target=\\\"_blank\\\">politique de confidentialit\\u00e9<\\\/a>.<br><\\\/p>\",\"container_class\":\"\",\"element_class\":\"\",\"key\":\"html_1699438495962\",\"drawerDisabled\":false,\"field_label\":\"HTML\",\"field_key\":\"html_1699438495962\",\"admin_label\":\"\",\"id\":59,\"beforeField\":\"\",\"afterField\":\"\",\"value\":\"<p>En renseignant vos donn\\u00e9es, vous nous autorisez \\u00e0 les traiter conform\\u00e9ment \\u00e0 notre&nbsp;<a href=\\\"https:\\\/\\\/ohme-ev.com\\\/be-fr\\\/engagement-de-confidentialite\\\/\\\" target=\\\"_blank\\\">politique de confidentialit\\u00e9<\\\/a>.<br><\\\/p>\",\"label_pos\":\"above\",\"parentType\":\"html\",\"element_templates\":[\"html\",\"input\"],\"old_classname\":\"\",\"wrap_template\":\"wrap\"}];nfForms.push(form);<\/script>\n        ","protected":false},"excerpt":{"rendered":"<p>Chez Ohme, nous parlons souvent de tarifs dynamiques. Mais qu&#8217;est-ce qu&#8217;un offre \u00e0 tarification dynamique ? Nous nous ferons un plaisir de vous l&#8217;expliquer ! Il existe, sur le march\u00e9 belge de l\u2019\u00e9nergie, plusieurs types d\u2019offres. L&#8217;objectif de la tarification dynamique est de refl\u00e9ter au mieux les fluctuations r\u00e9elles des prix de l&#8217;\u00e9nergie sur les [&hellip;]<\/p>\n","protected":false},"author":38,"featured_media":2590,"comment_status":"open","ping_status":"open","sticky":false,"template":"","format":"standard","meta":{"_acf_changed":false,"_helpful_status":1,"footnotes":""},"categories":[1],"tags":[178,181,185],"class_list":["post-2970","post","type-post","status-publish","format-standard","has-post-thumbnail","hentry","category-uncategorized","tag-conducteurs-de-ve","tag-energie","tag-recharge-intelligente"],"acf":[],"yoast_head":"<!-- This site is optimized with the Yoast SEO Premium plugin v27.5 (Yoast SEO v27.5) - https:\/\/yoast.com\/product\/yoast-seo-premium-wordpress\/ -->\n<title>Qu&#039;est ce qu&#039;une offre \u00e0 tarification dynamique ? - Ohme EV Belgique<\/title>\n<meta name=\"description\" content=\"Chez Ohme, nous parlons souvent de tarifs dynamiques. Mais qu&#039;est-ce qu&#039;une offre \u00e0 tarification dynamique ? Nous nous ferons un plaisir de vous l&#039;expliquer !\" \/>\n<meta name=\"robots\" content=\"index, follow, max-snippet:-1, max-image-preview:large, max-video-preview:-1\" \/>\n<link rel=\"canonical\" href=\"https:\/\/ohme-ev.com\/be-fr\/blog\/offre-a-tarification-dynamique\/\" \/>\n<meta property=\"og:locale\" content=\"fr_FR\" \/>\n<meta property=\"og:type\" content=\"article\" \/>\n<meta property=\"og:title\" content=\"Qu&#039;est ce qu&#039;une offre \u00e0 tarification dynamique ?\" \/>\n<meta property=\"og:description\" content=\"Chez Ohme, nous parlons souvent de tarifs dynamiques. Mais qu&#039;est-ce qu&#039;une offre \u00e0 tarification dynamique ? Nous nous ferons un plaisir de vous l&#039;expliquer !\" \/>\n<meta property=\"og:url\" content=\"https:\/\/ohme-ev.com\/be-fr\/blog\/offre-a-tarification-dynamique\/\" \/>\n<meta property=\"og:site_name\" content=\"Ohme EV Belgique\" \/>\n<meta property=\"article:publisher\" content=\"https:\/\/www.facebook.com\/OhmeEV\/\" \/>\n<meta property=\"article:published_time\" content=\"2024-10-29T15:39:50+00:00\" \/>\n<meta property=\"article:modified_time\" content=\"2025-04-16T10:08:06+00:00\" \/>\n<meta property=\"og:image\" content=\"https:\/\/ohme-ev.com\/be-fr\/wp-content\/uploads\/sites\/19\/2024\/07\/ezgif-7-da1674dbc2.webp\" \/>\n\t<meta property=\"og:image:width\" content=\"1600\" \/>\n\t<meta property=\"og:image:height\" content=\"900\" \/>\n\t<meta property=\"og:image:type\" content=\"image\/webp\" \/>\n<meta name=\"author\" content=\"valeriegorreuxohme\" \/>\n<meta name=\"twitter:card\" content=\"summary_large_image\" \/>\n<meta name=\"twitter:creator\" content=\"@ohmeev\" \/>\n<meta name=\"twitter:site\" content=\"@ohmeev\" \/>\n<meta name=\"twitter:label1\" content=\"Written by\" \/>\n\t<meta name=\"twitter:data1\" content=\"valeriegorreuxohme\" \/>\n\t<meta name=\"twitter:label2\" content=\"Est. reading time\" \/>\n\t<meta name=\"twitter:data2\" content=\"3 minutes\" \/>\n<script type=\"application\/ld+json\" class=\"yoast-schema-graph\">{\"@context\":\"https:\\\/\\\/schema.org\",\"@graph\":[{\"@type\":\"Article\",\"@id\":\"https:\\\/\\\/ohme-ev.com\\\/be-fr\\\/blog\\\/offre-a-tarification-dynamique\\\/#article\",\"isPartOf\":{\"@id\":\"https:\\\/\\\/ohme-ev.com\\\/be-fr\\\/blog\\\/offre-a-tarification-dynamique\\\/\"},\"author\":{\"name\":\"valeriegorreuxohme\",\"@id\":\"https:\\\/\\\/ohme-ev.com\\\/be-fr\\\/#\\\/schema\\\/person\\\/b4478ff0694f01efc51e3e764f50479e\"},\"headline\":\"Qu&#8217;est ce qu&#8217;une offre \u00e0 tarification dynamique ?\",\"datePublished\":\"2024-10-29T15:39:50+00:00\",\"dateModified\":\"2025-04-16T10:08:06+00:00\",\"mainEntityOfPage\":{\"@id\":\"https:\\\/\\\/ohme-ev.com\\\/be-fr\\\/blog\\\/offre-a-tarification-dynamique\\\/\"},\"wordCount\":621,\"commentCount\":0,\"image\":{\"@id\":\"https:\\\/\\\/ohme-ev.com\\\/be-fr\\\/blog\\\/offre-a-tarification-dynamique\\\/#primaryimage\"},\"thumbnailUrl\":\"https:\\\/\\\/ohme-ev.com\\\/be-fr\\\/wp-content\\\/uploads\\\/sites\\\/19\\\/2024\\\/07\\\/ezgif-7-da1674dbc2.webp\",\"keywords\":[\"Conducteurs de VE\",\"Energie\",\"Recharge Intelligente\"],\"inLanguage\":\"fr-be\",\"potentialAction\":[{\"@type\":\"CommentAction\",\"name\":\"Comment\",\"target\":[\"https:\\\/\\\/ohme-ev.com\\\/be-fr\\\/blog\\\/offre-a-tarification-dynamique\\\/#respond\"]}]},{\"@type\":\"WebPage\",\"@id\":\"https:\\\/\\\/ohme-ev.com\\\/be-fr\\\/blog\\\/offre-a-tarification-dynamique\\\/\",\"url\":\"https:\\\/\\\/ohme-ev.com\\\/be-fr\\\/blog\\\/offre-a-tarification-dynamique\\\/\",\"name\":\"Qu'est ce qu'une offre \u00e0 tarification dynamique ? - Ohme EV Belgique\",\"isPartOf\":{\"@id\":\"https:\\\/\\\/ohme-ev.com\\\/be-fr\\\/#website\"},\"primaryImageOfPage\":{\"@id\":\"https:\\\/\\\/ohme-ev.com\\\/be-fr\\\/blog\\\/offre-a-tarification-dynamique\\\/#primaryimage\"},\"image\":{\"@id\":\"https:\\\/\\\/ohme-ev.com\\\/be-fr\\\/blog\\\/offre-a-tarification-dynamique\\\/#primaryimage\"},\"thumbnailUrl\":\"https:\\\/\\\/ohme-ev.com\\\/be-fr\\\/wp-content\\\/uploads\\\/sites\\\/19\\\/2024\\\/07\\\/ezgif-7-da1674dbc2.webp\",\"datePublished\":\"2024-10-29T15:39:50+00:00\",\"dateModified\":\"2025-04-16T10:08:06+00:00\",\"author\":{\"@id\":\"https:\\\/\\\/ohme-ev.com\\\/be-fr\\\/#\\\/schema\\\/person\\\/b4478ff0694f01efc51e3e764f50479e\"},\"description\":\"Chez Ohme, nous parlons souvent de tarifs dynamiques. Mais qu'est-ce qu'une offre \u00e0 tarification dynamique ? Nous nous ferons un plaisir de vous l'expliquer !\",\"breadcrumb\":{\"@id\":\"https:\\\/\\\/ohme-ev.com\\\/be-fr\\\/blog\\\/offre-a-tarification-dynamique\\\/#breadcrumb\"},\"inLanguage\":\"fr-be\",\"potentialAction\":[{\"@type\":\"ReadAction\",\"target\":[\"https:\\\/\\\/ohme-ev.com\\\/be-fr\\\/blog\\\/offre-a-tarification-dynamique\\\/\"]}]},{\"@type\":\"ImageObject\",\"inLanguage\":\"fr-be\",\"@id\":\"https:\\\/\\\/ohme-ev.com\\\/be-fr\\\/blog\\\/offre-a-tarification-dynamique\\\/#primaryimage\",\"url\":\"https:\\\/\\\/ohme-ev.com\\\/be-fr\\\/wp-content\\\/uploads\\\/sites\\\/19\\\/2024\\\/07\\\/ezgif-7-da1674dbc2.webp\",\"contentUrl\":\"https:\\\/\\\/ohme-ev.com\\\/be-fr\\\/wp-content\\\/uploads\\\/sites\\\/19\\\/2024\\\/07\\\/ezgif-7-da1674dbc2.webp\",\"width\":1600,\"height\":900},{\"@type\":\"BreadcrumbList\",\"@id\":\"https:\\\/\\\/ohme-ev.com\\\/be-fr\\\/blog\\\/offre-a-tarification-dynamique\\\/#breadcrumb\",\"itemListElement\":[{\"@type\":\"ListItem\",\"position\":1,\"name\":\"Home\",\"item\":\"https:\\\/\\\/ohme-ev.com\\\/be-fr\\\/\"},{\"@type\":\"ListItem\",\"position\":2,\"name\":\"Qu&#8217;est ce qu&#8217;une offre \u00e0 tarification dynamique ?\"}]},{\"@type\":\"WebSite\",\"@id\":\"https:\\\/\\\/ohme-ev.com\\\/be-fr\\\/#website\",\"url\":\"https:\\\/\\\/ohme-ev.com\\\/be-fr\\\/\",\"name\":\"Ohme EV Belgique\",\"description\":\"Ohme - EV Smart Charging Solutions\",\"potentialAction\":[{\"@type\":\"SearchAction\",\"target\":{\"@type\":\"EntryPoint\",\"urlTemplate\":\"https:\\\/\\\/ohme-ev.com\\\/be-fr\\\/?s={search_term_string}\"},\"query-input\":{\"@type\":\"PropertyValueSpecification\",\"valueRequired\":true,\"valueName\":\"search_term_string\"}}],\"inLanguage\":\"fr-be\"},{\"@type\":\"Person\",\"@id\":\"https:\\\/\\\/ohme-ev.com\\\/be-fr\\\/#\\\/schema\\\/person\\\/b4478ff0694f01efc51e3e764f50479e\",\"name\":\"valeriegorreuxohme\",\"image\":{\"@type\":\"ImageObject\",\"inLanguage\":\"fr-be\",\"@id\":\"https:\\\/\\\/secure.gravatar.com\\\/avatar\\\/ddbf9325682bfe44e0270f90fc3c1854e9c9ac44d53a3da42eae8b835996a4f7?s=96&d=mm&r=g\",\"url\":\"https:\\\/\\\/secure.gravatar.com\\\/avatar\\\/ddbf9325682bfe44e0270f90fc3c1854e9c9ac44d53a3da42eae8b835996a4f7?s=96&d=mm&r=g\",\"contentUrl\":\"https:\\\/\\\/secure.gravatar.com\\\/avatar\\\/ddbf9325682bfe44e0270f90fc3c1854e9c9ac44d53a3da42eae8b835996a4f7?s=96&d=mm&r=g\",\"caption\":\"valeriegorreuxohme\"}}]}<\/script>\n<!-- \/ Yoast SEO Premium plugin. -->","yoast_head_json":{"title":"Qu'est ce qu'une offre \u00e0 tarification dynamique ? - Ohme EV Belgique","description":"Chez Ohme, nous parlons souvent de tarifs dynamiques. Mais qu'est-ce qu'une offre \u00e0 tarification dynamique ? Nous nous ferons un plaisir de vous l'expliquer !","robots":{"index":"index","follow":"follow","max-snippet":"max-snippet:-1","max-image-preview":"max-image-preview:large","max-video-preview":"max-video-preview:-1"},"canonical":"https:\/\/ohme-ev.com\/be-fr\/blog\/offre-a-tarification-dynamique\/","og_locale":"fr_FR","og_type":"article","og_title":"Qu'est ce qu'une offre \u00e0 tarification dynamique ?","og_description":"Chez Ohme, nous parlons souvent de tarifs dynamiques. Mais qu'est-ce qu'une offre \u00e0 tarification dynamique ? Nous nous ferons un plaisir de vous l'expliquer !","og_url":"https:\/\/ohme-ev.com\/be-fr\/blog\/offre-a-tarification-dynamique\/","og_site_name":"Ohme EV Belgique","article_publisher":"https:\/\/www.facebook.com\/OhmeEV\/","article_published_time":"2024-10-29T15:39:50+00:00","article_modified_time":"2025-04-16T10:08:06+00:00","og_image":[{"width":1600,"height":900,"url":"https:\/\/ohme-ev.com\/be-fr\/wp-content\/uploads\/sites\/19\/2024\/07\/ezgif-7-da1674dbc2.webp","type":"image\/webp"}],"author":"valeriegorreuxohme","twitter_card":"summary_large_image","twitter_creator":"@ohmeev","twitter_site":"@ohmeev","twitter_misc":{"Written by":"valeriegorreuxohme","Est. reading time":"3 minutes"},"schema":{"@context":"https:\/\/schema.org","@graph":[{"@type":"Article","@id":"https:\/\/ohme-ev.com\/be-fr\/blog\/offre-a-tarification-dynamique\/#article","isPartOf":{"@id":"https:\/\/ohme-ev.com\/be-fr\/blog\/offre-a-tarification-dynamique\/"},"author":{"name":"valeriegorreuxohme","@id":"https:\/\/ohme-ev.com\/be-fr\/#\/schema\/person\/b4478ff0694f01efc51e3e764f50479e"},"headline":"Qu&#8217;est ce qu&#8217;une offre \u00e0 tarification dynamique ?","datePublished":"2024-10-29T15:39:50+00:00","dateModified":"2025-04-16T10:08:06+00:00","mainEntityOfPage":{"@id":"https:\/\/ohme-ev.com\/be-fr\/blog\/offre-a-tarification-dynamique\/"},"wordCount":621,"commentCount":0,"image":{"@id":"https:\/\/ohme-ev.com\/be-fr\/blog\/offre-a-tarification-dynamique\/#primaryimage"},"thumbnailUrl":"https:\/\/ohme-ev.com\/be-fr\/wp-content\/uploads\/sites\/19\/2024\/07\/ezgif-7-da1674dbc2.webp","keywords":["Conducteurs de VE","Energie","Recharge Intelligente"],"inLanguage":"fr-be","potentialAction":[{"@type":"CommentAction","name":"Comment","target":["https:\/\/ohme-ev.com\/be-fr\/blog\/offre-a-tarification-dynamique\/#respond"]}]},{"@type":"WebPage","@id":"https:\/\/ohme-ev.com\/be-fr\/blog\/offre-a-tarification-dynamique\/","url":"https:\/\/ohme-ev.com\/be-fr\/blog\/offre-a-tarification-dynamique\/","name":"Qu'est ce qu'une offre \u00e0 tarification dynamique ? - Ohme EV Belgique","isPartOf":{"@id":"https:\/\/ohme-ev.com\/be-fr\/#website"},"primaryImageOfPage":{"@id":"https:\/\/ohme-ev.com\/be-fr\/blog\/offre-a-tarification-dynamique\/#primaryimage"},"image":{"@id":"https:\/\/ohme-ev.com\/be-fr\/blog\/offre-a-tarification-dynamique\/#primaryimage"},"thumbnailUrl":"https:\/\/ohme-ev.com\/be-fr\/wp-content\/uploads\/sites\/19\/2024\/07\/ezgif-7-da1674dbc2.webp","datePublished":"2024-10-29T15:39:50+00:00","dateModified":"2025-04-16T10:08:06+00:00","author":{"@id":"https:\/\/ohme-ev.com\/be-fr\/#\/schema\/person\/b4478ff0694f01efc51e3e764f50479e"},"description":"Chez Ohme, nous parlons souvent de tarifs dynamiques. Mais qu'est-ce qu'une offre \u00e0 tarification dynamique ? Nous nous ferons un plaisir de vous l'expliquer !","breadcrumb":{"@id":"https:\/\/ohme-ev.com\/be-fr\/blog\/offre-a-tarification-dynamique\/#breadcrumb"},"inLanguage":"fr-be","potentialAction":[{"@type":"ReadAction","target":["https:\/\/ohme-ev.com\/be-fr\/blog\/offre-a-tarification-dynamique\/"]}]},{"@type":"ImageObject","inLanguage":"fr-be","@id":"https:\/\/ohme-ev.com\/be-fr\/blog\/offre-a-tarification-dynamique\/#primaryimage","url":"https:\/\/ohme-ev.com\/be-fr\/wp-content\/uploads\/sites\/19\/2024\/07\/ezgif-7-da1674dbc2.webp","contentUrl":"https:\/\/ohme-ev.com\/be-fr\/wp-content\/uploads\/sites\/19\/2024\/07\/ezgif-7-da1674dbc2.webp","width":1600,"height":900},{"@type":"BreadcrumbList","@id":"https:\/\/ohme-ev.com\/be-fr\/blog\/offre-a-tarification-dynamique\/#breadcrumb","itemListElement":[{"@type":"ListItem","position":1,"name":"Home","item":"https:\/\/ohme-ev.com\/be-fr\/"},{"@type":"ListItem","position":2,"name":"Qu&#8217;est ce qu&#8217;une offre \u00e0 tarification dynamique ?"}]},{"@type":"WebSite","@id":"https:\/\/ohme-ev.com\/be-fr\/#website","url":"https:\/\/ohme-ev.com\/be-fr\/","name":"Ohme EV Belgique","description":"Ohme - EV Smart Charging Solutions","potentialAction":[{"@type":"SearchAction","target":{"@type":"EntryPoint","urlTemplate":"https:\/\/ohme-ev.com\/be-fr\/?s={search_term_string}"},"query-input":{"@type":"PropertyValueSpecification","valueRequired":true,"valueName":"search_term_string"}}],"inLanguage":"fr-be"},{"@type":"Person","@id":"https:\/\/ohme-ev.com\/be-fr\/#\/schema\/person\/b4478ff0694f01efc51e3e764f50479e","name":"valeriegorreuxohme","image":{"@type":"ImageObject","inLanguage":"fr-be","@id":"https:\/\/secure.gravatar.com\/avatar\/ddbf9325682bfe44e0270f90fc3c1854e9c9ac44d53a3da42eae8b835996a4f7?s=96&d=mm&r=g","url":"https:\/\/secure.gravatar.com\/avatar\/ddbf9325682bfe44e0270f90fc3c1854e9c9ac44d53a3da42eae8b835996a4f7?s=96&d=mm&r=g","contentUrl":"https:\/\/secure.gravatar.com\/avatar\/ddbf9325682bfe44e0270f90fc3c1854e9c9ac44d53a3da42eae8b835996a4f7?s=96&d=mm&r=g","caption":"valeriegorreuxohme"}}]}},"_links":{"self":[{"href":"https:\/\/ohme-ev.com\/be-fr\/wp-json\/wp\/v2\/posts\/2970","targetHints":{"allow":["GET"]}}],"collection":[{"href":"https:\/\/ohme-ev.com\/be-fr\/wp-json\/wp\/v2\/posts"}],"about":[{"href":"https:\/\/ohme-ev.com\/be-fr\/wp-json\/wp\/v2\/types\/post"}],"author":[{"embeddable":true,"href":"https:\/\/ohme-ev.com\/be-fr\/wp-json\/wp\/v2\/users\/38"}],"replies":[{"embeddable":true,"href":"https:\/\/ohme-ev.com\/be-fr\/wp-json\/wp\/v2\/comments?post=2970"}],"version-history":[{"count":0,"href":"https:\/\/ohme-ev.com\/be-fr\/wp-json\/wp\/v2\/posts\/2970\/revisions"}],"wp:featuredmedia":[{"embeddable":true,"href":"https:\/\/ohme-ev.com\/be-fr\/wp-json\/wp\/v2\/media\/2590"}],"wp:attachment":[{"href":"https:\/\/ohme-ev.com\/be-fr\/wp-json\/wp\/v2\/media?parent=2970"}],"wp:term":[{"taxonomy":"category","embeddable":true,"href":"https:\/\/ohme-ev.com\/be-fr\/wp-json\/wp\/v2\/categories?post=2970"},{"taxonomy":"post_tag","embeddable":true,"href":"https:\/\/ohme-ev.com\/be-fr\/wp-json\/wp\/v2\/tags?post=2970"}],"curies":[{"name":"wp","href":"https:\/\/api.w.org\/{rel}","templated":true}]}}