{"id":2967,"date":"2024-11-27T15:40:09","date_gmt":"2024-11-27T15:40:09","guid":{"rendered":"https:\/\/ohme-ev.com\/be-fr\/?p=2967"},"modified":"2025-04-16T10:06:44","modified_gmt":"2025-04-16T10:06:44","slug":"assurez-vous-que-votre-ve-est-prete-a-affronter-le-froid","status":"publish","type":"post","link":"https:\/\/ohme-ev.com\/be-fr\/blog\/assurez-vous-que-votre-ve-est-prete-a-affronter-le-froid\/","title":{"rendered":"Assurez-vous que votre VE est pr\u00eate \u00e0 affronter le froid!"},"content":{"rendered":"\n<p class=\"has-medium-font-size\"><strong>Conseils pour recharger votre VE en hiver <\/strong><\/p>\n\n\n\n<p>Vous voulez \u00e9viter que votre v\u00e9hicule \u00e9lectrique ne subisse les affres de l&#8217;hiver ? Avec quelques conseils simples, vous pouvez vous assurer que votre voiture reste efficace, m\u00eame pendant les mois froids de l&#8217;hiver !<\/p>\n\n\n\n<p><strong>Chauffez avant de partir<\/strong><\/p>\n\n\n\n<p>Le chauffage de votre VE en hiver est assez exigeant pour votre batterie. C&#8217;est pourquoi il est pr\u00e9f\u00e9rable de laisser la voiture et la batterie se r\u00e9chauffer avant de partir. Et c&#8217;est facile, car la plupart des voitures \u00e9lectriques disposent de cette fonction. Laissez donc votre voiture se r\u00e9chauffer pendant que le c\u00e2ble est encore branch\u00e9 et vous aurez plus de batterie pour votre voyage !<\/p>\n\n\n\n<p><strong>Ne laissez pas le niveau de votre batterie descendre trop bas<\/strong><\/p>\n\n\n\n<p>Il est toujours pr\u00e9f\u00e9rable de ne pas laisser votre batterie descendre en dessous de 20 %. Pourquoi ? Plus le niveau est bas, plus il est difficile pour votre voiture de maintenir la batterie au chaud. Essayez donc de recharger plus souvent et moins longtemps pour \u00e9viter d&#8217;avoir \u00e0 recharger sur la route !<\/p>\n\n\n\n<p><strong>Garez-vous dans un endroit chaud<\/strong><\/p>\n\n\n\n<p>Si vous en avez la possibilit\u00e9, il est pr\u00e9f\u00e9rable de vous garer \u00e0 l&#8217;int\u00e9rieur ou dans un endroit couvert. Mais m\u00eame le fait de se garer au soleil peut jouer un r\u00f4le. Si vous devez vous garer \u00e0 l&#8217;ext\u00e9rieur, veillez \u00e0 toujours enlever la neige avant de prendre la route. De cette fa\u00e7on, vous aurez moins de tra\u00een\u00e9e et pourrez donc rouler plus loin !<\/p>\n\n\n\n<p><strong>Attention au chauffage sur la route<\/strong><\/p>\n\n\n\n<p>Nous aimons tous \u00eatre dans une voiture bien chaude, mais cela peut avoir un effet sur votre autonomie. Utilisez plut\u00f4t le chauffage du si\u00e8ge ou du volant, qui sont tr\u00e8s efficaces et vous tiendront tout aussi chaud. Ou mettez simplement une couche suppl\u00e9mentaire. Votre batterie vous remerciera !<\/p>\n\n\n\n<p><strong>Planifiez \u00e0 l&#8217;avance<\/strong><\/p>\n\n\n\n<p>Le froid peut r\u00e9duire l&#8217;autonomie de votre batterie, c&#8217;est pourquoi vous devez vous y prendre \u00e0 l&#8217;avance. Assurez-vous de savoir o\u00f9 vous pouvez vous recharger en d\u00e9placement et emportez votre c\u00e2ble mobile <a href=\"https:\/\/ohme-ev.com\/be-fr\/produit\/ohme-go\/\">Ohme Go<\/a> avec vous en cas d&#8217;urgence. En planifiant \u00e0 l&#8217;avance, vous gagnerez du temps et \u00e9viterez les situations stressantes !<\/p>\n\n\n\n<figure class=\"wp-block-image size-large\"><img loading=\"lazy\" decoding=\"async\" width=\"1024\" height=\"884\" src=\"https:\/\/ohme-ev.com\/be-fr\/wp-content\/uploads\/sites\/19\/2024\/03\/Schucko-retouch-Front-1024x884.webp\" alt=\"\" class=\"wp-image-2397\" srcset=\"https:\/\/ohme-ev.com\/be-fr\/wp-content\/uploads\/sites\/19\/2024\/03\/Schucko-retouch-Front-1024x884.webp 1024w, https:\/\/ohme-ev.com\/be-fr\/wp-content\/uploads\/sites\/19\/2024\/03\/Schucko-retouch-Front-300x259.webp 300w, https:\/\/ohme-ev.com\/be-fr\/wp-content\/uploads\/sites\/19\/2024\/03\/Schucko-retouch-Front-768x663.webp 768w, https:\/\/ohme-ev.com\/be-fr\/wp-content\/uploads\/sites\/19\/2024\/03\/Schucko-retouch-Front-1536x1326.webp 1536w, https:\/\/ohme-ev.com\/be-fr\/wp-content\/uploads\/sites\/19\/2024\/03\/Schucko-retouch-Front-213x184.webp 213w, https:\/\/ohme-ev.com\/be-fr\/wp-content\/uploads\/sites\/19\/2024\/03\/Schucko-retouch-Front-280x242.webp 280w, https:\/\/ohme-ev.com\/be-fr\/wp-content\/uploads\/sites\/19\/2024\/03\/Schucko-retouch-Front.webp 1927w\" sizes=\"auto, (max-width: 1024px) 100vw, 1024px\" \/><\/figure>\n\n\n\n<p><\/p>\n\n\n\n<p><strong>\u00c9conomisez en chargeant intelligemment<\/strong><\/p>\n\n\n\n<p>Par temps froid, la recharge peut prendre plus de temps et donc co\u00fbter plus cher. Mais il existe une solution ! Gr\u00e2ce aux <a href=\"https:\/\/ohme-ev.com\/be-fr\/nos-bornes-de-recharge\/\">chargeurs intelligents d&#8217;Ohme<\/a>, vous rechargez automatiquement au moment le moins cher. Un moyen simple de ne pas faire grimper votre facture d&#8217;\u00e9lectricit\u00e9 !<\/p>\n\n\n\n<p>Vous voyez donc qu&#8217;il n&#8217;est pas du tout difficile de maintenir votre voiture \u00e9lectrique en parfait \u00e9tat de marche pendant l&#8217;hiver. Gr\u00e2ce \u00e0 ces conseils, vous pouvez devancer le froid, \u00e9conomiser de l&#8217;\u00e9nergie et maintenir votre voiture en parfait \u00e9tat. N&#8217;oubliez pas qu&#8217;un peu d&#8217;organisation ne fait pas de mal ! <\/p>\n\n\n\n<p>Conduisez prudemment et profitez de la balade !<\/p>\n\n\n\n<p><\/p>\n","protected":false},"excerpt":{"rendered":"<p>Conseils pour recharger votre VE en hiver Vous voulez \u00e9viter que votre v\u00e9hicule \u00e9lectrique ne subisse les affres de l&#8217;hiver ? Avec quelques conseils simples, vous pouvez vous assurer que votre voiture reste efficace, m\u00eame pendant les mois froids de l&#8217;hiver ! Chauffez avant de partir Le chauffage de votre VE en hiver est assez [&hellip;]<\/p>\n","protected":false},"author":38,"featured_media":1513,"comment_status":"open","ping_status":"open","sticky":false,"template":"","format":"standard","meta":{"_acf_changed":false,"_helpful_status":1,"footnotes":""},"categories":[1],"tags":[178,179,186],"class_list":["post-2967","post","type-post","status-publish","format-standard","has-post-thumbnail","hentry","category-uncategorized","tag-conducteurs-de-ve","tag-ve","tag-astuces"],"acf":[],"yoast_head":"<!-- This site is optimized with the Yoast SEO Premium plugin v27.5 (Yoast SEO v27.5) - https:\/\/yoast.com\/product\/yoast-seo-premium-wordpress\/ -->\n<title>Assurez-vous que votre VE est pr\u00eate \u00e0 affronter le froid! - Ohme EV Belgique<\/title>\n<meta name=\"description\" content=\"Avec quelques conseils simples, vous pouvez assurer l&#039;efficacit\u00e9 de votre VE en hiver!\" \/>\n<meta name=\"robots\" content=\"index, follow, max-snippet:-1, max-image-preview:large, max-video-preview:-1\" \/>\n<link rel=\"canonical\" href=\"https:\/\/ohme-ev.com\/be-fr\/blog\/assurez-vous-que-votre-ve-est-prete-a-affronter-le-froid\/\" \/>\n<meta property=\"og:locale\" content=\"fr_FR\" \/>\n<meta property=\"og:type\" content=\"article\" \/>\n<meta property=\"og:title\" content=\"Assurez-vous que votre VE est pr\u00eate \u00e0 affronter le froid!\" \/>\n<meta property=\"og:description\" content=\"Avec quelques conseils simples, vous pouvez assurer l&#039;efficacit\u00e9 de votre VE en hiver!\" \/>\n<meta property=\"og:url\" content=\"https:\/\/ohme-ev.com\/be-fr\/blog\/assurez-vous-que-votre-ve-est-prete-a-affronter-le-froid\/\" \/>\n<meta property=\"og:site_name\" content=\"Ohme EV Belgique\" \/>\n<meta property=\"article:publisher\" content=\"https:\/\/www.facebook.com\/OhmeEV\/\" \/>\n<meta property=\"article:published_time\" content=\"2024-11-27T15:40:09+00:00\" \/>\n<meta property=\"article:modified_time\" content=\"2025-04-16T10:06:44+00:00\" \/>\n<meta property=\"og:image\" content=\"https:\/\/ohme-ev.com\/be-fr\/wp-content\/uploads\/sites\/19\/2023\/08\/Support_black-car-charger-header_UK.jpg\" \/>\n\t<meta property=\"og:image:width\" content=\"1868\" \/>\n\t<meta property=\"og:image:height\" content=\"1054\" \/>\n\t<meta property=\"og:image:type\" content=\"image\/jpeg\" \/>\n<meta name=\"author\" content=\"valeriegorreuxohme\" \/>\n<meta name=\"twitter:card\" content=\"summary_large_image\" \/>\n<meta name=\"twitter:creator\" content=\"@ohmeev\" \/>\n<meta name=\"twitter:site\" content=\"@ohmeev\" \/>\n<meta name=\"twitter:label1\" content=\"Written by\" \/>\n\t<meta name=\"twitter:data1\" content=\"valeriegorreuxohme\" \/>\n\t<meta name=\"twitter:label2\" content=\"Est. reading time\" \/>\n\t<meta name=\"twitter:data2\" content=\"3 minutes\" \/>\n<script type=\"application\/ld+json\" class=\"yoast-schema-graph\">{\"@context\":\"https:\\\/\\\/schema.org\",\"@graph\":[{\"@type\":\"Article\",\"@id\":\"https:\\\/\\\/ohme-ev.com\\\/be-fr\\\/blog\\\/assurez-vous-que-votre-ve-est-prete-a-affronter-le-froid\\\/#article\",\"isPartOf\":{\"@id\":\"https:\\\/\\\/ohme-ev.com\\\/be-fr\\\/blog\\\/assurez-vous-que-votre-ve-est-prete-a-affronter-le-froid\\\/\"},\"author\":{\"name\":\"valeriegorreuxohme\",\"@id\":\"https:\\\/\\\/ohme-ev.com\\\/be-fr\\\/#\\\/schema\\\/person\\\/b4478ff0694f01efc51e3e764f50479e\"},\"headline\":\"Assurez-vous que votre VE est pr\u00eate \u00e0 affronter le froid!\",\"datePublished\":\"2024-11-27T15:40:09+00:00\",\"dateModified\":\"2025-04-16T10:06:44+00:00\",\"mainEntityOfPage\":{\"@id\":\"https:\\\/\\\/ohme-ev.com\\\/be-fr\\\/blog\\\/assurez-vous-que-votre-ve-est-prete-a-affronter-le-froid\\\/\"},\"wordCount\":504,\"commentCount\":0,\"image\":{\"@id\":\"https:\\\/\\\/ohme-ev.com\\\/be-fr\\\/blog\\\/assurez-vous-que-votre-ve-est-prete-a-affronter-le-froid\\\/#primaryimage\"},\"thumbnailUrl\":\"https:\\\/\\\/ohme-ev.com\\\/be-fr\\\/wp-content\\\/uploads\\\/sites\\\/19\\\/2023\\\/08\\\/Support_black-car-charger-header_UK.jpg\",\"keywords\":[\"Conducteurs de VE\",\"VE\",\"Astuces\"],\"inLanguage\":\"fr-be\",\"potentialAction\":[{\"@type\":\"CommentAction\",\"name\":\"Comment\",\"target\":[\"https:\\\/\\\/ohme-ev.com\\\/be-fr\\\/blog\\\/assurez-vous-que-votre-ve-est-prete-a-affronter-le-froid\\\/#respond\"]}]},{\"@type\":\"WebPage\",\"@id\":\"https:\\\/\\\/ohme-ev.com\\\/be-fr\\\/blog\\\/assurez-vous-que-votre-ve-est-prete-a-affronter-le-froid\\\/\",\"url\":\"https:\\\/\\\/ohme-ev.com\\\/be-fr\\\/blog\\\/assurez-vous-que-votre-ve-est-prete-a-affronter-le-froid\\\/\",\"name\":\"Assurez-vous que votre VE est pr\u00eate \u00e0 affronter le froid! - Ohme EV Belgique\",\"isPartOf\":{\"@id\":\"https:\\\/\\\/ohme-ev.com\\\/be-fr\\\/#website\"},\"primaryImageOfPage\":{\"@id\":\"https:\\\/\\\/ohme-ev.com\\\/be-fr\\\/blog\\\/assurez-vous-que-votre-ve-est-prete-a-affronter-le-froid\\\/#primaryimage\"},\"image\":{\"@id\":\"https:\\\/\\\/ohme-ev.com\\\/be-fr\\\/blog\\\/assurez-vous-que-votre-ve-est-prete-a-affronter-le-froid\\\/#primaryimage\"},\"thumbnailUrl\":\"https:\\\/\\\/ohme-ev.com\\\/be-fr\\\/wp-content\\\/uploads\\\/sites\\\/19\\\/2023\\\/08\\\/Support_black-car-charger-header_UK.jpg\",\"datePublished\":\"2024-11-27T15:40:09+00:00\",\"dateModified\":\"2025-04-16T10:06:44+00:00\",\"author\":{\"@id\":\"https:\\\/\\\/ohme-ev.com\\\/be-fr\\\/#\\\/schema\\\/person\\\/b4478ff0694f01efc51e3e764f50479e\"},\"description\":\"Avec quelques conseils simples, vous pouvez assurer l'efficacit\u00e9 de votre VE en hiver!\",\"breadcrumb\":{\"@id\":\"https:\\\/\\\/ohme-ev.com\\\/be-fr\\\/blog\\\/assurez-vous-que-votre-ve-est-prete-a-affronter-le-froid\\\/#breadcrumb\"},\"inLanguage\":\"fr-be\",\"potentialAction\":[{\"@type\":\"ReadAction\",\"target\":[\"https:\\\/\\\/ohme-ev.com\\\/be-fr\\\/blog\\\/assurez-vous-que-votre-ve-est-prete-a-affronter-le-froid\\\/\"]}]},{\"@type\":\"ImageObject\",\"inLanguage\":\"fr-be\",\"@id\":\"https:\\\/\\\/ohme-ev.com\\\/be-fr\\\/blog\\\/assurez-vous-que-votre-ve-est-prete-a-affronter-le-froid\\\/#primaryimage\",\"url\":\"https:\\\/\\\/ohme-ev.com\\\/be-fr\\\/wp-content\\\/uploads\\\/sites\\\/19\\\/2023\\\/08\\\/Support_black-car-charger-header_UK.jpg\",\"contentUrl\":\"https:\\\/\\\/ohme-ev.com\\\/be-fr\\\/wp-content\\\/uploads\\\/sites\\\/19\\\/2023\\\/08\\\/Support_black-car-charger-header_UK.jpg\",\"width\":1868,\"height\":1054,\"caption\":\"Person plugging a charging cable into an electric vehicle\"},{\"@type\":\"BreadcrumbList\",\"@id\":\"https:\\\/\\\/ohme-ev.com\\\/be-fr\\\/blog\\\/assurez-vous-que-votre-ve-est-prete-a-affronter-le-froid\\\/#breadcrumb\",\"itemListElement\":[{\"@type\":\"ListItem\",\"position\":1,\"name\":\"Home\",\"item\":\"https:\\\/\\\/ohme-ev.com\\\/be-fr\\\/\"},{\"@type\":\"ListItem\",\"position\":2,\"name\":\"Assurez-vous que votre VE est pr\u00eate \u00e0 affronter le froid!\"}]},{\"@type\":\"WebSite\",\"@id\":\"https:\\\/\\\/ohme-ev.com\\\/be-fr\\\/#website\",\"url\":\"https:\\\/\\\/ohme-ev.com\\\/be-fr\\\/\",\"name\":\"Ohme EV Belgique\",\"description\":\"Ohme - EV Smart Charging Solutions\",\"potentialAction\":[{\"@type\":\"SearchAction\",\"target\":{\"@type\":\"EntryPoint\",\"urlTemplate\":\"https:\\\/\\\/ohme-ev.com\\\/be-fr\\\/?s={search_term_string}\"},\"query-input\":{\"@type\":\"PropertyValueSpecification\",\"valueRequired\":true,\"valueName\":\"search_term_string\"}}],\"inLanguage\":\"fr-be\"},{\"@type\":\"Person\",\"@id\":\"https:\\\/\\\/ohme-ev.com\\\/be-fr\\\/#\\\/schema\\\/person\\\/b4478ff0694f01efc51e3e764f50479e\",\"name\":\"valeriegorreuxohme\",\"image\":{\"@type\":\"ImageObject\",\"inLanguage\":\"fr-be\",\"@id\":\"https:\\\/\\\/secure.gravatar.com\\\/avatar\\\/ddbf9325682bfe44e0270f90fc3c1854e9c9ac44d53a3da42eae8b835996a4f7?s=96&d=mm&r=g\",\"url\":\"https:\\\/\\\/secure.gravatar.com\\\/avatar\\\/ddbf9325682bfe44e0270f90fc3c1854e9c9ac44d53a3da42eae8b835996a4f7?s=96&d=mm&r=g\",\"contentUrl\":\"https:\\\/\\\/secure.gravatar.com\\\/avatar\\\/ddbf9325682bfe44e0270f90fc3c1854e9c9ac44d53a3da42eae8b835996a4f7?s=96&d=mm&r=g\",\"caption\":\"valeriegorreuxohme\"}}]}<\/script>\n<!-- \/ Yoast SEO Premium plugin. -->","yoast_head_json":{"title":"Assurez-vous que votre VE est pr\u00eate \u00e0 affronter le froid! - Ohme EV Belgique","description":"Avec quelques conseils simples, vous pouvez assurer l'efficacit\u00e9 de votre VE en hiver!","robots":{"index":"index","follow":"follow","max-snippet":"max-snippet:-1","max-image-preview":"max-image-preview:large","max-video-preview":"max-video-preview:-1"},"canonical":"https:\/\/ohme-ev.com\/be-fr\/blog\/assurez-vous-que-votre-ve-est-prete-a-affronter-le-froid\/","og_locale":"fr_FR","og_type":"article","og_title":"Assurez-vous que votre VE est pr\u00eate \u00e0 affronter le froid!","og_description":"Avec quelques conseils simples, vous pouvez assurer l'efficacit\u00e9 de votre VE en hiver!","og_url":"https:\/\/ohme-ev.com\/be-fr\/blog\/assurez-vous-que-votre-ve-est-prete-a-affronter-le-froid\/","og_site_name":"Ohme EV Belgique","article_publisher":"https:\/\/www.facebook.com\/OhmeEV\/","article_published_time":"2024-11-27T15:40:09+00:00","article_modified_time":"2025-04-16T10:06:44+00:00","og_image":[{"width":1868,"height":1054,"url":"https:\/\/ohme-ev.com\/be-fr\/wp-content\/uploads\/sites\/19\/2023\/08\/Support_black-car-charger-header_UK.jpg","type":"image\/jpeg"}],"author":"valeriegorreuxohme","twitter_card":"summary_large_image","twitter_creator":"@ohmeev","twitter_site":"@ohmeev","twitter_misc":{"Written by":"valeriegorreuxohme","Est. reading time":"3 minutes"},"schema":{"@context":"https:\/\/schema.org","@graph":[{"@type":"Article","@id":"https:\/\/ohme-ev.com\/be-fr\/blog\/assurez-vous-que-votre-ve-est-prete-a-affronter-le-froid\/#article","isPartOf":{"@id":"https:\/\/ohme-ev.com\/be-fr\/blog\/assurez-vous-que-votre-ve-est-prete-a-affronter-le-froid\/"},"author":{"name":"valeriegorreuxohme","@id":"https:\/\/ohme-ev.com\/be-fr\/#\/schema\/person\/b4478ff0694f01efc51e3e764f50479e"},"headline":"Assurez-vous que votre VE est pr\u00eate \u00e0 affronter le froid!","datePublished":"2024-11-27T15:40:09+00:00","dateModified":"2025-04-16T10:06:44+00:00","mainEntityOfPage":{"@id":"https:\/\/ohme-ev.com\/be-fr\/blog\/assurez-vous-que-votre-ve-est-prete-a-affronter-le-froid\/"},"wordCount":504,"commentCount":0,"image":{"@id":"https:\/\/ohme-ev.com\/be-fr\/blog\/assurez-vous-que-votre-ve-est-prete-a-affronter-le-froid\/#primaryimage"},"thumbnailUrl":"https:\/\/ohme-ev.com\/be-fr\/wp-content\/uploads\/sites\/19\/2023\/08\/Support_black-car-charger-header_UK.jpg","keywords":["Conducteurs de VE","VE","Astuces"],"inLanguage":"fr-be","potentialAction":[{"@type":"CommentAction","name":"Comment","target":["https:\/\/ohme-ev.com\/be-fr\/blog\/assurez-vous-que-votre-ve-est-prete-a-affronter-le-froid\/#respond"]}]},{"@type":"WebPage","@id":"https:\/\/ohme-ev.com\/be-fr\/blog\/assurez-vous-que-votre-ve-est-prete-a-affronter-le-froid\/","url":"https:\/\/ohme-ev.com\/be-fr\/blog\/assurez-vous-que-votre-ve-est-prete-a-affronter-le-froid\/","name":"Assurez-vous que votre VE est pr\u00eate \u00e0 affronter le froid! - Ohme EV Belgique","isPartOf":{"@id":"https:\/\/ohme-ev.com\/be-fr\/#website"},"primaryImageOfPage":{"@id":"https:\/\/ohme-ev.com\/be-fr\/blog\/assurez-vous-que-votre-ve-est-prete-a-affronter-le-froid\/#primaryimage"},"image":{"@id":"https:\/\/ohme-ev.com\/be-fr\/blog\/assurez-vous-que-votre-ve-est-prete-a-affronter-le-froid\/#primaryimage"},"thumbnailUrl":"https:\/\/ohme-ev.com\/be-fr\/wp-content\/uploads\/sites\/19\/2023\/08\/Support_black-car-charger-header_UK.jpg","datePublished":"2024-11-27T15:40:09+00:00","dateModified":"2025-04-16T10:06:44+00:00","author":{"@id":"https:\/\/ohme-ev.com\/be-fr\/#\/schema\/person\/b4478ff0694f01efc51e3e764f50479e"},"description":"Avec quelques conseils simples, vous pouvez assurer l'efficacit\u00e9 de votre VE en hiver!","breadcrumb":{"@id":"https:\/\/ohme-ev.com\/be-fr\/blog\/assurez-vous-que-votre-ve-est-prete-a-affronter-le-froid\/#breadcrumb"},"inLanguage":"fr-be","potentialAction":[{"@type":"ReadAction","target":["https:\/\/ohme-ev.com\/be-fr\/blog\/assurez-vous-que-votre-ve-est-prete-a-affronter-le-froid\/"]}]},{"@type":"ImageObject","inLanguage":"fr-be","@id":"https:\/\/ohme-ev.com\/be-fr\/blog\/assurez-vous-que-votre-ve-est-prete-a-affronter-le-froid\/#primaryimage","url":"https:\/\/ohme-ev.com\/be-fr\/wp-content\/uploads\/sites\/19\/2023\/08\/Support_black-car-charger-header_UK.jpg","contentUrl":"https:\/\/ohme-ev.com\/be-fr\/wp-content\/uploads\/sites\/19\/2023\/08\/Support_black-car-charger-header_UK.jpg","width":1868,"height":1054,"caption":"Person plugging a charging cable into an electric vehicle"},{"@type":"BreadcrumbList","@id":"https:\/\/ohme-ev.com\/be-fr\/blog\/assurez-vous-que-votre-ve-est-prete-a-affronter-le-froid\/#breadcrumb","itemListElement":[{"@type":"ListItem","position":1,"name":"Home","item":"https:\/\/ohme-ev.com\/be-fr\/"},{"@type":"ListItem","position":2,"name":"Assurez-vous que votre VE est pr\u00eate \u00e0 affronter le froid!"}]},{"@type":"WebSite","@id":"https:\/\/ohme-ev.com\/be-fr\/#website","url":"https:\/\/ohme-ev.com\/be-fr\/","name":"Ohme EV Belgique","description":"Ohme - EV Smart Charging Solutions","potentialAction":[{"@type":"SearchAction","target":{"@type":"EntryPoint","urlTemplate":"https:\/\/ohme-ev.com\/be-fr\/?s={search_term_string}"},"query-input":{"@type":"PropertyValueSpecification","valueRequired":true,"valueName":"search_term_string"}}],"inLanguage":"fr-be"},{"@type":"Person","@id":"https:\/\/ohme-ev.com\/be-fr\/#\/schema\/person\/b4478ff0694f01efc51e3e764f50479e","name":"valeriegorreuxohme","image":{"@type":"ImageObject","inLanguage":"fr-be","@id":"https:\/\/secure.gravatar.com\/avatar\/ddbf9325682bfe44e0270f90fc3c1854e9c9ac44d53a3da42eae8b835996a4f7?s=96&d=mm&r=g","url":"https:\/\/secure.gravatar.com\/avatar\/ddbf9325682bfe44e0270f90fc3c1854e9c9ac44d53a3da42eae8b835996a4f7?s=96&d=mm&r=g","contentUrl":"https:\/\/secure.gravatar.com\/avatar\/ddbf9325682bfe44e0270f90fc3c1854e9c9ac44d53a3da42eae8b835996a4f7?s=96&d=mm&r=g","caption":"valeriegorreuxohme"}}]}},"_links":{"self":[{"href":"https:\/\/ohme-ev.com\/be-fr\/wp-json\/wp\/v2\/posts\/2967","targetHints":{"allow":["GET"]}}],"collection":[{"href":"https:\/\/ohme-ev.com\/be-fr\/wp-json\/wp\/v2\/posts"}],"about":[{"href":"https:\/\/ohme-ev.com\/be-fr\/wp-json\/wp\/v2\/types\/post"}],"author":[{"embeddable":true,"href":"https:\/\/ohme-ev.com\/be-fr\/wp-json\/wp\/v2\/users\/38"}],"replies":[{"embeddable":true,"href":"https:\/\/ohme-ev.com\/be-fr\/wp-json\/wp\/v2\/comments?post=2967"}],"version-history":[{"count":0,"href":"https:\/\/ohme-ev.com\/be-fr\/wp-json\/wp\/v2\/posts\/2967\/revisions"}],"wp:featuredmedia":[{"embeddable":true,"href":"https:\/\/ohme-ev.com\/be-fr\/wp-json\/wp\/v2\/media\/1513"}],"wp:attachment":[{"href":"https:\/\/ohme-ev.com\/be-fr\/wp-json\/wp\/v2\/media?parent=2967"}],"wp:term":[{"taxonomy":"category","embeddable":true,"href":"https:\/\/ohme-ev.com\/be-fr\/wp-json\/wp\/v2\/categories?post=2967"},{"taxonomy":"post_tag","embeddable":true,"href":"https:\/\/ohme-ev.com\/be-fr\/wp-json\/wp\/v2\/tags?post=2967"}],"curies":[{"name":"wp","href":"https:\/\/api.w.org\/{rel}","templated":true}]}}