{"id":5035,"date":"2025-08-05T06:45:31","date_gmt":"2025-08-05T06:45:31","guid":{"rendered":"https:\/\/ohme-ev.com\/be-fr\/?post_type=news-and-press&#038;p=5035"},"modified":"2025-08-05T06:45:33","modified_gmt":"2025-08-05T06:45:33","slug":"ohme-facilite-ladoption-des-nouveaux-tarifs-energetiques-en-belgique-grace-a-une-mise-a-jour-de-son-application","status":"publish","type":"news-and-press","link":"https:\/\/ohme-ev.com\/be-fr\/espace-presse\/ohme-facilite-ladoption-des-nouveaux-tarifs-energetiques-en-belgique-grace-a-une-mise-a-jour-de-son-application\/","title":{"rendered":"Ohme facilite l&#8217;adoption des nouveaux tarifs \u00e9nerg\u00e9tiques en Belgique gr\u00e2ce \u00e0 une mise \u00e0 jour de son application"},"content":{"rendered":"\n<p>Ohme, principal fournisseur de bornes domestiques intelligentes pour v\u00e9hicules \u00e9lectriques, annonce une mise \u00e0 jour de son application mobile, visant \u00e0 simplifier et optimiser l&#8217;exp\u00e9rience de recharge pour les conducteurs belges.<\/p>\n\n\n\n<p><br>D\u00e9sormais l\u2019application Ohme int\u00e8gre automatiquement les tarifs d\u2019\u00e9lectricit\u00e9 disponibles en Belgique, y compris les nouvelles offres dynamiques propos\u00e9es par les fournisseurs d\u2019\u00e9nergie. Cette int\u00e9gration permet aux utilisateurs de b\u00e9n\u00e9ficier d\u2019une recharge automatique aux heures les plus avantageuses, sans configuration manuelle.<\/p>\n\n\n\n<p><br>Cette innovation s\u2019inscrit dans l\u2019engagement d\u2019Ohme \u00e0 accompagner la transition \u00e9nerg\u00e9tique en rendant la recharge domestique plus intelligente, plus \u00e9conomique et adapt\u00e9e \u00e0 l\u2019\u00e9volution rapide des offres du march\u00e9.<\/p>\n\n\n\n<p>&#8220;Avec leur technologie de recharge intelligente et leur logiciel unique, les bornes domestiques pour VE d&#8217;Ohme sont d\u00e9j\u00e0 parmi les plus avanc\u00e9es sur le march\u00e9, mais l&#8217;ajout de l&#8217;int\u00e9gration API sur l&#8217;application Ohme les place vraiment au-dessus de leurs concurrents,&#8221; a d\u00e9clar\u00e9 Pieter Van der Auwermeulen, Ohme Belgique. &#8220;Une \u00e9tude r\u00e9cente a r\u00e9v\u00e9l\u00e9 qu&#8217;un conducteur de voiture de soci\u00e9t\u00e9 sur quatre h\u00e9sitait \u00e0 recharger \u00e0 domicile en raison du manque de visibilit\u00e9 sur les co\u00fbts. Ce n&#8217;est plus un probl\u00e8me gr\u00e2ce \u00e0 cette nouvelle fonctionnalit\u00e9 d&#8217;Ohme, qui introduira un nouveau niveau de facilit\u00e9 et de commodit\u00e9 pour les conducteurs de VE utilisant une borne Ohme.&#8221;<\/p>\n\n\n\n<p>Ohme est le seul fournisseur de bornes domestiques pour VE en Belgique offrant un choix aussi complet de solutions de recharge avec les chargeurs Home Pro, Home Pro MID, ePod, ainsi que les solutions de recharge portables Go et Go CEE, r\u00e9pondant \u00e0 tous les besoins de recharge domestique, professionnels et personnels.<\/p>\n\n\n\n<p>L&#8217;arriv\u00e9e de l&#8217;int\u00e9gration API survient juste apr\u00e8s qu\u2019Ohme a annonc\u00e9 l&#8217;arriv\u00e9e de la fonction MultiCar \u00e0 son application. Cela permet aux conducteurs qui poss\u00e8dent plusieurs VE de les ajouter tous \u00e0 leur compte et de choisir entre eux lorsqu&#8217;ils d\u00e9cident quelle voiture charger \u00e0 domicile. Cela signifie que les utilisateurs d&#8217;Ohme peuvent facilement diff\u00e9rencier les voitures personnelles des voitures de soci\u00e9t\u00e9, avec les co\u00fbts de recharge associ\u00e9s inclus pour chaque v\u00e9hicule \u2013 un \u00e9l\u00e9ment crucial qui est n\u00e9cessaire pour r\u00e9clamer les co\u00fbts de toute recharge \u00e0 domicile dans ses d\u00e9penses.<\/p>\n\n\n\n<p>Avec une borne intelligente d\u2019Ohme, une recharge compl\u00e8te de 0% \u00e0 100% pour une Volkswagen ID.5 avec une batterie de 77kWh, sur un tarif hors pointe, comme Frank Energie Dynamisch, pourrait co\u00fbter seulement 9,69 \u20ac*. Ohme offre \u00e9galement aux conducteurs la possibilit\u00e9 de charger leur voiture lorsque la production d&#8217;\u00e9nergie renouvelable sur le r\u00e9seau national est \u00e0 son maximum, r\u00e9duisant ainsi leur impact en CO2.<\/p>\n\n\n\n<p>Ohme est le fournisseur officiel de bornes de recharge pour le groupe Volkswagen et Volvo Cars au Royaume-Uni et en Irlande ainsi que pour Mercedes-Benz, Smart Cars et Hyundai au Royaume-Uni. Ohme a \u00e9galement \u00e9t\u00e9 nomm\u00e9 Meilleur Fabricant de Bornes de Recharge aux Irish EV Awards 2024.<\/p>\n\n\n\n<p><em>*Frank Energie Variabel \u00e0 12,58c\/kWh. Il s&#8217;agit du prix moyen de l&#8217;\u00e9lectricit\u00e9 dans le cadre de ce tarif. Si vous ne chargez qu&#8217;aux heures les moins ch\u00e8res, une session de recharge peut devenir encore plus \u00e9conomique.<\/em><\/p>\n\n\n\n<p><\/p>\n","protected":false},"featured_media":5014,"template":"","class_list":["post-5035","news-and-press","type-news-and-press","status-publish","has-post-thumbnail","hentry"],"acf":[],"yoast_head":"<!-- This site is optimized with the Yoast SEO Premium plugin v27.4 (Yoast SEO v27.4) - https:\/\/yoast.com\/product\/yoast-seo-premium-wordpress\/ -->\n<title>Ohme facilite l&#039;adoption des nouveaux tarifs \u00e9nerg\u00e9tiques en Belgique gr\u00e2ce \u00e0 une mise \u00e0 jour de son application - Ohme EV Belgique<\/title>\n<meta name=\"robots\" content=\"index, follow, max-snippet:-1, max-image-preview:large, max-video-preview:-1\" \/>\n<link rel=\"canonical\" href=\"https:\/\/ohme-ev.com\/be-fr\/espace-presse\/ohme-facilite-ladoption-des-nouveaux-tarifs-energetiques-en-belgique-grace-a-une-mise-a-jour-de-son-application\/\" \/>\n<meta property=\"og:locale\" content=\"fr_FR\" \/>\n<meta property=\"og:type\" content=\"article\" \/>\n<meta property=\"og:title\" content=\"Ohme facilite l&#039;adoption des nouveaux tarifs \u00e9nerg\u00e9tiques en Belgique gr\u00e2ce \u00e0 une mise \u00e0 jour de son application\" \/>\n<meta property=\"og:description\" content=\"Ohme, principal fournisseur de bornes domestiques intelligentes pour v\u00e9hicules \u00e9lectriques, annonce une mise \u00e0 jour de son application mobile, visant \u00e0 simplifier et optimiser l&#8217;exp\u00e9rience de recharge pour les conducteurs belges. D\u00e9sormais l\u2019application Ohme int\u00e8gre automatiquement les tarifs d\u2019\u00e9lectricit\u00e9 disponibles en Belgique, y compris les nouvelles offres dynamiques propos\u00e9es par les fournisseurs d\u2019\u00e9nergie. Cette int\u00e9gration [&hellip;]\" \/>\n<meta property=\"og:url\" content=\"https:\/\/ohme-ev.com\/be-fr\/espace-presse\/ohme-facilite-ladoption-des-nouveaux-tarifs-energetiques-en-belgique-grace-a-une-mise-a-jour-de-son-application\/\" \/>\n<meta property=\"og:site_name\" content=\"Ohme EV Belgique\" \/>\n<meta property=\"article:publisher\" content=\"https:\/\/www.facebook.com\/OhmeEV\/\" \/>\n<meta property=\"article:modified_time\" content=\"2025-08-05T06:45:33+00:00\" \/>\n<meta property=\"og:image\" content=\"https:\/\/ohme-ev.com\/be-fr\/wp-content\/uploads\/sites\/19\/2025\/07\/Picture4-4.webp\" \/>\n\t<meta property=\"og:image:width\" content=\"520\" \/>\n\t<meta property=\"og:image:height\" content=\"348\" \/>\n\t<meta property=\"og:image:type\" content=\"image\/webp\" \/>\n<meta name=\"twitter:card\" content=\"summary_large_image\" \/>\n<meta name=\"twitter:site\" content=\"@ohmeev\" \/>\n<meta name=\"twitter:label1\" content=\"Est. reading time\" \/>\n\t<meta name=\"twitter:data1\" content=\"3 minutes\" \/>\n<script type=\"application\/ld+json\" class=\"yoast-schema-graph\">{\"@context\":\"https:\\\/\\\/schema.org\",\"@graph\":[{\"@type\":\"WebPage\",\"@id\":\"https:\\\/\\\/ohme-ev.com\\\/be-fr\\\/espace-presse\\\/ohme-facilite-ladoption-des-nouveaux-tarifs-energetiques-en-belgique-grace-a-une-mise-a-jour-de-son-application\\\/\",\"url\":\"https:\\\/\\\/ohme-ev.com\\\/be-fr\\\/espace-presse\\\/ohme-facilite-ladoption-des-nouveaux-tarifs-energetiques-en-belgique-grace-a-une-mise-a-jour-de-son-application\\\/\",\"name\":\"Ohme facilite l'adoption des nouveaux tarifs \u00e9nerg\u00e9tiques en Belgique gr\u00e2ce \u00e0 une mise \u00e0 jour de son application - Ohme EV Belgique\",\"isPartOf\":{\"@id\":\"https:\\\/\\\/ohme-ev.com\\\/be-fr\\\/#website\"},\"primaryImageOfPage\":{\"@id\":\"https:\\\/\\\/ohme-ev.com\\\/be-fr\\\/espace-presse\\\/ohme-facilite-ladoption-des-nouveaux-tarifs-energetiques-en-belgique-grace-a-une-mise-a-jour-de-son-application\\\/#primaryimage\"},\"image\":{\"@id\":\"https:\\\/\\\/ohme-ev.com\\\/be-fr\\\/espace-presse\\\/ohme-facilite-ladoption-des-nouveaux-tarifs-energetiques-en-belgique-grace-a-une-mise-a-jour-de-son-application\\\/#primaryimage\"},\"thumbnailUrl\":\"https:\\\/\\\/ohme-ev.com\\\/be-fr\\\/wp-content\\\/uploads\\\/sites\\\/19\\\/2025\\\/07\\\/Picture4-4.webp\",\"datePublished\":\"2025-08-05T06:45:31+00:00\",\"dateModified\":\"2025-08-05T06:45:33+00:00\",\"breadcrumb\":{\"@id\":\"https:\\\/\\\/ohme-ev.com\\\/be-fr\\\/espace-presse\\\/ohme-facilite-ladoption-des-nouveaux-tarifs-energetiques-en-belgique-grace-a-une-mise-a-jour-de-son-application\\\/#breadcrumb\"},\"inLanguage\":\"fr-be\",\"potentialAction\":[{\"@type\":\"ReadAction\",\"target\":[\"https:\\\/\\\/ohme-ev.com\\\/be-fr\\\/espace-presse\\\/ohme-facilite-ladoption-des-nouveaux-tarifs-energetiques-en-belgique-grace-a-une-mise-a-jour-de-son-application\\\/\"]}]},{\"@type\":\"ImageObject\",\"inLanguage\":\"fr-be\",\"@id\":\"https:\\\/\\\/ohme-ev.com\\\/be-fr\\\/espace-presse\\\/ohme-facilite-ladoption-des-nouveaux-tarifs-energetiques-en-belgique-grace-a-une-mise-a-jour-de-son-application\\\/#primaryimage\",\"url\":\"https:\\\/\\\/ohme-ev.com\\\/be-fr\\\/wp-content\\\/uploads\\\/sites\\\/19\\\/2025\\\/07\\\/Picture4-4.webp\",\"contentUrl\":\"https:\\\/\\\/ohme-ev.com\\\/be-fr\\\/wp-content\\\/uploads\\\/sites\\\/19\\\/2025\\\/07\\\/Picture4-4.webp\",\"width\":520,\"height\":348},{\"@type\":\"BreadcrumbList\",\"@id\":\"https:\\\/\\\/ohme-ev.com\\\/be-fr\\\/espace-presse\\\/ohme-facilite-ladoption-des-nouveaux-tarifs-energetiques-en-belgique-grace-a-une-mise-a-jour-de-son-application\\\/#breadcrumb\",\"itemListElement\":[{\"@type\":\"ListItem\",\"position\":1,\"name\":\"Home\",\"item\":\"https:\\\/\\\/ohme-ev.com\\\/be-fr\\\/\"},{\"@type\":\"ListItem\",\"position\":2,\"name\":\"Ohme facilite l&#8217;adoption des nouveaux tarifs \u00e9nerg\u00e9tiques en Belgique gr\u00e2ce \u00e0 une mise \u00e0 jour de son application\"}]},{\"@type\":\"WebSite\",\"@id\":\"https:\\\/\\\/ohme-ev.com\\\/be-fr\\\/#website\",\"url\":\"https:\\\/\\\/ohme-ev.com\\\/be-fr\\\/\",\"name\":\"Ohme EV Belgique\",\"description\":\"Ohme - EV Smart Charging Solutions\",\"potentialAction\":[{\"@type\":\"SearchAction\",\"target\":{\"@type\":\"EntryPoint\",\"urlTemplate\":\"https:\\\/\\\/ohme-ev.com\\\/be-fr\\\/?s={search_term_string}\"},\"query-input\":{\"@type\":\"PropertyValueSpecification\",\"valueRequired\":true,\"valueName\":\"search_term_string\"}}],\"inLanguage\":\"fr-be\"}]}<\/script>\n<!-- \/ Yoast SEO Premium plugin. -->","yoast_head_json":{"title":"Ohme facilite l'adoption des nouveaux tarifs \u00e9nerg\u00e9tiques en Belgique gr\u00e2ce \u00e0 une mise \u00e0 jour de son application - Ohme EV Belgique","robots":{"index":"index","follow":"follow","max-snippet":"max-snippet:-1","max-image-preview":"max-image-preview:large","max-video-preview":"max-video-preview:-1"},"canonical":"https:\/\/ohme-ev.com\/be-fr\/espace-presse\/ohme-facilite-ladoption-des-nouveaux-tarifs-energetiques-en-belgique-grace-a-une-mise-a-jour-de-son-application\/","og_locale":"fr_FR","og_type":"article","og_title":"Ohme facilite l'adoption des nouveaux tarifs \u00e9nerg\u00e9tiques en Belgique gr\u00e2ce \u00e0 une mise \u00e0 jour de son application","og_description":"Ohme, principal fournisseur de bornes domestiques intelligentes pour v\u00e9hicules \u00e9lectriques, annonce une mise \u00e0 jour de son application mobile, visant \u00e0 simplifier et optimiser l&#8217;exp\u00e9rience de recharge pour les conducteurs belges. D\u00e9sormais l\u2019application Ohme int\u00e8gre automatiquement les tarifs d\u2019\u00e9lectricit\u00e9 disponibles en Belgique, y compris les nouvelles offres dynamiques propos\u00e9es par les fournisseurs d\u2019\u00e9nergie. Cette int\u00e9gration [&hellip;]","og_url":"https:\/\/ohme-ev.com\/be-fr\/espace-presse\/ohme-facilite-ladoption-des-nouveaux-tarifs-energetiques-en-belgique-grace-a-une-mise-a-jour-de-son-application\/","og_site_name":"Ohme EV Belgique","article_publisher":"https:\/\/www.facebook.com\/OhmeEV\/","article_modified_time":"2025-08-05T06:45:33+00:00","og_image":[{"width":520,"height":348,"url":"https:\/\/ohme-ev.com\/be-fr\/wp-content\/uploads\/sites\/19\/2025\/07\/Picture4-4.webp","type":"image\/webp"}],"twitter_card":"summary_large_image","twitter_site":"@ohmeev","twitter_misc":{"Est. reading time":"3 minutes"},"schema":{"@context":"https:\/\/schema.org","@graph":[{"@type":"WebPage","@id":"https:\/\/ohme-ev.com\/be-fr\/espace-presse\/ohme-facilite-ladoption-des-nouveaux-tarifs-energetiques-en-belgique-grace-a-une-mise-a-jour-de-son-application\/","url":"https:\/\/ohme-ev.com\/be-fr\/espace-presse\/ohme-facilite-ladoption-des-nouveaux-tarifs-energetiques-en-belgique-grace-a-une-mise-a-jour-de-son-application\/","name":"Ohme facilite l'adoption des nouveaux tarifs \u00e9nerg\u00e9tiques en Belgique gr\u00e2ce \u00e0 une mise \u00e0 jour de son application - Ohme EV Belgique","isPartOf":{"@id":"https:\/\/ohme-ev.com\/be-fr\/#website"},"primaryImageOfPage":{"@id":"https:\/\/ohme-ev.com\/be-fr\/espace-presse\/ohme-facilite-ladoption-des-nouveaux-tarifs-energetiques-en-belgique-grace-a-une-mise-a-jour-de-son-application\/#primaryimage"},"image":{"@id":"https:\/\/ohme-ev.com\/be-fr\/espace-presse\/ohme-facilite-ladoption-des-nouveaux-tarifs-energetiques-en-belgique-grace-a-une-mise-a-jour-de-son-application\/#primaryimage"},"thumbnailUrl":"https:\/\/ohme-ev.com\/be-fr\/wp-content\/uploads\/sites\/19\/2025\/07\/Picture4-4.webp","datePublished":"2025-08-05T06:45:31+00:00","dateModified":"2025-08-05T06:45:33+00:00","breadcrumb":{"@id":"https:\/\/ohme-ev.com\/be-fr\/espace-presse\/ohme-facilite-ladoption-des-nouveaux-tarifs-energetiques-en-belgique-grace-a-une-mise-a-jour-de-son-application\/#breadcrumb"},"inLanguage":"fr-be","potentialAction":[{"@type":"ReadAction","target":["https:\/\/ohme-ev.com\/be-fr\/espace-presse\/ohme-facilite-ladoption-des-nouveaux-tarifs-energetiques-en-belgique-grace-a-une-mise-a-jour-de-son-application\/"]}]},{"@type":"ImageObject","inLanguage":"fr-be","@id":"https:\/\/ohme-ev.com\/be-fr\/espace-presse\/ohme-facilite-ladoption-des-nouveaux-tarifs-energetiques-en-belgique-grace-a-une-mise-a-jour-de-son-application\/#primaryimage","url":"https:\/\/ohme-ev.com\/be-fr\/wp-content\/uploads\/sites\/19\/2025\/07\/Picture4-4.webp","contentUrl":"https:\/\/ohme-ev.com\/be-fr\/wp-content\/uploads\/sites\/19\/2025\/07\/Picture4-4.webp","width":520,"height":348},{"@type":"BreadcrumbList","@id":"https:\/\/ohme-ev.com\/be-fr\/espace-presse\/ohme-facilite-ladoption-des-nouveaux-tarifs-energetiques-en-belgique-grace-a-une-mise-a-jour-de-son-application\/#breadcrumb","itemListElement":[{"@type":"ListItem","position":1,"name":"Home","item":"https:\/\/ohme-ev.com\/be-fr\/"},{"@type":"ListItem","position":2,"name":"Ohme facilite l&#8217;adoption des nouveaux tarifs \u00e9nerg\u00e9tiques en Belgique gr\u00e2ce \u00e0 une mise \u00e0 jour de son application"}]},{"@type":"WebSite","@id":"https:\/\/ohme-ev.com\/be-fr\/#website","url":"https:\/\/ohme-ev.com\/be-fr\/","name":"Ohme EV Belgique","description":"Ohme - EV Smart Charging Solutions","potentialAction":[{"@type":"SearchAction","target":{"@type":"EntryPoint","urlTemplate":"https:\/\/ohme-ev.com\/be-fr\/?s={search_term_string}"},"query-input":{"@type":"PropertyValueSpecification","valueRequired":true,"valueName":"search_term_string"}}],"inLanguage":"fr-be"}]}},"_links":{"self":[{"href":"https:\/\/ohme-ev.com\/be-fr\/wp-json\/wp\/v2\/news-and-press\/5035","targetHints":{"allow":["GET"]}}],"collection":[{"href":"https:\/\/ohme-ev.com\/be-fr\/wp-json\/wp\/v2\/news-and-press"}],"about":[{"href":"https:\/\/ohme-ev.com\/be-fr\/wp-json\/wp\/v2\/types\/news-and-press"}],"wp:featuredmedia":[{"embeddable":true,"href":"https:\/\/ohme-ev.com\/be-fr\/wp-json\/wp\/v2\/media\/5014"}],"wp:attachment":[{"href":"https:\/\/ohme-ev.com\/be-fr\/wp-json\/wp\/v2\/media?parent=5035"}],"curies":[{"name":"wp","href":"https:\/\/api.w.org\/{rel}","templated":true}]}}