{"id":4595,"date":"2025-03-10T07:00:00","date_gmt":"2025-03-10T07:00:00","guid":{"rendered":"https:\/\/ohme-ev.com\/be-nl\/?post_type=news-and-press&#038;p=3630"},"modified":"2025-03-10T16:30:31","modified_gmt":"2025-03-10T16:30:31","slug":"bienvenue-a-ohme-multicar","status":"publish","type":"news-and-press","link":"https:\/\/ohme-ev.com\/be-fr\/espace-presse\/bienvenue-a-ohme-multicar\/","title":{"rendered":"Deux\u00a0v\u00e9hicules \u00e9lectriques. Une application. Aucun probl\u00e8me\u00a0! Bienvenue \u00e0 Ohme MultiCar"},"content":{"rendered":"\n<p>Ohme, sp\u00e9cialiste de la recharge intelligente \u00e0 domicile des v\u00e9hicules \u00e9lectriques et hybrides rechargeables, annonce le lancement de sa fonctionnalit\u00e9 MultiCar.<\/p>\n\n\n\n<p>Cette nouveaut\u00e9 permet d\u00e9sormais aux conducteurs poss\u00e9dant plusieurs v\u00e9hicules \u00e9lectriques de les enregistrer sur un m\u00eame compte et de passer facilement de l\u2019un \u00e0 l\u2019autre pour s\u00e9lectionner celui \u00e0 recharger.<\/p>\n\n\n\n<p>Jusqu\u2019\u00e0 pr\u00e9sent, un propri\u00e9taire de plusieurs v\u00e9hicules \u00e9lectriques devait modifier manuellement le v\u00e9hicule principal de son compte ou ajuster la quantit\u00e9 d\u2019\u00e9nergie d\u00e9livr\u00e9e en fonction de son second v\u00e9hicule. Avec MultiCar, il est d\u00e9sormais possible d\u2019enregistrer plusieurs v\u00e9hicules sur un m\u00eame compte et de passer de l\u2019un \u00e0 l\u2019autre en toute simplicit\u00e9. L\u2019utilisateur b\u00e9n\u00e9ficie ainsi d\u2019un programme de recharge parfaitement adapt\u00e9 \u00e0 chaque v\u00e9hicule, sans risque de co\u00fbt suppl\u00e9mentaire.<\/p>\n\n\n\n<p>\u00ab&nbsp;<em>L\u2019innovation et l\u2019am\u00e9lioration continue sont au c\u0153ur de la mission d\u2019Ohme. Avec MultiCar, nous r\u00e9pondons \u00e0 une attente forte des utilisateurs et facilitons davantage leur transition vers la mobilit\u00e9 \u00e9lectrique<\/em>&nbsp;\u00bb,&nbsp;a d\u00e9clar\u00e9 Pieter Van der Auwermeulen, d&#8217;Ohme Belgique. \u00ab&nbsp;<em>Cette nouvelle fonctionnalit\u00e9 illustre notre engagement \u00e0 proposer des solutions de recharge toujours plus intelligentes et adapt\u00e9es aux usages quotidiens.<\/em>&nbsp;\u00bb<\/p>\n\n\n\n<p>Avec la possibilit\u00e9 d\u2019ajouter plusieurs v\u00e9hicules \u00e9lectriques sur un seul compte, MultiCar permet aux utilisateurs d\u2019Ohme de mieux diff\u00e9rencier l\u2019usage de leurs v\u00e9hicules personnels et professionnels, avec un suivi pr\u00e9cis des co\u00fbts de recharge associ\u00e9s \u00e0 chacun \u2013 un atout essentiel pour le remboursement des frais de recharge \u00e0 domicile. Cette fonctionnalit\u00e9 offre \u00e9galement une grande flexibilit\u00e9 pour ajouter facilement un v\u00e9hicule invit\u00e9 en cas de besoin.<\/p>\n\n\n\n<p>Comme pour les fonctionnalit\u00e9s existantes de l\u2019application, les utilisateurs d\u2019Ohme disposent de donn\u00e9es d\u00e9taill\u00e9es pour chaque v\u00e9hicule enregistr\u00e9. Chaque session de recharge est suivie avec une ventilation pr\u00e9cise de l\u2019\u00e9nergie consomm\u00e9e (en kWh) et des co\u00fbts associ\u00e9s, consultables par jour, mois ou ann\u00e9e.<\/p>\n\n\n\n<p><\/p>\n","protected":false},"featured_media":4597,"template":"","class_list":["post-4595","news-and-press","type-news-and-press","status-publish","has-post-thumbnail","hentry"],"acf":[],"yoast_head":"<!-- This site is optimized with the Yoast SEO Premium plugin v27.4 (Yoast SEO v27.4) - https:\/\/yoast.com\/product\/yoast-seo-premium-wordpress\/ -->\n<title>Deux\u00a0v\u00e9hicules \u00e9lectriques. Une application. Aucun probl\u00e8me\u00a0! Bienvenue \u00e0 Ohme MultiCar - Ohme EV Belgique<\/title>\n<meta name=\"description\" content=\"Ohme, sp\u00e9cialiste de la recharge intelligente \u00e0 domicile des v\u00e9hicules \u00e9lectriques et hybrides rechargeables, annonce le lancement de sa fonctionnalit\u00e9 MultiCar.\" \/>\n<meta name=\"robots\" content=\"index, follow, max-snippet:-1, max-image-preview:large, max-video-preview:-1\" \/>\n<link rel=\"canonical\" href=\"https:\/\/ohme-ev.com\/be-fr\/espace-presse\/bienvenue-a-ohme-multicar\/\" \/>\n<meta property=\"og:locale\" content=\"fr_FR\" \/>\n<meta property=\"og:type\" content=\"article\" \/>\n<meta property=\"og:title\" content=\"Deux\u00a0v\u00e9hicules \u00e9lectriques. Une application. Aucun probl\u00e8me\u00a0! Bienvenue \u00e0 Ohme MultiCar\" \/>\n<meta property=\"og:description\" content=\"Ohme, sp\u00e9cialiste de la recharge intelligente \u00e0 domicile des v\u00e9hicules \u00e9lectriques et hybrides rechargeables, annonce le lancement de sa fonctionnalit\u00e9 MultiCar.\" \/>\n<meta property=\"og:url\" content=\"https:\/\/ohme-ev.com\/be-fr\/espace-presse\/bienvenue-a-ohme-multicar\/\" \/>\n<meta property=\"og:site_name\" content=\"Ohme EV Belgique\" \/>\n<meta property=\"article:publisher\" content=\"https:\/\/www.facebook.com\/OhmeEV\/\" \/>\n<meta property=\"article:modified_time\" content=\"2025-03-10T16:30:31+00:00\" \/>\n<meta property=\"og:image\" content=\"https:\/\/ohme-ev.com\/be-fr\/wp-content\/uploads\/sites\/19\/2025\/03\/shutterstock_2177925717-1.webp\" \/>\n\t<meta property=\"og:image:width\" content=\"1199\" \/>\n\t<meta property=\"og:image:height\" content=\"800\" \/>\n\t<meta property=\"og:image:type\" content=\"image\/webp\" \/>\n<meta name=\"twitter:card\" content=\"summary_large_image\" \/>\n<meta name=\"twitter:site\" content=\"@ohmeev\" \/>\n<meta name=\"twitter:label1\" content=\"Est. reading time\" \/>\n\t<meta name=\"twitter:data1\" content=\"2 minutes\" \/>\n<script type=\"application\/ld+json\" class=\"yoast-schema-graph\">{\"@context\":\"https:\\\/\\\/schema.org\",\"@graph\":[{\"@type\":\"WebPage\",\"@id\":\"https:\\\/\\\/ohme-ev.com\\\/be-fr\\\/espace-presse\\\/bienvenue-a-ohme-multicar\\\/\",\"url\":\"https:\\\/\\\/ohme-ev.com\\\/be-fr\\\/espace-presse\\\/bienvenue-a-ohme-multicar\\\/\",\"name\":\"Deux\u00a0v\u00e9hicules \u00e9lectriques. Une application. Aucun probl\u00e8me\u00a0! Bienvenue \u00e0 Ohme MultiCar - Ohme EV Belgique\",\"isPartOf\":{\"@id\":\"https:\\\/\\\/ohme-ev.com\\\/be-fr\\\/#website\"},\"primaryImageOfPage\":{\"@id\":\"https:\\\/\\\/ohme-ev.com\\\/be-fr\\\/espace-presse\\\/bienvenue-a-ohme-multicar\\\/#primaryimage\"},\"image\":{\"@id\":\"https:\\\/\\\/ohme-ev.com\\\/be-fr\\\/espace-presse\\\/bienvenue-a-ohme-multicar\\\/#primaryimage\"},\"thumbnailUrl\":\"https:\\\/\\\/ohme-ev.com\\\/be-fr\\\/wp-content\\\/uploads\\\/sites\\\/19\\\/2025\\\/03\\\/shutterstock_2177925717-1.webp\",\"datePublished\":\"2025-03-10T07:00:00+00:00\",\"dateModified\":\"2025-03-10T16:30:31+00:00\",\"description\":\"Ohme, sp\u00e9cialiste de la recharge intelligente \u00e0 domicile des v\u00e9hicules \u00e9lectriques et hybrides rechargeables, annonce le lancement de sa fonctionnalit\u00e9 MultiCar.\",\"breadcrumb\":{\"@id\":\"https:\\\/\\\/ohme-ev.com\\\/be-fr\\\/espace-presse\\\/bienvenue-a-ohme-multicar\\\/#breadcrumb\"},\"inLanguage\":\"fr-be\",\"potentialAction\":[{\"@type\":\"ReadAction\",\"target\":[\"https:\\\/\\\/ohme-ev.com\\\/be-fr\\\/espace-presse\\\/bienvenue-a-ohme-multicar\\\/\"]}]},{\"@type\":\"ImageObject\",\"inLanguage\":\"fr-be\",\"@id\":\"https:\\\/\\\/ohme-ev.com\\\/be-fr\\\/espace-presse\\\/bienvenue-a-ohme-multicar\\\/#primaryimage\",\"url\":\"https:\\\/\\\/ohme-ev.com\\\/be-fr\\\/wp-content\\\/uploads\\\/sites\\\/19\\\/2025\\\/03\\\/shutterstock_2177925717-1.webp\",\"contentUrl\":\"https:\\\/\\\/ohme-ev.com\\\/be-fr\\\/wp-content\\\/uploads\\\/sites\\\/19\\\/2025\\\/03\\\/shutterstock_2177925717-1.webp\",\"width\":1199,\"height\":800},{\"@type\":\"BreadcrumbList\",\"@id\":\"https:\\\/\\\/ohme-ev.com\\\/be-fr\\\/espace-presse\\\/bienvenue-a-ohme-multicar\\\/#breadcrumb\",\"itemListElement\":[{\"@type\":\"ListItem\",\"position\":1,\"name\":\"Home\",\"item\":\"https:\\\/\\\/ohme-ev.com\\\/be-fr\\\/\"},{\"@type\":\"ListItem\",\"position\":2,\"name\":\"Deux\u00a0v\u00e9hicules \u00e9lectriques. Une application. Aucun probl\u00e8me\u00a0! Bienvenue \u00e0 Ohme MultiCar\"}]},{\"@type\":\"WebSite\",\"@id\":\"https:\\\/\\\/ohme-ev.com\\\/be-fr\\\/#website\",\"url\":\"https:\\\/\\\/ohme-ev.com\\\/be-fr\\\/\",\"name\":\"Ohme EV Belgique\",\"description\":\"Ohme - EV Smart Charging Solutions\",\"potentialAction\":[{\"@type\":\"SearchAction\",\"target\":{\"@type\":\"EntryPoint\",\"urlTemplate\":\"https:\\\/\\\/ohme-ev.com\\\/be-fr\\\/?s={search_term_string}\"},\"query-input\":{\"@type\":\"PropertyValueSpecification\",\"valueRequired\":true,\"valueName\":\"search_term_string\"}}],\"inLanguage\":\"fr-be\"}]}<\/script>\n<!-- \/ Yoast SEO Premium plugin. -->","yoast_head_json":{"title":"Deux\u00a0v\u00e9hicules \u00e9lectriques. Une application. Aucun probl\u00e8me\u00a0! Bienvenue \u00e0 Ohme MultiCar - Ohme EV Belgique","description":"Ohme, sp\u00e9cialiste de la recharge intelligente \u00e0 domicile des v\u00e9hicules \u00e9lectriques et hybrides rechargeables, annonce le lancement de sa fonctionnalit\u00e9 MultiCar.","robots":{"index":"index","follow":"follow","max-snippet":"max-snippet:-1","max-image-preview":"max-image-preview:large","max-video-preview":"max-video-preview:-1"},"canonical":"https:\/\/ohme-ev.com\/be-fr\/espace-presse\/bienvenue-a-ohme-multicar\/","og_locale":"fr_FR","og_type":"article","og_title":"Deux\u00a0v\u00e9hicules \u00e9lectriques. Une application. Aucun probl\u00e8me\u00a0! Bienvenue \u00e0 Ohme MultiCar","og_description":"Ohme, sp\u00e9cialiste de la recharge intelligente \u00e0 domicile des v\u00e9hicules \u00e9lectriques et hybrides rechargeables, annonce le lancement de sa fonctionnalit\u00e9 MultiCar.","og_url":"https:\/\/ohme-ev.com\/be-fr\/espace-presse\/bienvenue-a-ohme-multicar\/","og_site_name":"Ohme EV Belgique","article_publisher":"https:\/\/www.facebook.com\/OhmeEV\/","article_modified_time":"2025-03-10T16:30:31+00:00","og_image":[{"width":1199,"height":800,"url":"https:\/\/ohme-ev.com\/be-fr\/wp-content\/uploads\/sites\/19\/2025\/03\/shutterstock_2177925717-1.webp","type":"image\/webp"}],"twitter_card":"summary_large_image","twitter_site":"@ohmeev","twitter_misc":{"Est. reading time":"2 minutes"},"schema":{"@context":"https:\/\/schema.org","@graph":[{"@type":"WebPage","@id":"https:\/\/ohme-ev.com\/be-fr\/espace-presse\/bienvenue-a-ohme-multicar\/","url":"https:\/\/ohme-ev.com\/be-fr\/espace-presse\/bienvenue-a-ohme-multicar\/","name":"Deux\u00a0v\u00e9hicules \u00e9lectriques. Une application. Aucun probl\u00e8me\u00a0! Bienvenue \u00e0 Ohme MultiCar - Ohme EV Belgique","isPartOf":{"@id":"https:\/\/ohme-ev.com\/be-fr\/#website"},"primaryImageOfPage":{"@id":"https:\/\/ohme-ev.com\/be-fr\/espace-presse\/bienvenue-a-ohme-multicar\/#primaryimage"},"image":{"@id":"https:\/\/ohme-ev.com\/be-fr\/espace-presse\/bienvenue-a-ohme-multicar\/#primaryimage"},"thumbnailUrl":"https:\/\/ohme-ev.com\/be-fr\/wp-content\/uploads\/sites\/19\/2025\/03\/shutterstock_2177925717-1.webp","datePublished":"2025-03-10T07:00:00+00:00","dateModified":"2025-03-10T16:30:31+00:00","description":"Ohme, sp\u00e9cialiste de la recharge intelligente \u00e0 domicile des v\u00e9hicules \u00e9lectriques et hybrides rechargeables, annonce le lancement de sa fonctionnalit\u00e9 MultiCar.","breadcrumb":{"@id":"https:\/\/ohme-ev.com\/be-fr\/espace-presse\/bienvenue-a-ohme-multicar\/#breadcrumb"},"inLanguage":"fr-be","potentialAction":[{"@type":"ReadAction","target":["https:\/\/ohme-ev.com\/be-fr\/espace-presse\/bienvenue-a-ohme-multicar\/"]}]},{"@type":"ImageObject","inLanguage":"fr-be","@id":"https:\/\/ohme-ev.com\/be-fr\/espace-presse\/bienvenue-a-ohme-multicar\/#primaryimage","url":"https:\/\/ohme-ev.com\/be-fr\/wp-content\/uploads\/sites\/19\/2025\/03\/shutterstock_2177925717-1.webp","contentUrl":"https:\/\/ohme-ev.com\/be-fr\/wp-content\/uploads\/sites\/19\/2025\/03\/shutterstock_2177925717-1.webp","width":1199,"height":800},{"@type":"BreadcrumbList","@id":"https:\/\/ohme-ev.com\/be-fr\/espace-presse\/bienvenue-a-ohme-multicar\/#breadcrumb","itemListElement":[{"@type":"ListItem","position":1,"name":"Home","item":"https:\/\/ohme-ev.com\/be-fr\/"},{"@type":"ListItem","position":2,"name":"Deux\u00a0v\u00e9hicules \u00e9lectriques. Une application. Aucun probl\u00e8me\u00a0! Bienvenue \u00e0 Ohme MultiCar"}]},{"@type":"WebSite","@id":"https:\/\/ohme-ev.com\/be-fr\/#website","url":"https:\/\/ohme-ev.com\/be-fr\/","name":"Ohme EV Belgique","description":"Ohme - EV Smart Charging Solutions","potentialAction":[{"@type":"SearchAction","target":{"@type":"EntryPoint","urlTemplate":"https:\/\/ohme-ev.com\/be-fr\/?s={search_term_string}"},"query-input":{"@type":"PropertyValueSpecification","valueRequired":true,"valueName":"search_term_string"}}],"inLanguage":"fr-be"}]}},"_links":{"self":[{"href":"https:\/\/ohme-ev.com\/be-fr\/wp-json\/wp\/v2\/news-and-press\/4595","targetHints":{"allow":["GET"]}}],"collection":[{"href":"https:\/\/ohme-ev.com\/be-fr\/wp-json\/wp\/v2\/news-and-press"}],"about":[{"href":"https:\/\/ohme-ev.com\/be-fr\/wp-json\/wp\/v2\/types\/news-and-press"}],"wp:featuredmedia":[{"embeddable":true,"href":"https:\/\/ohme-ev.com\/be-fr\/wp-json\/wp\/v2\/media\/4597"}],"wp:attachment":[{"href":"https:\/\/ohme-ev.com\/be-fr\/wp-json\/wp\/v2\/media?parent=4595"}],"curies":[{"name":"wp","href":"https:\/\/api.w.org\/{rel}","templated":true}]}}