{"id":4556,"date":"2025-02-26T05:00:00","date_gmt":"2025-02-26T05:00:00","guid":{"rendered":"https:\/\/ohme-ev.com\/be-nl\/?post_type=news-and-press&#038;p=3563"},"modified":"2025-02-25T13:57:05","modified_gmt":"2025-02-25T13:57:05","slug":"l-annonce-de-la-prolongation-des-avantages-fiscaux-pour-les-vehicules-phev-stimule-la-demande-de-cables-de-recharge-ohme-go","status":"publish","type":"news-and-press","link":"https:\/\/ohme-ev.com\/be-fr\/espace-presse\/l-annonce-de-la-prolongation-des-avantages-fiscaux-pour-les-vehicules-phev-stimule-la-demande-de-cables-de-recharge-ohme-go\/","title":{"rendered":"L&#8217;annonce de la prolongation des avantages fiscaux pour les v\u00e9hicules PHEV stimule la demande de c\u00e2bles de recharge Ohme Go"},"content":{"rendered":"\n<p>Ohme, fournisseur de solutions de recharge \u00e0 domicile pour les VE, constate une recrudescence de la demande de c\u00e2bles de recharge Ohme Go de la part des flottes d&#8217;entreprises. Cela fait suite \u00e0 l&#8217;annonce du nouveau gouvernement, dans son accord de coalition, de reconsid\u00e9rer les avantages fiscaux accord\u00e9s aux v\u00e9hicules hybrides rechargeables (PHEV).<\/p>\n\n\n\n<p>La demande pour l\u2019Ohme Go, utilis\u00e9 comme solution de recharge mobile par des entreprises telles que Volvo et Eneco, a augment\u00e9 \u00e0 la suite de l&#8217;annonce r\u00e9cente selon laquelle les v\u00e9hicules hybrides rechargeables produisant moins de 50 g\/km resteront tr\u00e8s probablement d\u00e9ductibles \u00e0 75 %, et ce, pour les trois prochaines ann\u00e9es. La d\u00e9ductibilit\u00e9 ne devrait diminuer qu&#8217;\u00e0 partir de 2028, et \u00e0 un taux plus faible que pr\u00e9vu.<\/p>\n\n\n\n<p>\u00ab Les ventes de PHEV en Belgique ont chut\u00e9 de 33,2 % en 2024, les conducteurs s&#8217;\u00e9tant pr\u00e9par\u00e9s aux changements mis en \u0153uvre par le pr\u00e9c\u00e9dent gouvernement \u00bb, explique Pieter Van der Auwermeulen d&#8217;Ohme Belgique. \u00ab Cependant, l&#8217;annonce de l&#8217;annulation de cette d\u00e9cision de r\u00e9duire si rapidement la d\u00e9ductibilit\u00e9 des PHEV a suscit\u00e9 un int\u00e9r\u00eat accru pour notre c\u00e2ble Ohme Go, car les PHEV redeviennent plus attrayants pour les conducteurs d&#8217;entreprise. \u00bb<\/p>\n\n\n\n<p>Ohme est unique dans son offre pour tant de types de conducteurs diff\u00e9rents gr\u00e2ce \u00e0 une combinaison de chargeurs mobiles et de stations de charge fixes \u00e9quip\u00e9es d&#8217;une technologie de charge extr\u00eamement intelligente. L\u2019Ohme Go est la seule solution de recharge mobile abordable dot\u00e9e d&#8217;une solution de facturation s\u00e9par\u00e9e et d&#8217;une API qui peut communiquer avec la plateforme de gestion de flotte. Cela en fait un atout particuli\u00e8rement pr\u00e9cieux pour les flottes d&#8217;entreprise.<\/p>\n\n\n\n<p>L\u2019Ohme Go est \u00e9galement disponible avec une prise CEE, ce qui est rare. C&#8217;est un grand avantage pour les conducteurs et les gestionnaires de flotte. En effet, ils peuvent d\u00e9sormais combiner une capacit\u00e9 de charge intelligente de 7,4 kW avec une flexibilit\u00e9 accrue. Le c\u00e2ble Go CEE permet donc aux conducteurs, dont le v\u00e9hicule fait partie d\u2019une flotte, de se recharger plus rapidement qu&#8217;avec le Go standard, qui fonctionne via une prise ordinaire, et constitue un choix logique pour les flottes commerciales qui passent des PHEV aux VE et souhaitent toujours disposer d&#8217;une solution de recharge mobile.<\/p>\n\n\n\n<p>Le c\u00e2ble mobile Go peut \u00eatre utilis\u00e9 pour recharger n&#8217;importe o\u00f9. Il peut donc \u00eatre facilement renvoy\u00e9 \u00e0 l&#8217;entreprise et r\u00e9utilis\u00e9 par de futurs employ\u00e9s. Ohme propose \u00e9galement le Home Pro avec des capacit\u00e9s de charge intelligente de 7 kW ou 11 kW (ce dernier avec la certification MID) pour les clients qui ont besoin d&#8217;un chargeur mural fixe.<\/p>\n\n\n\n<p>Les conducteurs b\u00e9n\u00e9ficiant de tarifs dynamiques ou de tarifs avec des heures creuses peuvent profiter des prix de charge les plus bas gr\u00e2ce \u00e0 la technologie de charge intelligente dynamique d&#8217;Ohme. En effet, cette technologie adapte automatiquement les sessions de charge aux heures les moins ch\u00e8res. En ajoutant le tarif CREG comme option, les gestionnaires de flotte et les conducteurs peuvent \u00eatre assur\u00e9s que le bon remboursement est effectu\u00e9.<\/p>\n\n\n\n<p>Ohme est le fournisseur officiel de solutions de recharge pour le groupe Volkswagen et Volvo Cars au Royaume-Uni et en Irlande, ainsi que pour Mercedes-Benz, Smart Cars et Hyundai au Royaume-Uni. Ohme vient de remporter deux prix pour l&#8217;ePod et pour la meilleure int\u00e9gration tarifaire dans le cadre des \u00ab What Wallcharger? Awards \u00bb et a \u00e9galement \u00e9t\u00e9 nomm\u00e9 \u00ab Meilleur fabricant de points de charge \u00bb lors des \u00ab 2024 Irish EV Awards \u00bb.<\/p>\n","protected":false},"featured_media":4558,"template":"","class_list":["post-4556","news-and-press","type-news-and-press","status-publish","has-post-thumbnail","hentry"],"acf":[],"yoast_head":"<!-- This site is optimized with the Yoast SEO Premium plugin v27.4 (Yoast SEO v27.4) - https:\/\/yoast.com\/product\/yoast-seo-premium-wordpress\/ -->\n<title>L&#039;annonce de la prolongation des avantages fiscaux pour les v\u00e9hicules PHEV stimule la demande de c\u00e2bles de recharge Ohme Go - Ohme EV Belgique<\/title>\n<meta name=\"description\" content=\"L&#039;extension des all\u00e8gements fiscaux pour les VEHR, annonc\u00e9e dans l&#039;accord de coalition, entra\u00eene une stimulation de la demande de c\u00e2bles de recharge Ohme Go.\" \/>\n<meta name=\"robots\" content=\"index, follow, max-snippet:-1, max-image-preview:large, max-video-preview:-1\" \/>\n<link rel=\"canonical\" href=\"https:\/\/ohme-ev.com\/be-fr\/espace-presse\/l-annonce-de-la-prolongation-des-avantages-fiscaux-pour-les-vehicules-phev-stimule-la-demande-de-cables-de-recharge-ohme-go\/\" \/>\n<meta property=\"og:locale\" content=\"fr_FR\" \/>\n<meta property=\"og:type\" content=\"article\" \/>\n<meta property=\"og:title\" content=\"L&#039;annonce de la prolongation des avantages fiscaux pour les v\u00e9hicules PHEV stimule la demande de c\u00e2bles de recharge Ohme Go\" \/>\n<meta property=\"og:description\" content=\"L&#039;extension des all\u00e8gements fiscaux pour les VEHR, annonc\u00e9e dans l&#039;accord de coalition, entra\u00eene une stimulation de la demande de c\u00e2bles de recharge Ohme Go.\" \/>\n<meta property=\"og:url\" content=\"https:\/\/ohme-ev.com\/be-fr\/espace-presse\/l-annonce-de-la-prolongation-des-avantages-fiscaux-pour-les-vehicules-phev-stimule-la-demande-de-cables-de-recharge-ohme-go\/\" \/>\n<meta property=\"og:site_name\" content=\"Ohme EV Belgique\" \/>\n<meta property=\"article:publisher\" content=\"https:\/\/www.facebook.com\/OhmeEV\/\" \/>\n<meta property=\"og:image\" content=\"https:\/\/ohme-ev.com\/be-fr\/wp-content\/uploads\/sites\/19\/2025\/02\/Ohme-Go-small.webp\" \/>\n\t<meta property=\"og:image:width\" content=\"1762\" \/>\n\t<meta property=\"og:image:height\" content=\"1175\" \/>\n\t<meta property=\"og:image:type\" content=\"image\/webp\" \/>\n<meta name=\"twitter:card\" content=\"summary_large_image\" \/>\n<meta name=\"twitter:site\" content=\"@ohmeev\" \/>\n<meta name=\"twitter:label1\" content=\"Est. reading time\" \/>\n\t<meta name=\"twitter:data1\" content=\"3 minutes\" \/>\n<script type=\"application\/ld+json\" class=\"yoast-schema-graph\">{\"@context\":\"https:\\\/\\\/schema.org\",\"@graph\":[{\"@type\":\"WebPage\",\"@id\":\"https:\\\/\\\/ohme-ev.com\\\/be-fr\\\/espace-presse\\\/l-annonce-de-la-prolongation-des-avantages-fiscaux-pour-les-vehicules-phev-stimule-la-demande-de-cables-de-recharge-ohme-go\\\/\",\"url\":\"https:\\\/\\\/ohme-ev.com\\\/be-fr\\\/espace-presse\\\/l-annonce-de-la-prolongation-des-avantages-fiscaux-pour-les-vehicules-phev-stimule-la-demande-de-cables-de-recharge-ohme-go\\\/\",\"name\":\"L'annonce de la prolongation des avantages fiscaux pour les v\u00e9hicules PHEV stimule la demande de c\u00e2bles de recharge Ohme Go - Ohme EV Belgique\",\"isPartOf\":{\"@id\":\"https:\\\/\\\/ohme-ev.com\\\/be-fr\\\/#website\"},\"primaryImageOfPage\":{\"@id\":\"https:\\\/\\\/ohme-ev.com\\\/be-fr\\\/espace-presse\\\/l-annonce-de-la-prolongation-des-avantages-fiscaux-pour-les-vehicules-phev-stimule-la-demande-de-cables-de-recharge-ohme-go\\\/#primaryimage\"},\"image\":{\"@id\":\"https:\\\/\\\/ohme-ev.com\\\/be-fr\\\/espace-presse\\\/l-annonce-de-la-prolongation-des-avantages-fiscaux-pour-les-vehicules-phev-stimule-la-demande-de-cables-de-recharge-ohme-go\\\/#primaryimage\"},\"thumbnailUrl\":\"https:\\\/\\\/ohme-ev.com\\\/be-fr\\\/wp-content\\\/uploads\\\/sites\\\/19\\\/2025\\\/02\\\/Ohme-Go-small.webp\",\"datePublished\":\"2025-02-26T05:00:00+00:00\",\"description\":\"L'extension des all\u00e8gements fiscaux pour les VEHR, annonc\u00e9e dans l'accord de coalition, entra\u00eene une stimulation de la demande de c\u00e2bles de recharge Ohme Go.\",\"breadcrumb\":{\"@id\":\"https:\\\/\\\/ohme-ev.com\\\/be-fr\\\/espace-presse\\\/l-annonce-de-la-prolongation-des-avantages-fiscaux-pour-les-vehicules-phev-stimule-la-demande-de-cables-de-recharge-ohme-go\\\/#breadcrumb\"},\"inLanguage\":\"fr-be\",\"potentialAction\":[{\"@type\":\"ReadAction\",\"target\":[\"https:\\\/\\\/ohme-ev.com\\\/be-fr\\\/espace-presse\\\/l-annonce-de-la-prolongation-des-avantages-fiscaux-pour-les-vehicules-phev-stimule-la-demande-de-cables-de-recharge-ohme-go\\\/\"]}]},{\"@type\":\"ImageObject\",\"inLanguage\":\"fr-be\",\"@id\":\"https:\\\/\\\/ohme-ev.com\\\/be-fr\\\/espace-presse\\\/l-annonce-de-la-prolongation-des-avantages-fiscaux-pour-les-vehicules-phev-stimule-la-demande-de-cables-de-recharge-ohme-go\\\/#primaryimage\",\"url\":\"https:\\\/\\\/ohme-ev.com\\\/be-fr\\\/wp-content\\\/uploads\\\/sites\\\/19\\\/2025\\\/02\\\/Ohme-Go-small.webp\",\"contentUrl\":\"https:\\\/\\\/ohme-ev.com\\\/be-fr\\\/wp-content\\\/uploads\\\/sites\\\/19\\\/2025\\\/02\\\/Ohme-Go-small.webp\",\"width\":1762,\"height\":1175},{\"@type\":\"BreadcrumbList\",\"@id\":\"https:\\\/\\\/ohme-ev.com\\\/be-fr\\\/espace-presse\\\/l-annonce-de-la-prolongation-des-avantages-fiscaux-pour-les-vehicules-phev-stimule-la-demande-de-cables-de-recharge-ohme-go\\\/#breadcrumb\",\"itemListElement\":[{\"@type\":\"ListItem\",\"position\":1,\"name\":\"Home\",\"item\":\"https:\\\/\\\/ohme-ev.com\\\/be-fr\\\/\"},{\"@type\":\"ListItem\",\"position\":2,\"name\":\"L&#8217;annonce de la prolongation des avantages fiscaux pour les v\u00e9hicules PHEV stimule la demande de c\u00e2bles de recharge Ohme Go\"}]},{\"@type\":\"WebSite\",\"@id\":\"https:\\\/\\\/ohme-ev.com\\\/be-fr\\\/#website\",\"url\":\"https:\\\/\\\/ohme-ev.com\\\/be-fr\\\/\",\"name\":\"Ohme EV Belgique\",\"description\":\"Ohme - EV Smart Charging Solutions\",\"potentialAction\":[{\"@type\":\"SearchAction\",\"target\":{\"@type\":\"EntryPoint\",\"urlTemplate\":\"https:\\\/\\\/ohme-ev.com\\\/be-fr\\\/?s={search_term_string}\"},\"query-input\":{\"@type\":\"PropertyValueSpecification\",\"valueRequired\":true,\"valueName\":\"search_term_string\"}}],\"inLanguage\":\"fr-be\"}]}<\/script>\n<!-- \/ Yoast SEO Premium plugin. -->","yoast_head_json":{"title":"L'annonce de la prolongation des avantages fiscaux pour les v\u00e9hicules PHEV stimule la demande de c\u00e2bles de recharge Ohme Go - Ohme EV Belgique","description":"L'extension des all\u00e8gements fiscaux pour les VEHR, annonc\u00e9e dans l'accord de coalition, entra\u00eene une stimulation de la demande de c\u00e2bles de recharge Ohme Go.","robots":{"index":"index","follow":"follow","max-snippet":"max-snippet:-1","max-image-preview":"max-image-preview:large","max-video-preview":"max-video-preview:-1"},"canonical":"https:\/\/ohme-ev.com\/be-fr\/espace-presse\/l-annonce-de-la-prolongation-des-avantages-fiscaux-pour-les-vehicules-phev-stimule-la-demande-de-cables-de-recharge-ohme-go\/","og_locale":"fr_FR","og_type":"article","og_title":"L'annonce de la prolongation des avantages fiscaux pour les v\u00e9hicules PHEV stimule la demande de c\u00e2bles de recharge Ohme Go","og_description":"L'extension des all\u00e8gements fiscaux pour les VEHR, annonc\u00e9e dans l'accord de coalition, entra\u00eene une stimulation de la demande de c\u00e2bles de recharge Ohme Go.","og_url":"https:\/\/ohme-ev.com\/be-fr\/espace-presse\/l-annonce-de-la-prolongation-des-avantages-fiscaux-pour-les-vehicules-phev-stimule-la-demande-de-cables-de-recharge-ohme-go\/","og_site_name":"Ohme EV Belgique","article_publisher":"https:\/\/www.facebook.com\/OhmeEV\/","og_image":[{"width":1762,"height":1175,"url":"https:\/\/ohme-ev.com\/be-fr\/wp-content\/uploads\/sites\/19\/2025\/02\/Ohme-Go-small.webp","type":"image\/webp"}],"twitter_card":"summary_large_image","twitter_site":"@ohmeev","twitter_misc":{"Est. reading time":"3 minutes"},"schema":{"@context":"https:\/\/schema.org","@graph":[{"@type":"WebPage","@id":"https:\/\/ohme-ev.com\/be-fr\/espace-presse\/l-annonce-de-la-prolongation-des-avantages-fiscaux-pour-les-vehicules-phev-stimule-la-demande-de-cables-de-recharge-ohme-go\/","url":"https:\/\/ohme-ev.com\/be-fr\/espace-presse\/l-annonce-de-la-prolongation-des-avantages-fiscaux-pour-les-vehicules-phev-stimule-la-demande-de-cables-de-recharge-ohme-go\/","name":"L'annonce de la prolongation des avantages fiscaux pour les v\u00e9hicules PHEV stimule la demande de c\u00e2bles de recharge Ohme Go - Ohme EV Belgique","isPartOf":{"@id":"https:\/\/ohme-ev.com\/be-fr\/#website"},"primaryImageOfPage":{"@id":"https:\/\/ohme-ev.com\/be-fr\/espace-presse\/l-annonce-de-la-prolongation-des-avantages-fiscaux-pour-les-vehicules-phev-stimule-la-demande-de-cables-de-recharge-ohme-go\/#primaryimage"},"image":{"@id":"https:\/\/ohme-ev.com\/be-fr\/espace-presse\/l-annonce-de-la-prolongation-des-avantages-fiscaux-pour-les-vehicules-phev-stimule-la-demande-de-cables-de-recharge-ohme-go\/#primaryimage"},"thumbnailUrl":"https:\/\/ohme-ev.com\/be-fr\/wp-content\/uploads\/sites\/19\/2025\/02\/Ohme-Go-small.webp","datePublished":"2025-02-26T05:00:00+00:00","description":"L'extension des all\u00e8gements fiscaux pour les VEHR, annonc\u00e9e dans l'accord de coalition, entra\u00eene une stimulation de la demande de c\u00e2bles de recharge Ohme Go.","breadcrumb":{"@id":"https:\/\/ohme-ev.com\/be-fr\/espace-presse\/l-annonce-de-la-prolongation-des-avantages-fiscaux-pour-les-vehicules-phev-stimule-la-demande-de-cables-de-recharge-ohme-go\/#breadcrumb"},"inLanguage":"fr-be","potentialAction":[{"@type":"ReadAction","target":["https:\/\/ohme-ev.com\/be-fr\/espace-presse\/l-annonce-de-la-prolongation-des-avantages-fiscaux-pour-les-vehicules-phev-stimule-la-demande-de-cables-de-recharge-ohme-go\/"]}]},{"@type":"ImageObject","inLanguage":"fr-be","@id":"https:\/\/ohme-ev.com\/be-fr\/espace-presse\/l-annonce-de-la-prolongation-des-avantages-fiscaux-pour-les-vehicules-phev-stimule-la-demande-de-cables-de-recharge-ohme-go\/#primaryimage","url":"https:\/\/ohme-ev.com\/be-fr\/wp-content\/uploads\/sites\/19\/2025\/02\/Ohme-Go-small.webp","contentUrl":"https:\/\/ohme-ev.com\/be-fr\/wp-content\/uploads\/sites\/19\/2025\/02\/Ohme-Go-small.webp","width":1762,"height":1175},{"@type":"BreadcrumbList","@id":"https:\/\/ohme-ev.com\/be-fr\/espace-presse\/l-annonce-de-la-prolongation-des-avantages-fiscaux-pour-les-vehicules-phev-stimule-la-demande-de-cables-de-recharge-ohme-go\/#breadcrumb","itemListElement":[{"@type":"ListItem","position":1,"name":"Home","item":"https:\/\/ohme-ev.com\/be-fr\/"},{"@type":"ListItem","position":2,"name":"L&#8217;annonce de la prolongation des avantages fiscaux pour les v\u00e9hicules PHEV stimule la demande de c\u00e2bles de recharge Ohme Go"}]},{"@type":"WebSite","@id":"https:\/\/ohme-ev.com\/be-fr\/#website","url":"https:\/\/ohme-ev.com\/be-fr\/","name":"Ohme EV Belgique","description":"Ohme - EV Smart Charging Solutions","potentialAction":[{"@type":"SearchAction","target":{"@type":"EntryPoint","urlTemplate":"https:\/\/ohme-ev.com\/be-fr\/?s={search_term_string}"},"query-input":{"@type":"PropertyValueSpecification","valueRequired":true,"valueName":"search_term_string"}}],"inLanguage":"fr-be"}]}},"_links":{"self":[{"href":"https:\/\/ohme-ev.com\/be-fr\/wp-json\/wp\/v2\/news-and-press\/4556","targetHints":{"allow":["GET"]}}],"collection":[{"href":"https:\/\/ohme-ev.com\/be-fr\/wp-json\/wp\/v2\/news-and-press"}],"about":[{"href":"https:\/\/ohme-ev.com\/be-fr\/wp-json\/wp\/v2\/types\/news-and-press"}],"wp:featuredmedia":[{"embeddable":true,"href":"https:\/\/ohme-ev.com\/be-fr\/wp-json\/wp\/v2\/media\/4558"}],"wp:attachment":[{"href":"https:\/\/ohme-ev.com\/be-fr\/wp-json\/wp\/v2\/media?parent=4556"}],"curies":[{"name":"wp","href":"https:\/\/api.w.org\/{rel}","templated":true}]}}