{"id":2647,"date":"2024-09-04T04:00:00","date_gmt":"2024-09-04T04:00:00","guid":{"rendered":"https:\/\/ohme-ev.com\/be-fr\/?post_type=news-and-press&#038;p=2647"},"modified":"2024-09-02T13:51:22","modified_gmt":"2024-09-02T13:51:22","slug":"ohme-partenariat-carbomat","status":"publish","type":"news-and-press","link":"https:\/\/ohme-ev.com\/be-fr\/espace-presse\/ohme-partenariat-carbomat\/","title":{"rendered":"Ohme signe un nouveau partenariat avec Carbomat"},"content":{"rendered":"\n<p>Le fabricant de solutions de recharge intelligente pour v\u00e9hicules \u00e9lectriques Ohme annonce une nouvelle collaboration commerciale avec Carbomat, l&#8217;un des principaux grossistes pour les professionnels en mat\u00e9riel \u00e9lectrique de Belgique.<\/p>\n\n\n\n<p>Ce nouveau partenariat permettra \u00e0 Carbomat d&#8217;offrir le Home Pro d&#8217;Ohme, une borne de recharge pour v\u00e9hicules \u00e9lectriques prim\u00e9e, comme l&#8217;un de ses chargeurs pr\u00e9f\u00e9r\u00e9s.<\/p>\n\n\n\n<p>&#8220;Nous sommes ravis d\u2019ajouter le chargeur Home Pro d&#8217;Ohme dans la gamme&#8221;, a d\u00e9clar\u00e9 Maarten Devill\u00e9 de chez Carbomat. &#8220;La technologie de charge dynamique d&#8217;Ohme pour les v\u00e9hicules \u00e9lectriques est parmi les meilleures du march\u00e9, il est donc formidable de pouvoir la proposer \u00e0 nos clients.&#8221;<\/p>\n\n\n\n<p>&#8220;Carbomat est l&#8217;un des grossistes en mat\u00e9riel \u00e9lectrique les plus reconnus en Belgique. Ce nouveau partenariat permettra de rendre le Home Pro accessible \u00e0 un nombre encore plus large d&#8217;acheteurs&#8221;, a d\u00e9clar\u00e9 Pieter Van der Auwermeulen d&#8217;Ohme Belgique. &#8220;En tant qu&#8217;entreprise familiale dot\u00e9e d\u2019une solide r\u00e9putation pour son service client et la formation des installateurs, Carbomat et Ohme s\u2019associent naturellement pour une collaboration commerciale prometteuse.&#8221;<\/p>\n\n\n\n<p>Gr\u00e2ce \u00e0 son logiciel innovant et \u00e0 la technologie avanc\u00e9e du chargeur Home Pro, Ohme offre une compatibilit\u00e9 avec tous les tarifs \u00e9lectriques du march\u00e9. L\u2019int\u00e9gration des tarifs dynamiques, l\u2019API du v\u00e9hicule et l\u2019\u00e9quilibrage de charge int\u00e9gr\u00e9 permettent au Home Pro de garantir aux d\u00e9tenteurs de v\u00e9hicules \u00e9lectriques une adaptation imm\u00e9diate aux tarifications \u00e9nerg\u00e9tiques en Belgique, tout en maximisant les avantages des p\u00e9riodes de tarifs r\u00e9duits en heures creuses.<\/p>\n\n\n\n<p>Charger une Volkswagen ID. Buzz avec une batterie de 77 kWh \u00e0 pleine charge avec une borne de recharge intelligente Ohme sur un tarif hors pointe tel que Frank Energie Variabel, pourrait co\u00fbter juste 9,10 \u20ac*<\/p>\n\n\n\n<p>Ohme est le fournisseur officiel de chargeurs pour le groupe Volkswagen et Polestar au Royaume-Uni et en Irlande ainsi que pour Mercedes-Benz et Hyundai au Royaume-Uni et pour Volvo Cars en Irlande. Ohme a \u00e9galement \u00e9t\u00e9 nomm\u00e9 meilleur fabricant de bornes de recharge lors des Irish EV Awards 2024.<\/p>\n\n\n\n<ul class=\"wp-block-list\">\n<li>Frank Energie Variabel \u00e0 11,82c\/kWh<\/li>\n<\/ul>\n","protected":false},"featured_media":2649,"template":"","class_list":["post-2647","news-and-press","type-news-and-press","status-publish","has-post-thumbnail","hentry"],"acf":[],"yoast_head":"<!-- This site is optimized with the Yoast SEO Premium plugin v27.4 (Yoast SEO v27.4) - https:\/\/yoast.com\/product\/yoast-seo-premium-wordpress\/ -->\n<title>Ohme signe un nouveau partenariat avec Carbomat - Ohme EV Belgique<\/title>\n<meta name=\"description\" content=\"Le fabricant de solutions de recharge intelligente pour v\u00e9hicules \u00e9lectriques Ohme annonce une nouvelle collaboration commerciale avec Carbomat, l&#039;un des principaux grossistes pour les professionnels en mat\u00e9riel \u00e9lectrique de Belgique.\" \/>\n<meta name=\"robots\" content=\"index, follow, max-snippet:-1, max-image-preview:large, max-video-preview:-1\" \/>\n<link rel=\"canonical\" href=\"https:\/\/ohme-ev.com\/be-fr\/espace-presse\/ohme-partenariat-carbomat\/\" \/>\n<meta property=\"og:locale\" content=\"fr_FR\" \/>\n<meta property=\"og:type\" content=\"article\" \/>\n<meta property=\"og:title\" content=\"Ohme signe un nouveau partenariat avec Carbomat\" \/>\n<meta property=\"og:description\" content=\"Le fabricant de solutions de recharge intelligente pour v\u00e9hicules \u00e9lectriques Ohme annonce une nouvelle collaboration commerciale avec Carbomat, l&#039;un des principaux grossistes pour les professionnels en mat\u00e9riel \u00e9lectrique de Belgique.\" \/>\n<meta property=\"og:url\" content=\"https:\/\/ohme-ev.com\/be-fr\/espace-presse\/ohme-partenariat-carbomat\/\" \/>\n<meta property=\"og:site_name\" content=\"Ohme EV Belgique\" \/>\n<meta property=\"article:publisher\" content=\"https:\/\/www.facebook.com\/OhmeEV\/\" \/>\n<meta property=\"og:image\" content=\"https:\/\/ohme-ev.com\/be-fr\/wp-content\/uploads\/sites\/19\/2024\/09\/ezgif-5-d14ea6d070.webp\" \/>\n\t<meta property=\"og:image:width\" content=\"1536\" \/>\n\t<meta property=\"og:image:height\" content=\"1025\" \/>\n\t<meta property=\"og:image:type\" content=\"image\/webp\" \/>\n<meta name=\"twitter:card\" content=\"summary_large_image\" \/>\n<meta name=\"twitter:site\" content=\"@ohmeev\" \/>\n<meta name=\"twitter:label1\" content=\"Est. reading time\" \/>\n\t<meta name=\"twitter:data1\" content=\"2 minutes\" \/>\n<script type=\"application\/ld+json\" class=\"yoast-schema-graph\">{\"@context\":\"https:\\\/\\\/schema.org\",\"@graph\":[{\"@type\":\"WebPage\",\"@id\":\"https:\\\/\\\/ohme-ev.com\\\/be-fr\\\/espace-presse\\\/ohme-partenariat-carbomat\\\/\",\"url\":\"https:\\\/\\\/ohme-ev.com\\\/be-fr\\\/espace-presse\\\/ohme-partenariat-carbomat\\\/\",\"name\":\"Ohme signe un nouveau partenariat avec Carbomat - Ohme EV Belgique\",\"isPartOf\":{\"@id\":\"https:\\\/\\\/ohme-ev.com\\\/be-fr\\\/#website\"},\"primaryImageOfPage\":{\"@id\":\"https:\\\/\\\/ohme-ev.com\\\/be-fr\\\/espace-presse\\\/ohme-partenariat-carbomat\\\/#primaryimage\"},\"image\":{\"@id\":\"https:\\\/\\\/ohme-ev.com\\\/be-fr\\\/espace-presse\\\/ohme-partenariat-carbomat\\\/#primaryimage\"},\"thumbnailUrl\":\"https:\\\/\\\/ohme-ev.com\\\/be-fr\\\/wp-content\\\/uploads\\\/sites\\\/19\\\/2024\\\/09\\\/ezgif-5-d14ea6d070.webp\",\"datePublished\":\"2024-09-04T04:00:00+00:00\",\"description\":\"Le fabricant de solutions de recharge intelligente pour v\u00e9hicules \u00e9lectriques Ohme annonce une nouvelle collaboration commerciale avec Carbomat, l'un des principaux grossistes pour les professionnels en mat\u00e9riel \u00e9lectrique de Belgique.\",\"breadcrumb\":{\"@id\":\"https:\\\/\\\/ohme-ev.com\\\/be-fr\\\/espace-presse\\\/ohme-partenariat-carbomat\\\/#breadcrumb\"},\"inLanguage\":\"fr-be\",\"potentialAction\":[{\"@type\":\"ReadAction\",\"target\":[\"https:\\\/\\\/ohme-ev.com\\\/be-fr\\\/espace-presse\\\/ohme-partenariat-carbomat\\\/\"]}]},{\"@type\":\"ImageObject\",\"inLanguage\":\"fr-be\",\"@id\":\"https:\\\/\\\/ohme-ev.com\\\/be-fr\\\/espace-presse\\\/ohme-partenariat-carbomat\\\/#primaryimage\",\"url\":\"https:\\\/\\\/ohme-ev.com\\\/be-fr\\\/wp-content\\\/uploads\\\/sites\\\/19\\\/2024\\\/09\\\/ezgif-5-d14ea6d070.webp\",\"contentUrl\":\"https:\\\/\\\/ohme-ev.com\\\/be-fr\\\/wp-content\\\/uploads\\\/sites\\\/19\\\/2024\\\/09\\\/ezgif-5-d14ea6d070.webp\",\"width\":1536,\"height\":1025},{\"@type\":\"BreadcrumbList\",\"@id\":\"https:\\\/\\\/ohme-ev.com\\\/be-fr\\\/espace-presse\\\/ohme-partenariat-carbomat\\\/#breadcrumb\",\"itemListElement\":[{\"@type\":\"ListItem\",\"position\":1,\"name\":\"Home\",\"item\":\"https:\\\/\\\/ohme-ev.com\\\/be-fr\\\/\"},{\"@type\":\"ListItem\",\"position\":2,\"name\":\"Ohme signe un nouveau partenariat avec Carbomat\"}]},{\"@type\":\"WebSite\",\"@id\":\"https:\\\/\\\/ohme-ev.com\\\/be-fr\\\/#website\",\"url\":\"https:\\\/\\\/ohme-ev.com\\\/be-fr\\\/\",\"name\":\"Ohme EV Belgique\",\"description\":\"Ohme - EV Smart Charging Solutions\",\"potentialAction\":[{\"@type\":\"SearchAction\",\"target\":{\"@type\":\"EntryPoint\",\"urlTemplate\":\"https:\\\/\\\/ohme-ev.com\\\/be-fr\\\/?s={search_term_string}\"},\"query-input\":{\"@type\":\"PropertyValueSpecification\",\"valueRequired\":true,\"valueName\":\"search_term_string\"}}],\"inLanguage\":\"fr-be\"}]}<\/script>\n<!-- \/ Yoast SEO Premium plugin. -->","yoast_head_json":{"title":"Ohme signe un nouveau partenariat avec Carbomat - Ohme EV Belgique","description":"Le fabricant de solutions de recharge intelligente pour v\u00e9hicules \u00e9lectriques Ohme annonce une nouvelle collaboration commerciale avec Carbomat, l'un des principaux grossistes pour les professionnels en mat\u00e9riel \u00e9lectrique de Belgique.","robots":{"index":"index","follow":"follow","max-snippet":"max-snippet:-1","max-image-preview":"max-image-preview:large","max-video-preview":"max-video-preview:-1"},"canonical":"https:\/\/ohme-ev.com\/be-fr\/espace-presse\/ohme-partenariat-carbomat\/","og_locale":"fr_FR","og_type":"article","og_title":"Ohme signe un nouveau partenariat avec Carbomat","og_description":"Le fabricant de solutions de recharge intelligente pour v\u00e9hicules \u00e9lectriques Ohme annonce une nouvelle collaboration commerciale avec Carbomat, l'un des principaux grossistes pour les professionnels en mat\u00e9riel \u00e9lectrique de Belgique.","og_url":"https:\/\/ohme-ev.com\/be-fr\/espace-presse\/ohme-partenariat-carbomat\/","og_site_name":"Ohme EV Belgique","article_publisher":"https:\/\/www.facebook.com\/OhmeEV\/","og_image":[{"width":1536,"height":1025,"url":"https:\/\/ohme-ev.com\/be-fr\/wp-content\/uploads\/sites\/19\/2024\/09\/ezgif-5-d14ea6d070.webp","type":"image\/webp"}],"twitter_card":"summary_large_image","twitter_site":"@ohmeev","twitter_misc":{"Est. reading time":"2 minutes"},"schema":{"@context":"https:\/\/schema.org","@graph":[{"@type":"WebPage","@id":"https:\/\/ohme-ev.com\/be-fr\/espace-presse\/ohme-partenariat-carbomat\/","url":"https:\/\/ohme-ev.com\/be-fr\/espace-presse\/ohme-partenariat-carbomat\/","name":"Ohme signe un nouveau partenariat avec Carbomat - Ohme EV Belgique","isPartOf":{"@id":"https:\/\/ohme-ev.com\/be-fr\/#website"},"primaryImageOfPage":{"@id":"https:\/\/ohme-ev.com\/be-fr\/espace-presse\/ohme-partenariat-carbomat\/#primaryimage"},"image":{"@id":"https:\/\/ohme-ev.com\/be-fr\/espace-presse\/ohme-partenariat-carbomat\/#primaryimage"},"thumbnailUrl":"https:\/\/ohme-ev.com\/be-fr\/wp-content\/uploads\/sites\/19\/2024\/09\/ezgif-5-d14ea6d070.webp","datePublished":"2024-09-04T04:00:00+00:00","description":"Le fabricant de solutions de recharge intelligente pour v\u00e9hicules \u00e9lectriques Ohme annonce une nouvelle collaboration commerciale avec Carbomat, l'un des principaux grossistes pour les professionnels en mat\u00e9riel \u00e9lectrique de Belgique.","breadcrumb":{"@id":"https:\/\/ohme-ev.com\/be-fr\/espace-presse\/ohme-partenariat-carbomat\/#breadcrumb"},"inLanguage":"fr-be","potentialAction":[{"@type":"ReadAction","target":["https:\/\/ohme-ev.com\/be-fr\/espace-presse\/ohme-partenariat-carbomat\/"]}]},{"@type":"ImageObject","inLanguage":"fr-be","@id":"https:\/\/ohme-ev.com\/be-fr\/espace-presse\/ohme-partenariat-carbomat\/#primaryimage","url":"https:\/\/ohme-ev.com\/be-fr\/wp-content\/uploads\/sites\/19\/2024\/09\/ezgif-5-d14ea6d070.webp","contentUrl":"https:\/\/ohme-ev.com\/be-fr\/wp-content\/uploads\/sites\/19\/2024\/09\/ezgif-5-d14ea6d070.webp","width":1536,"height":1025},{"@type":"BreadcrumbList","@id":"https:\/\/ohme-ev.com\/be-fr\/espace-presse\/ohme-partenariat-carbomat\/#breadcrumb","itemListElement":[{"@type":"ListItem","position":1,"name":"Home","item":"https:\/\/ohme-ev.com\/be-fr\/"},{"@type":"ListItem","position":2,"name":"Ohme signe un nouveau partenariat avec Carbomat"}]},{"@type":"WebSite","@id":"https:\/\/ohme-ev.com\/be-fr\/#website","url":"https:\/\/ohme-ev.com\/be-fr\/","name":"Ohme EV Belgique","description":"Ohme - EV Smart Charging Solutions","potentialAction":[{"@type":"SearchAction","target":{"@type":"EntryPoint","urlTemplate":"https:\/\/ohme-ev.com\/be-fr\/?s={search_term_string}"},"query-input":{"@type":"PropertyValueSpecification","valueRequired":true,"valueName":"search_term_string"}}],"inLanguage":"fr-be"}]}},"_links":{"self":[{"href":"https:\/\/ohme-ev.com\/be-fr\/wp-json\/wp\/v2\/news-and-press\/2647","targetHints":{"allow":["GET"]}}],"collection":[{"href":"https:\/\/ohme-ev.com\/be-fr\/wp-json\/wp\/v2\/news-and-press"}],"about":[{"href":"https:\/\/ohme-ev.com\/be-fr\/wp-json\/wp\/v2\/types\/news-and-press"}],"wp:featuredmedia":[{"embeddable":true,"href":"https:\/\/ohme-ev.com\/be-fr\/wp-json\/wp\/v2\/media\/2649"}],"wp:attachment":[{"href":"https:\/\/ohme-ev.com\/be-fr\/wp-json\/wp\/v2\/media?parent=2647"}],"curies":[{"name":"wp","href":"https:\/\/api.w.org\/{rel}","templated":true}]}}