{"id":2589,"date":"2024-07-22T04:22:00","date_gmt":"2024-07-22T04:22:00","guid":{"rendered":"https:\/\/ohme-ev.com\/be-fr\/?post_type=news-and-press&#038;p=2589"},"modified":"2024-07-30T14:06:18","modified_gmt":"2024-07-30T14:06:18","slug":"integre-la-tarification-dynamique","status":"publish","type":"news-and-press","link":"https:\/\/ohme-ev.com\/be-fr\/espace-presse\/integre-la-tarification-dynamique\/","title":{"rendered":"Achetez un chargeur de v\u00e9hicule \u00e9lectrique qui int\u00e8gre la tarification dynamique si vous souhaitez faire des \u00e9conomies, pr\u00e9vient Ohme"},"content":{"rendered":"\n<p>Quiconque \u00e0 la recherche d&#8217;une solution de recharge pour v\u00e9hicule \u00e9lectrique devrait s&#8217;assurer qu&#8217;il est compatible avec la tarification dynamique, pr\u00e9vient Ohme.<\/p>\n\n\n\n<p>Les fournisseurs d&#8217;\u00e9nergie cherchent de plus en plus \u00e0 offrir des tarifs \u00e9nerg\u00e9tiques plus flexibles, auxquels les bornes de recharge de v\u00e9hicules \u00e9lectriques devront \u00eatre en mesure de s\u2019adapter. Cette technologie permettra aux conducteurs de d\u00e9caler leurs heures de recharge \u00e0 des p\u00e9riodes o\u00f9 les tarifs sont plus avantageux et la production d&#8217;\u00e9nergie renouvelable plus abondante.<\/p>\n\n\n\n<p>Heureusement, toute personne achetant une solution de recharge Ohme sait que ces innovations futures ou en cours de d\u00e9ploiement sont d\u00e9j\u00e0 int\u00e9gr\u00e9es dans le pilotage des sessions. Avec leur logiciel et technologie uniques, les chargeurs d&#8217;Ohme peuvent s&#8217;int\u00e9grer avec n&#8217;importe quel tarif du march\u00e9, quelle que soit sa flexibilit\u00e9, offrant ainsi aux propri\u00e9taires d&#8217;Ohme l\u2019assurance qu&#8217;ils seront pr\u00eats pour les nouveaux tarifs \u00e0 l&#8217;avenir.<\/p>\n\n\n\n<p>&#8220;Jusqu&#8217;\u00e0 ce qu&#8217;ils ach\u00e8tent un v\u00e9hicule \u00e9lectrique, de nombreux conducteurs ne sont probablement pas conscients de la grande variation des prix dans les tarifs \u00e9lectriques,&#8221; a d\u00e9clar\u00e9 Pieter Van der Auwermeulen d&#8217;Ohme Belgique. &#8220;C\u2019est regrettable car la tarification dynamique permet de r\u00e9aliser des \u00e9conomies consid\u00e9rables sur le co\u00fbt de fonctionnement des v\u00e9hicules \u00e9lectriques. Les conducteurs ont tout int\u00e9r\u00eat \u00e0 se montrer responsable dans le choix de leur solution de recharge, en veillant \u00e0 ce qu\u2019elle int\u00e8gre la technologie de tarification dynamique, quel que soit le tarif les concernant, comme le propose Ohme.\u00a0&#8221;\u00a0<\/p>\n\n\n\n<p>En plus de son int\u00e9gration de tarif dynamique, la combinaison de l&#8217;int\u00e9gration de l&#8217;API de la voiture et de l&#8217;\u00e9quilibrage de charge int\u00e9gr\u00e9 du Ohme Home Pro plaira s\u00fbrement \u00e0 ceux qui passent \u00e0 un v\u00e9hicule \u00e9lectrique pour la premi\u00e8re fois.<\/p>\n\n\n\n<p>La technologie de charge intelligente des chargeurs Ohme peut se connecter au r\u00e9seau national en temps r\u00e9el et ajuster automatiquement sa charge pour que les conducteurs profitent de tous les moments de charge \u00e0 bas prix avec des tarifs hors pointe.<\/p>\n\n\n\n<p>Charger une Volkswagen ID. Buzz avec une batterie de 77kWh \u00e0 pleine charge avec un chargeur intelligent dynamique Ohme sur un tarif hors pointe tel que Frank Energie Variabel, pourrait co\u00fbter seulement 9,10 \u20ac*<\/p>\n\n\n\n<p>Ohme est le fournisseur officiel de chargeurs pour le groupe Volkswagen et Polestar au Royaume-Uni et en Irlande ainsi que pour Mercedes-Benz et Hyundai au Royaume-Uni et pour Volvo Cars en Irlande. Ohme a \u00e9galement \u00e9t\u00e9 nomm\u00e9 Meilleur Fabricant de Points de Charge aux Irish EV Awards 2024.<\/p>\n\n\n\n<p>* Frank Energie Variabel at 11.82c\/kWh<\/p>\n","protected":false},"featured_media":2590,"template":"","class_list":["post-2589","news-and-press","type-news-and-press","status-publish","has-post-thumbnail","hentry"],"acf":[],"yoast_head":"<!-- This site is optimized with the Yoast SEO Premium plugin v27.4 (Yoast SEO v27.4) - https:\/\/yoast.com\/product\/yoast-seo-premium-wordpress\/ -->\n<title>Achetez un chargeur de v\u00e9hicule \u00e9lectrique qui int\u00e8gre la tarification dynamique si vous souhaitez faire des \u00e9conomies, pr\u00e9vient Ohme - Ohme EV Belgique<\/title>\n<meta name=\"description\" content=\"Quiconque \u00e0 la recherche d&#039;une solution de recharge pour v\u00e9hicule \u00e9lectrique devrait s&#039;assurer qu&#039;il est compatible avec la tarification dynamique, pr\u00e9vient Ohme\" \/>\n<meta name=\"robots\" content=\"index, follow, max-snippet:-1, max-image-preview:large, max-video-preview:-1\" \/>\n<link rel=\"canonical\" href=\"https:\/\/ohme-ev.com\/be-fr\/espace-presse\/integre-la-tarification-dynamique\/\" \/>\n<meta property=\"og:locale\" content=\"fr_FR\" \/>\n<meta property=\"og:type\" content=\"article\" \/>\n<meta property=\"og:title\" content=\"Achetez un chargeur de v\u00e9hicule \u00e9lectrique qui int\u00e8gre la tarification dynamique si vous souhaitez faire des \u00e9conomies, pr\u00e9vient Ohme\" \/>\n<meta property=\"og:description\" content=\"Quiconque \u00e0 la recherche d&#039;une solution de recharge pour v\u00e9hicule \u00e9lectrique devrait s&#039;assurer qu&#039;il est compatible avec la tarification dynamique, pr\u00e9vient Ohme\" \/>\n<meta property=\"og:url\" content=\"https:\/\/ohme-ev.com\/be-fr\/espace-presse\/integre-la-tarification-dynamique\/\" \/>\n<meta property=\"og:site_name\" content=\"Ohme EV Belgique\" \/>\n<meta property=\"article:publisher\" content=\"https:\/\/www.facebook.com\/OhmeEV\/\" \/>\n<meta property=\"article:modified_time\" content=\"2024-07-30T14:06:18+00:00\" \/>\n<meta property=\"og:image\" content=\"https:\/\/ohme-ev.com\/be-fr\/wp-content\/uploads\/sites\/19\/2024\/07\/ezgif-7-da1674dbc2.webp\" \/>\n\t<meta property=\"og:image:width\" content=\"1600\" \/>\n\t<meta property=\"og:image:height\" content=\"900\" \/>\n\t<meta property=\"og:image:type\" content=\"image\/webp\" \/>\n<meta name=\"twitter:card\" content=\"summary_large_image\" \/>\n<meta name=\"twitter:site\" content=\"@ohmeev\" \/>\n<meta name=\"twitter:label1\" content=\"Est. reading time\" \/>\n\t<meta name=\"twitter:data1\" content=\"2 minutes\" \/>\n<script type=\"application\/ld+json\" class=\"yoast-schema-graph\">{\"@context\":\"https:\\\/\\\/schema.org\",\"@graph\":[{\"@type\":\"WebPage\",\"@id\":\"https:\\\/\\\/ohme-ev.com\\\/be-fr\\\/espace-presse\\\/integre-la-tarification-dynamique\\\/\",\"url\":\"https:\\\/\\\/ohme-ev.com\\\/be-fr\\\/espace-presse\\\/integre-la-tarification-dynamique\\\/\",\"name\":\"Achetez un chargeur de v\u00e9hicule \u00e9lectrique qui int\u00e8gre la tarification dynamique si vous souhaitez faire des \u00e9conomies, pr\u00e9vient Ohme - Ohme EV Belgique\",\"isPartOf\":{\"@id\":\"https:\\\/\\\/ohme-ev.com\\\/be-fr\\\/#website\"},\"primaryImageOfPage\":{\"@id\":\"https:\\\/\\\/ohme-ev.com\\\/be-fr\\\/espace-presse\\\/integre-la-tarification-dynamique\\\/#primaryimage\"},\"image\":{\"@id\":\"https:\\\/\\\/ohme-ev.com\\\/be-fr\\\/espace-presse\\\/integre-la-tarification-dynamique\\\/#primaryimage\"},\"thumbnailUrl\":\"https:\\\/\\\/ohme-ev.com\\\/be-fr\\\/wp-content\\\/uploads\\\/sites\\\/19\\\/2024\\\/07\\\/ezgif-7-da1674dbc2.webp\",\"datePublished\":\"2024-07-22T04:22:00+00:00\",\"dateModified\":\"2024-07-30T14:06:18+00:00\",\"description\":\"Quiconque \u00e0 la recherche d'une solution de recharge pour v\u00e9hicule \u00e9lectrique devrait s'assurer qu'il est compatible avec la tarification dynamique, pr\u00e9vient Ohme\",\"breadcrumb\":{\"@id\":\"https:\\\/\\\/ohme-ev.com\\\/be-fr\\\/espace-presse\\\/integre-la-tarification-dynamique\\\/#breadcrumb\"},\"inLanguage\":\"fr-be\",\"potentialAction\":[{\"@type\":\"ReadAction\",\"target\":[\"https:\\\/\\\/ohme-ev.com\\\/be-fr\\\/espace-presse\\\/integre-la-tarification-dynamique\\\/\"]}]},{\"@type\":\"ImageObject\",\"inLanguage\":\"fr-be\",\"@id\":\"https:\\\/\\\/ohme-ev.com\\\/be-fr\\\/espace-presse\\\/integre-la-tarification-dynamique\\\/#primaryimage\",\"url\":\"https:\\\/\\\/ohme-ev.com\\\/be-fr\\\/wp-content\\\/uploads\\\/sites\\\/19\\\/2024\\\/07\\\/ezgif-7-da1674dbc2.webp\",\"contentUrl\":\"https:\\\/\\\/ohme-ev.com\\\/be-fr\\\/wp-content\\\/uploads\\\/sites\\\/19\\\/2024\\\/07\\\/ezgif-7-da1674dbc2.webp\",\"width\":1600,\"height\":900},{\"@type\":\"BreadcrumbList\",\"@id\":\"https:\\\/\\\/ohme-ev.com\\\/be-fr\\\/espace-presse\\\/integre-la-tarification-dynamique\\\/#breadcrumb\",\"itemListElement\":[{\"@type\":\"ListItem\",\"position\":1,\"name\":\"Home\",\"item\":\"https:\\\/\\\/ohme-ev.com\\\/be-fr\\\/\"},{\"@type\":\"ListItem\",\"position\":2,\"name\":\"Achetez un chargeur de v\u00e9hicule \u00e9lectrique qui int\u00e8gre la tarification dynamique si vous souhaitez faire des \u00e9conomies, pr\u00e9vient Ohme\"}]},{\"@type\":\"WebSite\",\"@id\":\"https:\\\/\\\/ohme-ev.com\\\/be-fr\\\/#website\",\"url\":\"https:\\\/\\\/ohme-ev.com\\\/be-fr\\\/\",\"name\":\"Ohme EV Belgique\",\"description\":\"Ohme - EV Smart Charging Solutions\",\"potentialAction\":[{\"@type\":\"SearchAction\",\"target\":{\"@type\":\"EntryPoint\",\"urlTemplate\":\"https:\\\/\\\/ohme-ev.com\\\/be-fr\\\/?s={search_term_string}\"},\"query-input\":{\"@type\":\"PropertyValueSpecification\",\"valueRequired\":true,\"valueName\":\"search_term_string\"}}],\"inLanguage\":\"fr-be\"}]}<\/script>\n<!-- \/ Yoast SEO Premium plugin. -->","yoast_head_json":{"title":"Achetez un chargeur de v\u00e9hicule \u00e9lectrique qui int\u00e8gre la tarification dynamique si vous souhaitez faire des \u00e9conomies, pr\u00e9vient Ohme - Ohme EV Belgique","description":"Quiconque \u00e0 la recherche d'une solution de recharge pour v\u00e9hicule \u00e9lectrique devrait s'assurer qu'il est compatible avec la tarification dynamique, pr\u00e9vient Ohme","robots":{"index":"index","follow":"follow","max-snippet":"max-snippet:-1","max-image-preview":"max-image-preview:large","max-video-preview":"max-video-preview:-1"},"canonical":"https:\/\/ohme-ev.com\/be-fr\/espace-presse\/integre-la-tarification-dynamique\/","og_locale":"fr_FR","og_type":"article","og_title":"Achetez un chargeur de v\u00e9hicule \u00e9lectrique qui int\u00e8gre la tarification dynamique si vous souhaitez faire des \u00e9conomies, pr\u00e9vient Ohme","og_description":"Quiconque \u00e0 la recherche d'une solution de recharge pour v\u00e9hicule \u00e9lectrique devrait s'assurer qu'il est compatible avec la tarification dynamique, pr\u00e9vient Ohme","og_url":"https:\/\/ohme-ev.com\/be-fr\/espace-presse\/integre-la-tarification-dynamique\/","og_site_name":"Ohme EV Belgique","article_publisher":"https:\/\/www.facebook.com\/OhmeEV\/","article_modified_time":"2024-07-30T14:06:18+00:00","og_image":[{"width":1600,"height":900,"url":"https:\/\/ohme-ev.com\/be-fr\/wp-content\/uploads\/sites\/19\/2024\/07\/ezgif-7-da1674dbc2.webp","type":"image\/webp"}],"twitter_card":"summary_large_image","twitter_site":"@ohmeev","twitter_misc":{"Est. reading time":"2 minutes"},"schema":{"@context":"https:\/\/schema.org","@graph":[{"@type":"WebPage","@id":"https:\/\/ohme-ev.com\/be-fr\/espace-presse\/integre-la-tarification-dynamique\/","url":"https:\/\/ohme-ev.com\/be-fr\/espace-presse\/integre-la-tarification-dynamique\/","name":"Achetez un chargeur de v\u00e9hicule \u00e9lectrique qui int\u00e8gre la tarification dynamique si vous souhaitez faire des \u00e9conomies, pr\u00e9vient Ohme - Ohme EV Belgique","isPartOf":{"@id":"https:\/\/ohme-ev.com\/be-fr\/#website"},"primaryImageOfPage":{"@id":"https:\/\/ohme-ev.com\/be-fr\/espace-presse\/integre-la-tarification-dynamique\/#primaryimage"},"image":{"@id":"https:\/\/ohme-ev.com\/be-fr\/espace-presse\/integre-la-tarification-dynamique\/#primaryimage"},"thumbnailUrl":"https:\/\/ohme-ev.com\/be-fr\/wp-content\/uploads\/sites\/19\/2024\/07\/ezgif-7-da1674dbc2.webp","datePublished":"2024-07-22T04:22:00+00:00","dateModified":"2024-07-30T14:06:18+00:00","description":"Quiconque \u00e0 la recherche d'une solution de recharge pour v\u00e9hicule \u00e9lectrique devrait s'assurer qu'il est compatible avec la tarification dynamique, pr\u00e9vient Ohme","breadcrumb":{"@id":"https:\/\/ohme-ev.com\/be-fr\/espace-presse\/integre-la-tarification-dynamique\/#breadcrumb"},"inLanguage":"fr-be","potentialAction":[{"@type":"ReadAction","target":["https:\/\/ohme-ev.com\/be-fr\/espace-presse\/integre-la-tarification-dynamique\/"]}]},{"@type":"ImageObject","inLanguage":"fr-be","@id":"https:\/\/ohme-ev.com\/be-fr\/espace-presse\/integre-la-tarification-dynamique\/#primaryimage","url":"https:\/\/ohme-ev.com\/be-fr\/wp-content\/uploads\/sites\/19\/2024\/07\/ezgif-7-da1674dbc2.webp","contentUrl":"https:\/\/ohme-ev.com\/be-fr\/wp-content\/uploads\/sites\/19\/2024\/07\/ezgif-7-da1674dbc2.webp","width":1600,"height":900},{"@type":"BreadcrumbList","@id":"https:\/\/ohme-ev.com\/be-fr\/espace-presse\/integre-la-tarification-dynamique\/#breadcrumb","itemListElement":[{"@type":"ListItem","position":1,"name":"Home","item":"https:\/\/ohme-ev.com\/be-fr\/"},{"@type":"ListItem","position":2,"name":"Achetez un chargeur de v\u00e9hicule \u00e9lectrique qui int\u00e8gre la tarification dynamique si vous souhaitez faire des \u00e9conomies, pr\u00e9vient Ohme"}]},{"@type":"WebSite","@id":"https:\/\/ohme-ev.com\/be-fr\/#website","url":"https:\/\/ohme-ev.com\/be-fr\/","name":"Ohme EV Belgique","description":"Ohme - EV Smart Charging Solutions","potentialAction":[{"@type":"SearchAction","target":{"@type":"EntryPoint","urlTemplate":"https:\/\/ohme-ev.com\/be-fr\/?s={search_term_string}"},"query-input":{"@type":"PropertyValueSpecification","valueRequired":true,"valueName":"search_term_string"}}],"inLanguage":"fr-be"}]}},"_links":{"self":[{"href":"https:\/\/ohme-ev.com\/be-fr\/wp-json\/wp\/v2\/news-and-press\/2589","targetHints":{"allow":["GET"]}}],"collection":[{"href":"https:\/\/ohme-ev.com\/be-fr\/wp-json\/wp\/v2\/news-and-press"}],"about":[{"href":"https:\/\/ohme-ev.com\/be-fr\/wp-json\/wp\/v2\/types\/news-and-press"}],"wp:featuredmedia":[{"embeddable":true,"href":"https:\/\/ohme-ev.com\/be-fr\/wp-json\/wp\/v2\/media\/2590"}],"wp:attachment":[{"href":"https:\/\/ohme-ev.com\/be-fr\/wp-json\/wp\/v2\/media?parent=2589"}],"curies":[{"name":"wp","href":"https:\/\/api.w.org\/{rel}","templated":true}]}}